{"id":6941,"date":"2025-06-24T10:40:02","date_gmt":"2025-06-24T15:40:02","guid":{"rendered":"https:\/\/pornuestrolaredo.com\/?p=6941"},"modified":"2025-06-24T16:42:10","modified_gmt":"2025-06-24T21:42:10","slug":"aparece-andrea-el-primer-ciclon-del-atlantico","status":"publish","type":"post","link":"https:\/\/pornuestrolaredo.com\/?p=6941","title":{"rendered":"Aparece Andrea, el primer cicl\u00f3n del Atl\u00e1ntico"},"content":{"rendered":"<p>MIAMI.-  La tormenta tropical Andrea, la primera tormenta tropical de la temporada de huracanes en el Atl\u00e1ntico, se ha formado, inform\u00f3 el Centro Nacional de Huracanes el martes.<\/p>\n<p>Andrea se encontraba a mil 940 kil\u00f3metros (1.205 millas) al oeste de las Azores, seg\u00fan los meteor\u00f3logos. Los vientos m\u00e1ximos sostenidos eran de 65 km\/h (40 mph) y el cicl\u00f3n se desplazaba hacia el este-noreste a 28 km\/h (17 mph).<\/p>\n<p>La tormenta tropical est\u00e1 prevista a tener una corta duraci\u00f3n. Se debilitar\u00e1 el martes por la noche y se disipar\u00e1 para la noche del mi\u00e9rcoles seg\u00fan los expertos.<\/p>\n<p>No hab\u00eda vigilancias ni advertencias en efecto, y el centro de huracanes dijo que no hay peligros que afecten a tierra. Andrea, vaticinan los expertos, continuar\u00e1 movi\u00e9ndose hacia el este-noreste hasta el mi\u00e9rcoles.<\/p>\n","protected":false},"excerpt":{"rendered":"<p>Se ubica muy al norte y no representa ning\u00fan peligro para tierra; ser\u00e1 de muy corta duraci\u00f3n<\/p>\n","protected":false},"author":1,"featured_media":6955,"comment_status":"closed","ping_status":"closed","sticky":false,"template":"","format":"standard","meta":{"_crdt_document":"","_jetpack_memberships_contains_paid_content":false,"footnotes":"","jetpack_publicize_message":"","jetpack_publicize_feature_enabled":true,"jetpack_social_post_already_shared":true,"jetpack_social_options":{"image_generator_settings":{"template":"highway","default_image_id":0,"font":"","enabled":false},"version":2},"_wpas_customize_per_network":false},"categories":[9],"tags":[],"class_list":["post-6941","post","type-post","status-publish","format-standard","has-post-thumbnail","hentry","category-el-mundo"],"magazineBlocksPostFeaturedMedia":{"thumbnail":"https:\/\/pornuestrolaredo.com\/wp-content\/uploads\/2025\/06\/Stereo91-20250624-5-150x150.jpg","medium":"https:\/\/pornuestrolaredo.com\/wp-content\/uploads\/2025\/06\/Stereo91-20250624-5-300x117.jpg","medium_large":"https:\/\/pornuestrolaredo.com\/wp-content\/uploads\/2025\/06\/Stereo91-20250624-5-768x298.jpg","large":"https:\/\/pornuestrolaredo.com\/wp-content\/uploads\/2025\/06\/Stereo91-20250624-5-1000x388.jpg","1536x1536":"https:\/\/pornuestrolaredo.com\/wp-content\/uploads\/2025\/06\/Stereo91-20250624-5.jpg","2048x2048":"https:\/\/pornuestrolaredo.com\/wp-content\/uploads\/2025\/06\/Stereo91-20250624-5.jpg","morenews-large":"https:\/\/pornuestrolaredo.com\/wp-content\/uploads\/2025\/06\/Stereo91-20250624-5.jpg","morenews-medium":"https:\/\/pornuestrolaredo.com\/wp-content\/uploads\/2025\/06\/Stereo91-20250624-5.jpg"},"magazineBlocksPostAuthor":{"name":"Redactor","avatar":"https:\/\/pornuestrolaredo.com\/wp-content\/litespeed\/avatar\/dca1d7ec750c399f025f23b0b314f4cf.jpg?ver=1777612120"},"magazineBlocksPostCommentsNumber":false,"magazineBlocksPostExcerpt":"Se ubica muy al norte y no representa ning\u00fan peligro para tierra; ser\u00e1 de muy corta duraci\u00f3n","magazineBlocksPostCategories":["El Mundo"],"magazineBlocksPostViewCount":109,"magazineBlocksPostReadTime":1,"magazine_blocks_featured_image_url":{"full":["https:\/\/pornuestrolaredo.com\/wp-content\/uploads\/2025\/06\/Stereo91-20250624-5.jpg",1380,536,false],"medium":["https:\/\/pornuestrolaredo.com\/wp-content\/uploads\/2025\/06\/Stereo91-20250624-5-300x117.jpg",300,117,true],"thumbnail":["https:\/\/pornuestrolaredo.com\/wp-content\/uploads\/2025\/06\/Stereo91-20250624-5-150x150.jpg",150,150,true]},"magazine_blocks_author":{"display_name":"Redactor","author_link":"https:\/\/pornuestrolaredo.com\/?author=1"},"magazine_blocks_comment":0,"magazine_blocks_author_image":"https:\/\/pornuestrolaredo.com\/wp-content\/litespeed\/avatar\/dca1d7ec750c399f025f23b0b314f4cf.jpg?ver=1777612120","magazine_blocks_category":"<a href=\"#\" class=\"category-link category-link-9\">El Mundo<\/a>","jetpack_publicize_connections":[],"featured_image_urls":{"full":["https:\/\/pornuestrolaredo.com\/wp-content\/uploads\/2025\/06\/Stereo91-20250624-5.jpg",1380,536,false],"thumbnail":["https:\/\/pornuestrolaredo.com\/wp-content\/uploads\/2025\/06\/Stereo91-20250624-5-150x150.jpg",150,150,true],"medium":["https:\/\/pornuestrolaredo.com\/wp-content\/uploads\/2025\/06\/Stereo91-20250624-5-300x117.jpg",300,117,true],"medium_large":["https:\/\/pornuestrolaredo.com\/wp-content\/uploads\/2025\/06\/Stereo91-20250624-5-768x298.jpg",640,248,true],"large":["https:\/\/pornuestrolaredo.com\/wp-content\/uploads\/2025\/06\/Stereo91-20250624-5-1000x388.jpg",640,248,true],"1536x1536":["https:\/\/pornuestrolaredo.com\/wp-content\/uploads\/2025\/06\/Stereo91-20250624-5.jpg",1380,536,false],"2048x2048":["https:\/\/pornuestrolaredo.com\/wp-content\/uploads\/2025\/06\/Stereo91-20250624-5.jpg",1380,536,false],"morenews-large":["https:\/\/pornuestrolaredo.com\/wp-content\/uploads\/2025\/06\/Stereo91-20250624-5.jpg",825,320,false],"morenews-medium":["https:\/\/pornuestrolaredo.com\/wp-content\/uploads\/2025\/06\/Stereo91-20250624-5.jpg",590,229,false]},"author_info":{"info":["Redactor"]},"category_info":"<a href=\"https:\/\/pornuestrolaredo.com\/?cat=9\" rel=\"category\">El Mundo<\/a>","tag_info":"El Mundo","comment_count":"0","jetpack_featured_media_url":"https:\/\/pornuestrolaredo.com\/wp-content\/uploads\/2025\/06\/Stereo91-20250624-5.jpg","jetpack_sharing_enabled":true,"_links":{"self":[{"href":"https:\/\/pornuestrolaredo.com\/index.php?rest_route=\/wp\/v2\/posts\/6941","targetHints":{"allow":["GET"]}}],"collection":[{"href":"https:\/\/pornuestrolaredo.com\/index.php?rest_route=\/wp\/v2\/posts"}],"about":[{"href":"https:\/\/pornuestrolaredo.com\/index.php?rest_route=\/wp\/v2\/types\/post"}],"author":[{"embeddable":true,"href":"https:\/\/pornuestrolaredo.com\/index.php?rest_route=\/wp\/v2\/users\/1"}],"replies":[{"embeddable":true,"href":"https:\/\/pornuestrolaredo.com\/index.php?rest_route=%2Fwp%2Fv2%2Fcomments&post=6941"}],"version-history":[{"count":1,"href":"https:\/\/pornuestrolaredo.com\/index.php?rest_route=\/wp\/v2\/posts\/6941\/revisions"}],"predecessor-version":[{"id":6943,"href":"https:\/\/pornuestrolaredo.com\/index.php?rest_route=\/wp\/v2\/posts\/6941\/revisions\/6943"}],"wp:featuredmedia":[{"embeddable":true,"href":"https:\/\/pornuestrolaredo.com\/index.php?rest_route=\/wp\/v2\/media\/6955"}],"wp:attachment":[{"href":"https:\/\/pornuestrolaredo.com\/index.php?rest_route=%2Fwp%2Fv2%2Fmedia&parent=6941"}],"wp:term":[{"taxonomy":"category","embeddable":true,"href":"https:\/\/pornuestrolaredo.com\/index.php?rest_route=%2Fwp%2Fv2%2Fcategories&post=6941"},{"taxonomy":"post_tag","embeddable":true,"href":"https:\/\/pornuestrolaredo.com\/index.php?rest_route=%2Fwp%2Fv2%2Ftags&post=6941"}],"curies":[{"name":"wp","href":"https:\/\/api.w.org\/{rel}","templated":true}]}}