{"id":6947,"date":"2025-06-24T13:49:01","date_gmt":"2025-06-24T18:49:01","guid":{"rendered":"https:\/\/pornuestrolaredo.com\/?p=6947"},"modified":"2025-06-24T13:49:01","modified_gmt":"2025-06-24T18:49:01","slug":"lanzan-beca-para-estudiantes-destacados","status":"publish","type":"post","link":"https:\/\/pornuestrolaredo.com\/?p=6947","title":{"rendered":"Lanzan beca para estudiantes destacados"},"content":{"rendered":"<p><strong>NUEVO LAREDO.-<\/strong> \u00bfEres estudiante destacado? Hay una beca para ti.<\/p>\n<p>El Gobierno Municipal lanz\u00f3 la convocatoria para la Beca \u201cJuntos por la Excelencia Universitaria\u201d 2025, dirigida a estudiantes destacados de nivel superior y posgrado.<\/p>\n<p>La alcaldesa, Carmen Lilia Canturosas Villarreal, dijo que este apoyo es parte de las acciones de impulso a la educaci\u00f3n superior del Gobierno Municipal.<\/p>\n<p>Esta beca se suma a los apoyos ya otorgados en educaci\u00f3n b\u00e1sica, media y especial, y tiene como objetivo reconocer el esfuerzo, la constancia y el alto rendimiento acad\u00e9mico de j\u00f3venes universitarios neolaredenses.<\/p>\n<p>Podr\u00e1n aplicar estudiantes de universidades p\u00fablicas y privadas incorporadas a la Secretar\u00eda de Educaci\u00f3n P\u00fablica, tanto en Nuevo Laredo como en otras ciudades del pa\u00eds, siempre y cuando acrediten residencia oficial en esta ciudad.<\/p>\n<p>Entre los requisitos principales se encuentran; tener nacionalidad mexicana, cursar al menos cinco asignaturas (nivel superior) o dos (posgrado), contar con un promedio m\u00ednimo de 9.5 en el primer cuatrimestre o semestre del ciclo escolar 2024\u20132025.<\/p>\n<p>Adem\u00e1s, deber\u00e1n entregar documentos como; acta de nacimiento, constancia de estudios vigente, boleta de calificaciones original con firma y sello de la instituci\u00f3n, credencial de elector ampliada al 150% del alumno(a) y del padre, madre o tutor, comprobante de domicilio en Nuevo Laredo, estado de cuenta bancario a nombre del alumno(a).<\/p>\n<p>El registro estar\u00e1 disponible del 23 de junio al 6 de julio de 2025, las 24 horas del d\u00eda, en la p\u00e1gina oficial: www.nld.gob.mx, dentro del apartado \u201cBeca Juntos por la Excelencia Universitaria 2025\u201d.<\/p>\n<p>Los solicitantes deber\u00e1n llenar el formulario en l\u00ednea, capturar correctamente todos los datos y descargar la Ficha de Registro, que servir\u00e1 como comprobante de inscripci\u00f3n y consulta de resultados.<\/p>\n<p>Con esta convocatoria, el Gobierno de Nuevo Laredo refrenda su compromiso con la educaci\u00f3n como motor de transformaci\u00f3n y desarrollo, apoyando a la juventud que con esfuerzo construye un mejor futuro.<\/p>\n","protected":false},"excerpt":{"rendered":"<p>Podr\u00e1n acceder aquellas personas que cursan estudios de nivel superior y posgrado<\/p>\n","protected":false},"author":1,"featured_media":6948,"comment_status":"closed","ping_status":"closed","sticky":false,"template":"","format":"standard","meta":{"_crdt_document":"","_jetpack_memberships_contains_paid_content":false,"footnotes":"","jetpack_publicize_message":"","jetpack_publicize_feature_enabled":true,"jetpack_social_post_already_shared":true,"jetpack_social_options":{"image_generator_settings":{"template":"highway","default_image_id":0,"font":"","enabled":false},"version":2},"_wpas_customize_per_network":false},"categories":[4],"tags":[],"class_list":["post-6947","post","type-post","status-publish","format-standard","has-post-thumbnail","hentry","category-los-dos-laredos"],"magazineBlocksPostFeaturedMedia":{"thumbnail":"https:\/\/pornuestrolaredo.com\/wp-content\/uploads\/2025\/06\/Stereo91-20250624-1-150x150.jpg","medium":"https:\/\/pornuestrolaredo.com\/wp-content\/uploads\/2025\/06\/Stereo91-20250624-1-300x230.jpg","medium_large":"https:\/\/pornuestrolaredo.com\/wp-content\/uploads\/2025\/06\/Stereo91-20250624-1-768x590.jpg","large":"https:\/\/pornuestrolaredo.com\/wp-content\/uploads\/2025\/06\/Stereo91-20250624-1.jpg","1536x1536":"https:\/\/pornuestrolaredo.com\/wp-content\/uploads\/2025\/06\/Stereo91-20250624-1.jpg","2048x2048":"https:\/\/pornuestrolaredo.com\/wp-content\/uploads\/2025\/06\/Stereo91-20250624-1.jpg","morenews-large":"https:\/\/pornuestrolaredo.com\/wp-content\/uploads\/2025\/06\/Stereo91-20250624-1.jpg","morenews-medium":"https:\/\/pornuestrolaredo.com\/wp-content\/uploads\/2025\/06\/Stereo91-20250624-1.jpg"},"magazineBlocksPostAuthor":{"name":"Redactor","avatar":"https:\/\/pornuestrolaredo.com\/wp-content\/litespeed\/avatar\/dca1d7ec750c399f025f23b0b314f4cf.jpg?ver=1777612120"},"magazineBlocksPostCommentsNumber":false,"magazineBlocksPostExcerpt":"Podr\u00e1n acceder aquellas personas que cursan estudios de nivel superior y posgrado","magazineBlocksPostCategories":["Los dos Laredos"],"magazineBlocksPostViewCount":115,"magazineBlocksPostReadTime":2,"magazine_blocks_featured_image_url":{"full":["https:\/\/pornuestrolaredo.com\/wp-content\/uploads\/2025\/06\/Stereo91-20250624-1.jpg",964,740,false],"medium":["https:\/\/pornuestrolaredo.com\/wp-content\/uploads\/2025\/06\/Stereo91-20250624-1-300x230.jpg",300,230,true],"thumbnail":["https:\/\/pornuestrolaredo.com\/wp-content\/uploads\/2025\/06\/Stereo91-20250624-1-150x150.jpg",150,150,true]},"magazine_blocks_author":{"display_name":"Redactor","author_link":"https:\/\/pornuestrolaredo.com\/?author=1"},"magazine_blocks_comment":0,"magazine_blocks_author_image":"https:\/\/pornuestrolaredo.com\/wp-content\/litespeed\/avatar\/dca1d7ec750c399f025f23b0b314f4cf.jpg?ver=1777612120","magazine_blocks_category":"<a href=\"#\" class=\"category-link category-link-4\">Los dos Laredos<\/a>","jetpack_publicize_connections":[],"featured_image_urls":{"full":["https:\/\/pornuestrolaredo.com\/wp-content\/uploads\/2025\/06\/Stereo91-20250624-1.jpg",964,740,false],"thumbnail":["https:\/\/pornuestrolaredo.com\/wp-content\/uploads\/2025\/06\/Stereo91-20250624-1-150x150.jpg",150,150,true],"medium":["https:\/\/pornuestrolaredo.com\/wp-content\/uploads\/2025\/06\/Stereo91-20250624-1-300x230.jpg",300,230,true],"medium_large":["https:\/\/pornuestrolaredo.com\/wp-content\/uploads\/2025\/06\/Stereo91-20250624-1-768x590.jpg",640,492,true],"large":["https:\/\/pornuestrolaredo.com\/wp-content\/uploads\/2025\/06\/Stereo91-20250624-1.jpg",640,491,false],"1536x1536":["https:\/\/pornuestrolaredo.com\/wp-content\/uploads\/2025\/06\/Stereo91-20250624-1.jpg",964,740,false],"2048x2048":["https:\/\/pornuestrolaredo.com\/wp-content\/uploads\/2025\/06\/Stereo91-20250624-1.jpg",964,740,false],"morenews-large":["https:\/\/pornuestrolaredo.com\/wp-content\/uploads\/2025\/06\/Stereo91-20250624-1.jpg",749,575,false],"morenews-medium":["https:\/\/pornuestrolaredo.com\/wp-content\/uploads\/2025\/06\/Stereo91-20250624-1.jpg",534,410,false]},"author_info":{"info":["Redactor"]},"category_info":"<a href=\"https:\/\/pornuestrolaredo.com\/?cat=4\" rel=\"category\">Los dos Laredos<\/a>","tag_info":"Los dos Laredos","comment_count":"0","jetpack_featured_media_url":"https:\/\/pornuestrolaredo.com\/wp-content\/uploads\/2025\/06\/Stereo91-20250624-1.jpg","jetpack_sharing_enabled":true,"_links":{"self":[{"href":"https:\/\/pornuestrolaredo.com\/index.php?rest_route=\/wp\/v2\/posts\/6947","targetHints":{"allow":["GET"]}}],"collection":[{"href":"https:\/\/pornuestrolaredo.com\/index.php?rest_route=\/wp\/v2\/posts"}],"about":[{"href":"https:\/\/pornuestrolaredo.com\/index.php?rest_route=\/wp\/v2\/types\/post"}],"author":[{"embeddable":true,"href":"https:\/\/pornuestrolaredo.com\/index.php?rest_route=\/wp\/v2\/users\/1"}],"replies":[{"embeddable":true,"href":"https:\/\/pornuestrolaredo.com\/index.php?rest_route=%2Fwp%2Fv2%2Fcomments&post=6947"}],"version-history":[{"count":1,"href":"https:\/\/pornuestrolaredo.com\/index.php?rest_route=\/wp\/v2\/posts\/6947\/revisions"}],"predecessor-version":[{"id":6949,"href":"https:\/\/pornuestrolaredo.com\/index.php?rest_route=\/wp\/v2\/posts\/6947\/revisions\/6949"}],"wp:featuredmedia":[{"embeddable":true,"href":"https:\/\/pornuestrolaredo.com\/index.php?rest_route=\/wp\/v2\/media\/6948"}],"wp:attachment":[{"href":"https:\/\/pornuestrolaredo.com\/index.php?rest_route=%2Fwp%2Fv2%2Fmedia&parent=6947"}],"wp:term":[{"taxonomy":"category","embeddable":true,"href":"https:\/\/pornuestrolaredo.com\/index.php?rest_route=%2Fwp%2Fv2%2Fcategories&post=6947"},{"taxonomy":"post_tag","embeddable":true,"href":"https:\/\/pornuestrolaredo.com\/index.php?rest_route=%2Fwp%2Fv2%2Ftags&post=6947"}],"curies":[{"name":"wp","href":"https:\/\/api.w.org\/{rel}","templated":true}]}}