{"id":6953,"date":"2025-06-24T16:41:16","date_gmt":"2025-06-24T21:41:16","guid":{"rendered":"https:\/\/pornuestrolaredo.com\/?p=6953"},"modified":"2025-06-24T16:44:42","modified_gmt":"2025-06-24T21:44:42","slug":"declara-iran-el-fin-de-la-guerra-de-12-dias","status":"publish","type":"post","link":"https:\/\/pornuestrolaredo.com\/?p=6953","title":{"rendered":"Declara Ir\u00e1n el fin de la guerra de 12 d\u00edas"},"content":{"rendered":"<p><strong><em>TEHER\u00c1N.-<\/em><\/strong> El presidente iran\u00ed, Masoud Pezeshkian, anunci\u00f3 el martes el &#8220;fin de la guerra de 12 d\u00edas&#8221; impuesta por Israel, en un mensaje a la naci\u00f3n difundido por la agencia oficial IRNA.<\/p>\n<blockquote><p>Hoy, tras la heroica resistencia de nuestra gran naci\u00f3n (&#8230;) asistimos al establecimiento de una tregua y al fin de esta guerra de 12 d\u00edas impuesta&#8221; por Israel, declar\u00f3 Pezeshkian.<\/p><\/blockquote>\n<blockquote><p>Durante este periodo, el mundo fue testigo del poder de la gran Ir\u00e1n, apoyada por su pueblo. Aunque el inicio de esta guerra impuesta fue obra del enemigo terrorista, su fin se logr\u00f3 gracias a la voluntad y el poder del gran pueblo de Ir\u00e1n&#8221;.<\/p><\/blockquote>\n<p>El n\u00famero de muertos por los ataques israel\u00edes en Ir\u00e1n en los \u00faltimos 12 d\u00edas asciende a 606, adem\u00e1s de 5 mil 332 lesionados, se\u00f1al\u00f3 este martes el ministro de Salud iran\u00ed, Mohammad-Reza Zafarghandi.<br \/>\nZafarghandi describi\u00f3 las \u00faltimas 24 horas como un lapso en el que se vivieron &#8220;los m\u00e1s horribles ataques y agresiones&#8221; de parte de Israel desde que inici\u00f3 el conflicto a\u00e9reo el 13 de junio, provocando 104 decesos y mil 342 lesionados.<\/p>\n<p>Por su parte, el Ministerio de Salud de Israel ha reportado 28 decesos y 3 mil 238 heridos en su territorio desde el inicio del conflicto.<\/p>\n<p>El Presidente de Estados Unidos, Donald Trump, anunci\u00f3 el lunes por la noche un cese al fuego entre las dos partes.<\/p>\n<p>Aunque tanto Ir\u00e1n como Israel aceptaron el cese al fuego, se han reportado violaciones de ambos bandos a pocas horas y ambas partes han prometido tomar represalias.<\/p>\n","protected":false},"excerpt":{"rendered":"<p>El presidente iran\u00ed, Masoud Pezeshkian, asegura que que el conflicto de Medio Oriente fue impuesto por Israel<\/p>\n","protected":false},"author":1,"featured_media":6956,"comment_status":"closed","ping_status":"closed","sticky":false,"template":"","format":"standard","meta":{"_crdt_document":"","_jetpack_memberships_contains_paid_content":false,"footnotes":"","jetpack_publicize_message":"","jetpack_publicize_feature_enabled":true,"jetpack_social_post_already_shared":true,"jetpack_social_options":{"image_generator_settings":{"template":"highway","default_image_id":0,"font":"","enabled":false},"version":2},"_wpas_customize_per_network":false},"categories":[9],"tags":[],"class_list":["post-6953","post","type-post","status-publish","format-standard","has-post-thumbnail","hentry","category-el-mundo"],"magazineBlocksPostFeaturedMedia":{"thumbnail":"https:\/\/pornuestrolaredo.com\/wp-content\/uploads\/2025\/06\/Stereo91-20250624-4-150x150.jpg","medium":"https:\/\/pornuestrolaredo.com\/wp-content\/uploads\/2025\/06\/Stereo91-20250624-4-300x200.jpg","medium_large":"https:\/\/pornuestrolaredo.com\/wp-content\/uploads\/2025\/06\/Stereo91-20250624-4-768x512.jpg","large":"https:\/\/pornuestrolaredo.com\/wp-content\/uploads\/2025\/06\/Stereo91-20250624-4-1000x667.jpg","1536x1536":"https:\/\/pornuestrolaredo.com\/wp-content\/uploads\/2025\/06\/Stereo91-20250624-4.jpg","2048x2048":"https:\/\/pornuestrolaredo.com\/wp-content\/uploads\/2025\/06\/Stereo91-20250624-4.jpg","morenews-large":"https:\/\/pornuestrolaredo.com\/wp-content\/uploads\/2025\/06\/Stereo91-20250624-4.jpg","morenews-medium":"https:\/\/pornuestrolaredo.com\/wp-content\/uploads\/2025\/06\/Stereo91-20250624-4.jpg"},"magazineBlocksPostAuthor":{"name":"Redactor","avatar":"https:\/\/pornuestrolaredo.com\/wp-content\/litespeed\/avatar\/dca1d7ec750c399f025f23b0b314f4cf.jpg?ver=1777612120"},"magazineBlocksPostCommentsNumber":false,"magazineBlocksPostExcerpt":"El presidente iran\u00ed, Masoud Pezeshkian, asegura que que el conflicto de Medio Oriente fue impuesto por Israel","magazineBlocksPostCategories":["El Mundo"],"magazineBlocksPostViewCount":98,"magazineBlocksPostReadTime":2,"magazine_blocks_featured_image_url":{"full":["https:\/\/pornuestrolaredo.com\/wp-content\/uploads\/2025\/06\/Stereo91-20250624-4.jpg",1134,756,false],"medium":["https:\/\/pornuestrolaredo.com\/wp-content\/uploads\/2025\/06\/Stereo91-20250624-4-300x200.jpg",300,200,true],"thumbnail":["https:\/\/pornuestrolaredo.com\/wp-content\/uploads\/2025\/06\/Stereo91-20250624-4-150x150.jpg",150,150,true]},"magazine_blocks_author":{"display_name":"Redactor","author_link":"https:\/\/pornuestrolaredo.com\/?author=1"},"magazine_blocks_comment":0,"magazine_blocks_author_image":"https:\/\/pornuestrolaredo.com\/wp-content\/litespeed\/avatar\/dca1d7ec750c399f025f23b0b314f4cf.jpg?ver=1777612120","magazine_blocks_category":"<a href=\"#\" class=\"category-link category-link-9\">El Mundo<\/a>","jetpack_publicize_connections":[],"featured_image_urls":{"full":["https:\/\/pornuestrolaredo.com\/wp-content\/uploads\/2025\/06\/Stereo91-20250624-4.jpg",1134,756,false],"thumbnail":["https:\/\/pornuestrolaredo.com\/wp-content\/uploads\/2025\/06\/Stereo91-20250624-4-150x150.jpg",150,150,true],"medium":["https:\/\/pornuestrolaredo.com\/wp-content\/uploads\/2025\/06\/Stereo91-20250624-4-300x200.jpg",300,200,true],"medium_large":["https:\/\/pornuestrolaredo.com\/wp-content\/uploads\/2025\/06\/Stereo91-20250624-4-768x512.jpg",640,427,true],"large":["https:\/\/pornuestrolaredo.com\/wp-content\/uploads\/2025\/06\/Stereo91-20250624-4-1000x667.jpg",640,427,true],"1536x1536":["https:\/\/pornuestrolaredo.com\/wp-content\/uploads\/2025\/06\/Stereo91-20250624-4.jpg",1134,756,false],"2048x2048":["https:\/\/pornuestrolaredo.com\/wp-content\/uploads\/2025\/06\/Stereo91-20250624-4.jpg",1134,756,false],"morenews-large":["https:\/\/pornuestrolaredo.com\/wp-content\/uploads\/2025\/06\/Stereo91-20250624-4.jpg",825,550,false],"morenews-medium":["https:\/\/pornuestrolaredo.com\/wp-content\/uploads\/2025\/06\/Stereo91-20250624-4.jpg",590,393,false]},"author_info":{"info":["Redactor"]},"category_info":"<a href=\"https:\/\/pornuestrolaredo.com\/?cat=9\" rel=\"category\">El Mundo<\/a>","tag_info":"El Mundo","comment_count":"0","jetpack_featured_media_url":"https:\/\/pornuestrolaredo.com\/wp-content\/uploads\/2025\/06\/Stereo91-20250624-4.jpg","jetpack_sharing_enabled":true,"_links":{"self":[{"href":"https:\/\/pornuestrolaredo.com\/index.php?rest_route=\/wp\/v2\/posts\/6953","targetHints":{"allow":["GET"]}}],"collection":[{"href":"https:\/\/pornuestrolaredo.com\/index.php?rest_route=\/wp\/v2\/posts"}],"about":[{"href":"https:\/\/pornuestrolaredo.com\/index.php?rest_route=\/wp\/v2\/types\/post"}],"author":[{"embeddable":true,"href":"https:\/\/pornuestrolaredo.com\/index.php?rest_route=\/wp\/v2\/users\/1"}],"replies":[{"embeddable":true,"href":"https:\/\/pornuestrolaredo.com\/index.php?rest_route=%2Fwp%2Fv2%2Fcomments&post=6953"}],"version-history":[{"count":1,"href":"https:\/\/pornuestrolaredo.com\/index.php?rest_route=\/wp\/v2\/posts\/6953\/revisions"}],"predecessor-version":[{"id":6954,"href":"https:\/\/pornuestrolaredo.com\/index.php?rest_route=\/wp\/v2\/posts\/6953\/revisions\/6954"}],"wp:featuredmedia":[{"embeddable":true,"href":"https:\/\/pornuestrolaredo.com\/index.php?rest_route=\/wp\/v2\/media\/6956"}],"wp:attachment":[{"href":"https:\/\/pornuestrolaredo.com\/index.php?rest_route=%2Fwp%2Fv2%2Fmedia&parent=6953"}],"wp:term":[{"taxonomy":"category","embeddable":true,"href":"https:\/\/pornuestrolaredo.com\/index.php?rest_route=%2Fwp%2Fv2%2Fcategories&post=6953"},{"taxonomy":"post_tag","embeddable":true,"href":"https:\/\/pornuestrolaredo.com\/index.php?rest_route=%2Fwp%2Fv2%2Ftags&post=6953"}],"curies":[{"name":"wp","href":"https:\/\/api.w.org\/{rel}","templated":true}]}}