{"id":6957,"date":"2025-06-24T16:53:45","date_gmt":"2025-06-24T21:53:45","guid":{"rendered":"https:\/\/pornuestrolaredo.com\/?p=6957"},"modified":"2025-06-24T16:53:45","modified_gmt":"2025-06-24T21:53:45","slug":"buscas-trabajo-hay-400-vacantes-disponibles","status":"publish","type":"post","link":"https:\/\/pornuestrolaredo.com\/?p=6957","title":{"rendered":"\u00bfBuscas trabajo? \u00a1Hay 400 vacantes disponibles!"},"content":{"rendered":"<p>NUEVO LAREDO.- El Gobierno Municipal, a trav\u00e9s de la Direcci\u00f3n de Empleo, contin\u00faa acercando oportunidades laborales a las y los neolaredenses mediante el programa \u201cEmpleo en tu Colonia\u201d, una estrategia que ha tenido excelente respuesta por parte de la ciudadan\u00eda y las empresas locales.<\/p>\n<p>El programa se llev\u00f3 a cabo en la colonia Hidalgo, donde se ofertaron m\u00e1s de 400 vacantes disponibles para contrataci\u00f3n inmediata en sectores como transporte, industria, comercio y servicios.<\/p>\n<p>Paola de Luna, responsable del programa, destac\u00f3 la gran variedad de opciones laborales disponibles para la poblaci\u00f3n.<\/p>\n<blockquote><p>Ahorita estamos ofertando 400 vacantes. Tenemos empresas transportistas, f\u00e1bricas, comercio;  est\u00e1 muy muy amplio el repertorio que traemos y pues muy contentos de poder ayudar a la ciudadan\u00eda\u201d, expres\u00f3.<\/p><\/blockquote>\n<p>Adem\u00e1s, inform\u00f3 que el pr\u00f3ximo viernes 27 de junio se instalar\u00e1 un m\u00f3dulo de atenci\u00f3n de 9:00 de la ma\u00f1ana a 2:00 de la tarde en &#8220;Presidencia Cerquita de Ti&#8221;, cerca de la colonia Colinas del Sur, para seguir ofreciendo este servicio a quienes no pudieron asistir a la jornada de este martes.<\/p>\n<blockquote><p>Si en caso no pueden venir el d\u00eda de hoy, tambi\u00e9n tenemos nuestras oficinas en el Centro C\u00edvico Reynosa, donde les podemos orientar y vincular directamente con las empresas que est\u00e1n contratando\u201d, a\u00f1adi\u00f3.<\/p><\/blockquote>\n<p>En promedio, el programa ha reunido hasta 1,400 vacantes en diferentes momentos, sin embargo, las 400 plazas actuales est\u00e1n disponibles para contrataci\u00f3n inmediata, lo cual representa una gran oportunidad para quienes buscan empleo.<\/p>\n<p>Por \u00faltimo, Paola de Luna invit\u00f3 a las y los interesados a acudir con su curr\u00edculum actualizado y toda la documentaci\u00f3n necesaria, ya que las empresas est\u00e1n listas para contratar si el perfil del solicitante cumple con los requisitos.<\/p>\n","protected":false},"excerpt":{"rendered":"<p>Quienes no puedan asistir al evento &#8216;Empleo en tu Colonia&#8217;, pueden acudir al Centro C\u00edvico o al m\u00f3dulo que se instalar\u00e1 el viernes, cerca de Colinas del Sur<\/p>\n","protected":false},"author":1,"featured_media":6958,"comment_status":"closed","ping_status":"closed","sticky":false,"template":"","format":"standard","meta":{"_crdt_document":"","_jetpack_memberships_contains_paid_content":false,"footnotes":"","jetpack_publicize_message":"","jetpack_publicize_feature_enabled":true,"jetpack_social_post_already_shared":true,"jetpack_social_options":{"image_generator_settings":{"template":"highway","default_image_id":0,"font":"","enabled":false},"version":2},"_wpas_customize_per_network":false},"categories":[4],"tags":[],"class_list":["post-6957","post","type-post","status-publish","format-standard","has-post-thumbnail","hentry","category-los-dos-laredos"],"magazineBlocksPostFeaturedMedia":{"thumbnail":"https:\/\/pornuestrolaredo.com\/wp-content\/uploads\/2025\/06\/Stereo91-20250624-6-150x150.jpg","medium":"https:\/\/pornuestrolaredo.com\/wp-content\/uploads\/2025\/06\/Stereo91-20250624-6-300x200.jpg","medium_large":"https:\/\/pornuestrolaredo.com\/wp-content\/uploads\/2025\/06\/Stereo91-20250624-6-768x511.jpg","large":"https:\/\/pornuestrolaredo.com\/wp-content\/uploads\/2025\/06\/Stereo91-20250624-6.jpg","1536x1536":"https:\/\/pornuestrolaredo.com\/wp-content\/uploads\/2025\/06\/Stereo91-20250624-6.jpg","2048x2048":"https:\/\/pornuestrolaredo.com\/wp-content\/uploads\/2025\/06\/Stereo91-20250624-6.jpg","morenews-large":"https:\/\/pornuestrolaredo.com\/wp-content\/uploads\/2025\/06\/Stereo91-20250624-6.jpg","morenews-medium":"https:\/\/pornuestrolaredo.com\/wp-content\/uploads\/2025\/06\/Stereo91-20250624-6.jpg"},"magazineBlocksPostAuthor":{"name":"Redactor","avatar":"https:\/\/pornuestrolaredo.com\/wp-content\/litespeed\/avatar\/dca1d7ec750c399f025f23b0b314f4cf.jpg?ver=1777612120"},"magazineBlocksPostCommentsNumber":false,"magazineBlocksPostExcerpt":"Quienes no puedan asistir al evento 'Empleo en tu Colonia', pueden acudir al Centro C\u00edvico o al m\u00f3dulo que se instalar\u00e1 el viernes, cerca de Colinas del Sur","magazineBlocksPostCategories":["Los dos Laredos"],"magazineBlocksPostViewCount":100,"magazineBlocksPostReadTime":2,"magazine_blocks_featured_image_url":{"full":["https:\/\/pornuestrolaredo.com\/wp-content\/uploads\/2025\/06\/Stereo91-20250624-6.jpg",964,642,false],"medium":["https:\/\/pornuestrolaredo.com\/wp-content\/uploads\/2025\/06\/Stereo91-20250624-6-300x200.jpg",300,200,true],"thumbnail":["https:\/\/pornuestrolaredo.com\/wp-content\/uploads\/2025\/06\/Stereo91-20250624-6-150x150.jpg",150,150,true]},"magazine_blocks_author":{"display_name":"Redactor","author_link":"https:\/\/pornuestrolaredo.com\/?author=1"},"magazine_blocks_comment":0,"magazine_blocks_author_image":"https:\/\/pornuestrolaredo.com\/wp-content\/litespeed\/avatar\/dca1d7ec750c399f025f23b0b314f4cf.jpg?ver=1777612120","magazine_blocks_category":"<a href=\"#\" class=\"category-link category-link-4\">Los dos Laredos<\/a>","jetpack_publicize_connections":[],"featured_image_urls":{"full":["https:\/\/pornuestrolaredo.com\/wp-content\/uploads\/2025\/06\/Stereo91-20250624-6.jpg",964,642,false],"thumbnail":["https:\/\/pornuestrolaredo.com\/wp-content\/uploads\/2025\/06\/Stereo91-20250624-6-150x150.jpg",150,150,true],"medium":["https:\/\/pornuestrolaredo.com\/wp-content\/uploads\/2025\/06\/Stereo91-20250624-6-300x200.jpg",300,200,true],"medium_large":["https:\/\/pornuestrolaredo.com\/wp-content\/uploads\/2025\/06\/Stereo91-20250624-6-768x511.jpg",640,426,true],"large":["https:\/\/pornuestrolaredo.com\/wp-content\/uploads\/2025\/06\/Stereo91-20250624-6.jpg",640,426,false],"1536x1536":["https:\/\/pornuestrolaredo.com\/wp-content\/uploads\/2025\/06\/Stereo91-20250624-6.jpg",964,642,false],"2048x2048":["https:\/\/pornuestrolaredo.com\/wp-content\/uploads\/2025\/06\/Stereo91-20250624-6.jpg",964,642,false],"morenews-large":["https:\/\/pornuestrolaredo.com\/wp-content\/uploads\/2025\/06\/Stereo91-20250624-6.jpg",825,549,false],"morenews-medium":["https:\/\/pornuestrolaredo.com\/wp-content\/uploads\/2025\/06\/Stereo91-20250624-6.jpg",590,393,false]},"author_info":{"info":["Redactor"]},"category_info":"<a href=\"https:\/\/pornuestrolaredo.com\/?cat=4\" rel=\"category\">Los dos Laredos<\/a>","tag_info":"Los dos Laredos","comment_count":"0","jetpack_featured_media_url":"https:\/\/pornuestrolaredo.com\/wp-content\/uploads\/2025\/06\/Stereo91-20250624-6.jpg","jetpack_sharing_enabled":true,"_links":{"self":[{"href":"https:\/\/pornuestrolaredo.com\/index.php?rest_route=\/wp\/v2\/posts\/6957","targetHints":{"allow":["GET"]}}],"collection":[{"href":"https:\/\/pornuestrolaredo.com\/index.php?rest_route=\/wp\/v2\/posts"}],"about":[{"href":"https:\/\/pornuestrolaredo.com\/index.php?rest_route=\/wp\/v2\/types\/post"}],"author":[{"embeddable":true,"href":"https:\/\/pornuestrolaredo.com\/index.php?rest_route=\/wp\/v2\/users\/1"}],"replies":[{"embeddable":true,"href":"https:\/\/pornuestrolaredo.com\/index.php?rest_route=%2Fwp%2Fv2%2Fcomments&post=6957"}],"version-history":[{"count":1,"href":"https:\/\/pornuestrolaredo.com\/index.php?rest_route=\/wp\/v2\/posts\/6957\/revisions"}],"predecessor-version":[{"id":6959,"href":"https:\/\/pornuestrolaredo.com\/index.php?rest_route=\/wp\/v2\/posts\/6957\/revisions\/6959"}],"wp:featuredmedia":[{"embeddable":true,"href":"https:\/\/pornuestrolaredo.com\/index.php?rest_route=\/wp\/v2\/media\/6958"}],"wp:attachment":[{"href":"https:\/\/pornuestrolaredo.com\/index.php?rest_route=%2Fwp%2Fv2%2Fmedia&parent=6957"}],"wp:term":[{"taxonomy":"category","embeddable":true,"href":"https:\/\/pornuestrolaredo.com\/index.php?rest_route=%2Fwp%2Fv2%2Fcategories&post=6957"},{"taxonomy":"post_tag","embeddable":true,"href":"https:\/\/pornuestrolaredo.com\/index.php?rest_route=%2Fwp%2Fv2%2Ftags&post=6957"}],"curies":[{"name":"wp","href":"https:\/\/api.w.org\/{rel}","templated":true}]}}