{"id":6960,"date":"2025-06-25T14:01:38","date_gmt":"2025-06-25T19:01:38","guid":{"rendered":"https:\/\/pornuestrolaredo.com\/?p=6960"},"modified":"2025-06-25T14:01:38","modified_gmt":"2025-06-25T19:01:38","slug":"acercan-servicios-municipales-a-las-empresas-de-nuevo-laredo","status":"publish","type":"post","link":"https:\/\/pornuestrolaredo.com\/?p=6960","title":{"rendered":"Acercan servicios municipales a las empresas de Nuevo Laredo"},"content":{"rendered":"<p><strong><em>NUEVO LAREDO.-<\/em> <\/strong>Empleados de Industrias Rheem tuvieron este martes acceso a diversos servicios p\u00fablicos municipales, estatales, organismos paramunicipales y de la Comisi\u00f3n de Agua Potable y Alcantarillado directamente en su empresa.<\/p>\n<p>Este programa, denominado \u201cBrigada en tu Empresa\u201d tiene el objetivo de acercar servicios p\u00fablicos directamente a los centros de trabajo del sector productivo y es una iniciativa impulsada por el Gobierno Municipal de Nuevo Laredo, a trav\u00e9s de la Secretar\u00eda de Desarrollo Econ\u00f3mico.<\/p>\n<p>El evento inaugural tuvo lugar en la empresa Rheem, marcando el inicio de una serie de visitas programadas a compa\u00f1\u00edas locales. La siguiente empresa que ser\u00e1 atendida por esta brigada ser\u00e1 Fromex.<\/p>\n<p>El acto fue encabezado por el director de Desarrollo Industrial y Comercio Exterior, Francisco Torres Macario, quien destac\u00f3 la importancia del programa como un esfuerzo interinstitucional para mejorar la calidad de vida de los trabajadores.<\/p>\n<blockquote><p>Con este programa queremos facilitar el cumplimiento de tr\u00e1mites gubernamentales y fortalecer los lazos entre el gobierno municipal y el sector privado. La encomienda de nuestra alcaldesa Carmen Lilia Canturosas es acercar todos los m\u00f3dulos y dependencias a los trabajadores\u201d, destac\u00f3 el funcionario.<\/p><\/blockquote>\n<p>\u201cBrigada en tu Empresa\u201d articula la colaboraci\u00f3n con diversas dependencias municipales, estatales y organismos especializados como el Registro Civil, Relaciones Exteriores, Oficina Fiscal del Estado, Coordinaci\u00f3n General de Gesti\u00f3n Ambiental, INMUJER, IMPACTA, IMJUVE, COMAPA y Tesorer\u00eda Municipal.<\/p>\n<p>Entre los servicios que se brindan directamente en los centros de trabajo se incluyen asesor\u00eda legal, atenci\u00f3n m\u00e9dica y psicol\u00f3gica, tr\u00e1mites de licencias y documentos oficiales, programas juveniles y sociales, talleres preventivos en temas laborales y orientaci\u00f3n en regularizaci\u00f3n de vivienda.<\/p>\n<p>Este programa responde a la necesidad de eliminar las barreras que muchos trabajadores enfrentan para acceder a servicios b\u00e1sicos, especialmente en sectores estrat\u00e9gicos como la manufactura, el transporte y las agencias aduanales, que representan una parte esencial del dinamismo econ\u00f3mico de Nuevo Laredo.<\/p>\n","protected":false},"excerpt":{"rendered":"<p>Empleados de Industrias Rheem pudieron hacer diversos tr\u00e1mites municipales, estatales, de Comapa y otros organismos sin salir de su trabajo<\/p>\n","protected":false},"author":1,"featured_media":6961,"comment_status":"closed","ping_status":"closed","sticky":false,"template":"","format":"standard","meta":{"_crdt_document":"","_jetpack_memberships_contains_paid_content":false,"footnotes":"","jetpack_publicize_message":"Acercan servicios municipales a las empresas de Nuevo Laredo","jetpack_publicize_feature_enabled":true,"jetpack_social_post_already_shared":true,"jetpack_social_options":{"image_generator_settings":{"template":"highway","default_image_id":0,"font":"","enabled":false},"version":2},"_wpas_customize_per_network":false},"categories":[4],"tags":[],"class_list":["post-6960","post","type-post","status-publish","format-standard","has-post-thumbnail","hentry","category-los-dos-laredos"],"magazineBlocksPostFeaturedMedia":{"thumbnail":"https:\/\/pornuestrolaredo.com\/wp-content\/uploads\/2025\/06\/Stereo91-20250625-3-2-150x150.jpg","medium":"https:\/\/pornuestrolaredo.com\/wp-content\/uploads\/2025\/06\/Stereo91-20250625-3-2-300x200.jpg","medium_large":"https:\/\/pornuestrolaredo.com\/wp-content\/uploads\/2025\/06\/Stereo91-20250625-3-2-768x513.jpg","large":"https:\/\/pornuestrolaredo.com\/wp-content\/uploads\/2025\/06\/Stereo91-20250625-3-2-1000x668.jpg","1536x1536":"https:\/\/pornuestrolaredo.com\/wp-content\/uploads\/2025\/06\/Stereo91-20250625-3-2-1536x1026.jpg","2048x2048":"https:\/\/pornuestrolaredo.com\/wp-content\/uploads\/2025\/06\/Stereo91-20250625-3-2.jpg","morenews-large":"https:\/\/pornuestrolaredo.com\/wp-content\/uploads\/2025\/06\/Stereo91-20250625-3-2.jpg","morenews-medium":"https:\/\/pornuestrolaredo.com\/wp-content\/uploads\/2025\/06\/Stereo91-20250625-3-2.jpg"},"magazineBlocksPostAuthor":{"name":"Redactor","avatar":"https:\/\/pornuestrolaredo.com\/wp-content\/litespeed\/avatar\/dca1d7ec750c399f025f23b0b314f4cf.jpg?ver=1777612120"},"magazineBlocksPostCommentsNumber":false,"magazineBlocksPostExcerpt":"Empleados de Industrias Rheem pudieron hacer diversos tr\u00e1mites municipales, estatales, de Comapa y otros organismos sin salir de su trabajo","magazineBlocksPostCategories":["Los dos Laredos"],"magazineBlocksPostViewCount":96,"magazineBlocksPostReadTime":2,"magazine_blocks_featured_image_url":{"full":["https:\/\/pornuestrolaredo.com\/wp-content\/uploads\/2025\/06\/Stereo91-20250625-3-2.jpg",1600,1069,false],"medium":["https:\/\/pornuestrolaredo.com\/wp-content\/uploads\/2025\/06\/Stereo91-20250625-3-2-300x200.jpg",300,200,true],"thumbnail":["https:\/\/pornuestrolaredo.com\/wp-content\/uploads\/2025\/06\/Stereo91-20250625-3-2-150x150.jpg",150,150,true]},"magazine_blocks_author":{"display_name":"Redactor","author_link":"https:\/\/pornuestrolaredo.com\/?author=1"},"magazine_blocks_comment":0,"magazine_blocks_author_image":"https:\/\/pornuestrolaredo.com\/wp-content\/litespeed\/avatar\/dca1d7ec750c399f025f23b0b314f4cf.jpg?ver=1777612120","magazine_blocks_category":"<a href=\"#\" class=\"category-link category-link-4\">Los dos Laredos<\/a>","jetpack_publicize_connections":[],"featured_image_urls":{"full":["https:\/\/pornuestrolaredo.com\/wp-content\/uploads\/2025\/06\/Stereo91-20250625-3-2.jpg",1600,1069,false],"thumbnail":["https:\/\/pornuestrolaredo.com\/wp-content\/uploads\/2025\/06\/Stereo91-20250625-3-2-150x150.jpg",150,150,true],"medium":["https:\/\/pornuestrolaredo.com\/wp-content\/uploads\/2025\/06\/Stereo91-20250625-3-2-300x200.jpg",300,200,true],"medium_large":["https:\/\/pornuestrolaredo.com\/wp-content\/uploads\/2025\/06\/Stereo91-20250625-3-2-768x513.jpg",640,428,true],"large":["https:\/\/pornuestrolaredo.com\/wp-content\/uploads\/2025\/06\/Stereo91-20250625-3-2-1000x668.jpg",640,428,true],"1536x1536":["https:\/\/pornuestrolaredo.com\/wp-content\/uploads\/2025\/06\/Stereo91-20250625-3-2-1536x1026.jpg",1536,1026,true],"2048x2048":["https:\/\/pornuestrolaredo.com\/wp-content\/uploads\/2025\/06\/Stereo91-20250625-3-2.jpg",1600,1069,false],"morenews-large":["https:\/\/pornuestrolaredo.com\/wp-content\/uploads\/2025\/06\/Stereo91-20250625-3-2.jpg",825,551,false],"morenews-medium":["https:\/\/pornuestrolaredo.com\/wp-content\/uploads\/2025\/06\/Stereo91-20250625-3-2.jpg",590,394,false]},"author_info":{"info":["Redactor"]},"category_info":"<a href=\"https:\/\/pornuestrolaredo.com\/?cat=4\" rel=\"category\">Los dos Laredos<\/a>","tag_info":"Los dos Laredos","comment_count":"0","jetpack_featured_media_url":"https:\/\/pornuestrolaredo.com\/wp-content\/uploads\/2025\/06\/Stereo91-20250625-3-2.jpg","jetpack_sharing_enabled":true,"_links":{"self":[{"href":"https:\/\/pornuestrolaredo.com\/index.php?rest_route=\/wp\/v2\/posts\/6960","targetHints":{"allow":["GET"]}}],"collection":[{"href":"https:\/\/pornuestrolaredo.com\/index.php?rest_route=\/wp\/v2\/posts"}],"about":[{"href":"https:\/\/pornuestrolaredo.com\/index.php?rest_route=\/wp\/v2\/types\/post"}],"author":[{"embeddable":true,"href":"https:\/\/pornuestrolaredo.com\/index.php?rest_route=\/wp\/v2\/users\/1"}],"replies":[{"embeddable":true,"href":"https:\/\/pornuestrolaredo.com\/index.php?rest_route=%2Fwp%2Fv2%2Fcomments&post=6960"}],"version-history":[{"count":1,"href":"https:\/\/pornuestrolaredo.com\/index.php?rest_route=\/wp\/v2\/posts\/6960\/revisions"}],"predecessor-version":[{"id":6962,"href":"https:\/\/pornuestrolaredo.com\/index.php?rest_route=\/wp\/v2\/posts\/6960\/revisions\/6962"}],"wp:featuredmedia":[{"embeddable":true,"href":"https:\/\/pornuestrolaredo.com\/index.php?rest_route=\/wp\/v2\/media\/6961"}],"wp:attachment":[{"href":"https:\/\/pornuestrolaredo.com\/index.php?rest_route=%2Fwp%2Fv2%2Fmedia&parent=6960"}],"wp:term":[{"taxonomy":"category","embeddable":true,"href":"https:\/\/pornuestrolaredo.com\/index.php?rest_route=%2Fwp%2Fv2%2Fcategories&post=6960"},{"taxonomy":"post_tag","embeddable":true,"href":"https:\/\/pornuestrolaredo.com\/index.php?rest_route=%2Fwp%2Fv2%2Ftags&post=6960"}],"curies":[{"name":"wp","href":"https:\/\/api.w.org\/{rel}","templated":true}]}}