{"id":6963,"date":"2025-06-25T14:35:09","date_gmt":"2025-06-25T19:35:09","guid":{"rendered":"https:\/\/pornuestrolaredo.com\/?p=6963"},"modified":"2025-06-25T14:35:09","modified_gmt":"2025-06-25T19:35:09","slug":"rayo-golpea-en-lago-y-lesiona-a-12-personas","status":"publish","type":"post","link":"https:\/\/pornuestrolaredo.com\/?p=6963","title":{"rendered":"Rayo golpea en Lago y lesiona a 12 personas"},"content":{"rendered":"<p><strong>LEXINGTON, Carolina del Sur.- <\/strong>Doce personas fueron llevadas a hospitales el martes despu\u00e9s que un rayo alcanz\u00f3 un lago de Carolina del Sur, informaron autoridades.<\/p>\n<p>Los equipos de emergencia respondieron al Parque Dominion Beach cerca de la presa del Lago Murray y evaluaron a 20 pacientes, incluidos 12 ni\u00f1os, informaron las autoridades del condado Lexington en un comunicado de prensa. Trataron a 18 personas en el lugar y 12 de ellas fueron llevadas a hospitales, seg\u00fan la portavoz del condado Vanessa D\u00edaz. Sus lesiones no se consideraron potencialmente mortales y se esperaba que todos los pacientes se recuperaran.<\/p>\n<p>El Parque Dominion Beach reabrir\u00e1 el mi\u00e9rcoles tras evaluaciones de seguridad una vez que lo aprueben las autoridades.<\/p>\n<p>El clima era soleado con algunas nubes cercanas, pero no en el lugar donde ocurri\u00f3 el rayo, indic\u00f3 el departamento de bomberos de Irmo en una publicaci\u00f3n en redes sociales. El rayo golpe\u00f3 el agua mientras varias personas se aferraban o nadaban cerca de un cable met\u00e1lico y boyas que rodean el \u00e1rea de nataci\u00f3n, inform\u00f3 la agencia.<\/p>\n<blockquote><p>La descarga fue bastante fuerte para todos\u201d, sostuvo la agencia de bomberos. \u201cSomos muy afortunados de que las lesiones no fueran peores de lo que fueron\u201d.<\/p><\/blockquote>\n<p>Las lesiones incluyeron quemaduras leves, se\u00f1al\u00f3 por tel\u00e9fono Sloane Valentino, portavoz de los bomberos. Aquellos que se aferraban al cable sufrieron las peores lesiones, coment\u00f3.<\/p>\n<p>El meteor\u00f3logo Matt Gropp del Servicio Meteorol\u00f3gico Nacional en Columbia lo calific\u00f3 como \u201cun rayo de la nada\u201d, se\u00f1alando que las personas en el lago podr\u00edan no haber estado al tanto de una tormenta el\u00e9ctrica repentina a unas pocas millas al sur. Ni siquiera llovi\u00f3 en el lago, dijo Gropp.<\/p>\n<blockquote><p>Fue uno de los primeros rayos de la tormenta y las personas all\u00ed no lo esperaban\u201d, expres\u00f3.<\/p><\/blockquote>\n","protected":false},"excerpt":{"rendered":"<p>Equipos de emergencia de Carolina del Sur atienden a 20 personas, entre ellas 12 ni\u00f1os; ninguna sufri\u00f3 heridas de gravedad<\/p>\n","protected":false},"author":1,"featured_media":6964,"comment_status":"closed","ping_status":"closed","sticky":false,"template":"","format":"standard","meta":{"_crdt_document":"","_jetpack_memberships_contains_paid_content":false,"footnotes":"","jetpack_publicize_message":"","jetpack_publicize_feature_enabled":true,"jetpack_social_post_already_shared":true,"jetpack_social_options":{"image_generator_settings":{"template":"highway","default_image_id":0,"font":"","enabled":false},"version":2},"_wpas_customize_per_network":false},"categories":[9],"tags":[],"class_list":["post-6963","post","type-post","status-publish","format-standard","has-post-thumbnail","hentry","category-el-mundo"],"magazineBlocksPostFeaturedMedia":{"thumbnail":"https:\/\/pornuestrolaredo.com\/wp-content\/uploads\/2025\/06\/Stereo91-20250625-4-150x150.jpg","medium":"https:\/\/pornuestrolaredo.com\/wp-content\/uploads\/2025\/06\/Stereo91-20250625-4-300x169.jpg","medium_large":"https:\/\/pornuestrolaredo.com\/wp-content\/uploads\/2025\/06\/Stereo91-20250625-4-768x432.jpg","large":"https:\/\/pornuestrolaredo.com\/wp-content\/uploads\/2025\/06\/Stereo91-20250625-4-1000x563.jpg","1536x1536":"https:\/\/pornuestrolaredo.com\/wp-content\/uploads\/2025\/06\/Stereo91-20250625-4-1536x864.jpg","2048x2048":"https:\/\/pornuestrolaredo.com\/wp-content\/uploads\/2025\/06\/Stereo91-20250625-4.jpg","morenews-large":"https:\/\/pornuestrolaredo.com\/wp-content\/uploads\/2025\/06\/Stereo91-20250625-4.jpg","morenews-medium":"https:\/\/pornuestrolaredo.com\/wp-content\/uploads\/2025\/06\/Stereo91-20250625-4.jpg"},"magazineBlocksPostAuthor":{"name":"Redactor","avatar":"https:\/\/pornuestrolaredo.com\/wp-content\/litespeed\/avatar\/dca1d7ec750c399f025f23b0b314f4cf.jpg?ver=1777612120"},"magazineBlocksPostCommentsNumber":false,"magazineBlocksPostExcerpt":"Equipos de emergencia de Carolina del Sur atienden a 20 personas, entre ellas 12 ni\u00f1os; ninguna sufri\u00f3 heridas de gravedad","magazineBlocksPostCategories":["El Mundo"],"magazineBlocksPostViewCount":506,"magazineBlocksPostReadTime":2,"magazine_blocks_featured_image_url":{"full":["https:\/\/pornuestrolaredo.com\/wp-content\/uploads\/2025\/06\/Stereo91-20250625-4.jpg",1600,900,false],"medium":["https:\/\/pornuestrolaredo.com\/wp-content\/uploads\/2025\/06\/Stereo91-20250625-4-300x169.jpg",300,169,true],"thumbnail":["https:\/\/pornuestrolaredo.com\/wp-content\/uploads\/2025\/06\/Stereo91-20250625-4-150x150.jpg",150,150,true]},"magazine_blocks_author":{"display_name":"Redactor","author_link":"https:\/\/pornuestrolaredo.com\/?author=1"},"magazine_blocks_comment":0,"magazine_blocks_author_image":"https:\/\/pornuestrolaredo.com\/wp-content\/litespeed\/avatar\/dca1d7ec750c399f025f23b0b314f4cf.jpg?ver=1777612120","magazine_blocks_category":"<a href=\"#\" class=\"category-link category-link-9\">El Mundo<\/a>","jetpack_publicize_connections":[],"featured_image_urls":{"full":["https:\/\/pornuestrolaredo.com\/wp-content\/uploads\/2025\/06\/Stereo91-20250625-4.jpg",1600,900,false],"thumbnail":["https:\/\/pornuestrolaredo.com\/wp-content\/uploads\/2025\/06\/Stereo91-20250625-4-150x150.jpg",150,150,true],"medium":["https:\/\/pornuestrolaredo.com\/wp-content\/uploads\/2025\/06\/Stereo91-20250625-4-300x169.jpg",300,169,true],"medium_large":["https:\/\/pornuestrolaredo.com\/wp-content\/uploads\/2025\/06\/Stereo91-20250625-4-768x432.jpg",640,360,true],"large":["https:\/\/pornuestrolaredo.com\/wp-content\/uploads\/2025\/06\/Stereo91-20250625-4-1000x563.jpg",640,360,true],"1536x1536":["https:\/\/pornuestrolaredo.com\/wp-content\/uploads\/2025\/06\/Stereo91-20250625-4-1536x864.jpg",1536,864,true],"2048x2048":["https:\/\/pornuestrolaredo.com\/wp-content\/uploads\/2025\/06\/Stereo91-20250625-4.jpg",1600,900,false],"morenews-large":["https:\/\/pornuestrolaredo.com\/wp-content\/uploads\/2025\/06\/Stereo91-20250625-4.jpg",825,464,false],"morenews-medium":["https:\/\/pornuestrolaredo.com\/wp-content\/uploads\/2025\/06\/Stereo91-20250625-4.jpg",590,332,false]},"author_info":{"info":["Redactor"]},"category_info":"<a href=\"https:\/\/pornuestrolaredo.com\/?cat=9\" rel=\"category\">El Mundo<\/a>","tag_info":"El Mundo","comment_count":"0","jetpack_featured_media_url":"https:\/\/pornuestrolaredo.com\/wp-content\/uploads\/2025\/06\/Stereo91-20250625-4.jpg","jetpack_sharing_enabled":true,"_links":{"self":[{"href":"https:\/\/pornuestrolaredo.com\/index.php?rest_route=\/wp\/v2\/posts\/6963","targetHints":{"allow":["GET"]}}],"collection":[{"href":"https:\/\/pornuestrolaredo.com\/index.php?rest_route=\/wp\/v2\/posts"}],"about":[{"href":"https:\/\/pornuestrolaredo.com\/index.php?rest_route=\/wp\/v2\/types\/post"}],"author":[{"embeddable":true,"href":"https:\/\/pornuestrolaredo.com\/index.php?rest_route=\/wp\/v2\/users\/1"}],"replies":[{"embeddable":true,"href":"https:\/\/pornuestrolaredo.com\/index.php?rest_route=%2Fwp%2Fv2%2Fcomments&post=6963"}],"version-history":[{"count":1,"href":"https:\/\/pornuestrolaredo.com\/index.php?rest_route=\/wp\/v2\/posts\/6963\/revisions"}],"predecessor-version":[{"id":6965,"href":"https:\/\/pornuestrolaredo.com\/index.php?rest_route=\/wp\/v2\/posts\/6963\/revisions\/6965"}],"wp:featuredmedia":[{"embeddable":true,"href":"https:\/\/pornuestrolaredo.com\/index.php?rest_route=\/wp\/v2\/media\/6964"}],"wp:attachment":[{"href":"https:\/\/pornuestrolaredo.com\/index.php?rest_route=%2Fwp%2Fv2%2Fmedia&parent=6963"}],"wp:term":[{"taxonomy":"category","embeddable":true,"href":"https:\/\/pornuestrolaredo.com\/index.php?rest_route=%2Fwp%2Fv2%2Fcategories&post=6963"},{"taxonomy":"post_tag","embeddable":true,"href":"https:\/\/pornuestrolaredo.com\/index.php?rest_route=%2Fwp%2Fv2%2Ftags&post=6963"}],"curies":[{"name":"wp","href":"https:\/\/api.w.org\/{rel}","templated":true}]}}