{"id":6976,"date":"2025-06-26T12:37:28","date_gmt":"2025-06-26T17:37:28","guid":{"rendered":"https:\/\/pornuestrolaredo.com\/?p=6976"},"modified":"2025-06-26T12:37:28","modified_gmt":"2025-06-26T17:37:28","slug":"llevaran-tramites-municipales-a-colinas-del-sur","status":"publish","type":"post","link":"https:\/\/pornuestrolaredo.com\/?p=6976","title":{"rendered":"Llevar\u00e1n tr\u00e1mites municipales a Colinas del Sur"},"content":{"rendered":"<p><strong>NUEVO LAREDO.- <\/strong>Este viernes 27 de junio, el Gobierno Municipal de Nuevo Laredo llevar\u00e1 a cabo una nueva edici\u00f3n del programa Presidencia Cerquita de Ti, con el objetivo de acercar servicios esenciales y atenci\u00f3n directa a los vecinos de la colonia Colinas del Sur.<\/p>\n<p>La jornada se realizar\u00e1 de 9:00 de la ma\u00f1ana a 2:00 de la tarde, en la rotonda ubicada en Sierra Madre del Sur esquina con Bulevar Revoluci\u00f3n, donde las familias podr\u00e1n acceder de forma gratuita a m\u00faltiples servicios gubernamentales.<\/p>\n<p>Entre los apoyos disponibles destacan:<\/p>\n<p><strong>Consultas m\u00e9dicas generales, dentales, nutricionales, psicol\u00f3gicas y ginecol\u00f3gicas<br \/>\nBrigadas de salud para toda la comunidad<br \/>\nAudiencia ciudadana con diversas dependencias municipales<br \/>\nTr\u00e1mites como pagos, reportes, denuncias, asesor\u00eda legal y revisi\u00f3n de convenios<br \/>\nCorte de cabello gratuito<br \/>\nRegistro y entrega de apoyos alimentarios<br \/>\nServicios del Sistema DIF, como tr\u00e1mites de credenciales para personas con discapacidad, \u00e1rea jur\u00eddica y trabajo social<br \/>\nInformaci\u00f3n sobre talleres culturales, actividades deportivas y programas sociales<\/strong><\/p>\n<p>Con esta acci\u00f3n, el Gobierno de Nuevo Laredo, encabezado por la presidenta municipal Carmen Lilia Canturosas Villarreal, reafirma su compromiso de estar cerca de las familias, facilitando el acceso a servicios de salud, atenci\u00f3n ciudadana y bienestar comunitario en cada rinc\u00f3n de la ciudad.<\/p>\n","protected":false},"excerpt":{"rendered":"<p>Este viernes se realizar\u00e1 una nueva edici\u00f3n del del programa Presidencia Cerquita de Ti, de 9:00 de la ma\u00f1ana a 2:00 de la tarde<\/p>\n","protected":false},"author":1,"featured_media":6977,"comment_status":"closed","ping_status":"closed","sticky":false,"template":"","format":"standard","meta":{"_crdt_document":"","_jetpack_memberships_contains_paid_content":false,"footnotes":"","jetpack_publicize_message":"","jetpack_publicize_feature_enabled":true,"jetpack_social_post_already_shared":true,"jetpack_social_options":{"image_generator_settings":{"template":"highway","default_image_id":0,"font":"","enabled":false},"version":2},"_wpas_customize_per_network":false},"categories":[4],"tags":[],"class_list":["post-6976","post","type-post","status-publish","format-standard","has-post-thumbnail","hentry","category-los-dos-laredos"],"magazineBlocksPostFeaturedMedia":{"thumbnail":"https:\/\/pornuestrolaredo.com\/wp-content\/uploads\/2025\/06\/PNL-20250626-2-150x150.jpg","medium":"https:\/\/pornuestrolaredo.com\/wp-content\/uploads\/2025\/06\/PNL-20250626-2-300x191.jpg","medium_large":"https:\/\/pornuestrolaredo.com\/wp-content\/uploads\/2025\/06\/PNL-20250626-2-768x490.jpg","large":"https:\/\/pornuestrolaredo.com\/wp-content\/uploads\/2025\/06\/PNL-20250626-2-1000x638.jpg","1536x1536":"https:\/\/pornuestrolaredo.com\/wp-content\/uploads\/2025\/06\/PNL-20250626-2-1536x980.jpg","2048x2048":"https:\/\/pornuestrolaredo.com\/wp-content\/uploads\/2025\/06\/PNL-20250626-2.jpg","morenews-large":"https:\/\/pornuestrolaredo.com\/wp-content\/uploads\/2025\/06\/PNL-20250626-2.jpg","morenews-medium":"https:\/\/pornuestrolaredo.com\/wp-content\/uploads\/2025\/06\/PNL-20250626-2.jpg"},"magazineBlocksPostAuthor":{"name":"Redactor","avatar":"https:\/\/pornuestrolaredo.com\/wp-content\/litespeed\/avatar\/dca1d7ec750c399f025f23b0b314f4cf.jpg?ver=1777612120"},"magazineBlocksPostCommentsNumber":false,"magazineBlocksPostExcerpt":"Este viernes se realizar\u00e1 una nueva edici\u00f3n del del programa Presidencia Cerquita de Ti, de 9:00 de la ma\u00f1ana a 2:00 de la tarde","magazineBlocksPostCategories":["Los dos Laredos"],"magazineBlocksPostViewCount":95,"magazineBlocksPostReadTime":2,"magazine_blocks_featured_image_url":{"full":["https:\/\/pornuestrolaredo.com\/wp-content\/uploads\/2025\/06\/PNL-20250626-2.jpg",1600,1021,false],"medium":["https:\/\/pornuestrolaredo.com\/wp-content\/uploads\/2025\/06\/PNL-20250626-2-300x191.jpg",300,191,true],"thumbnail":["https:\/\/pornuestrolaredo.com\/wp-content\/uploads\/2025\/06\/PNL-20250626-2-150x150.jpg",150,150,true]},"magazine_blocks_author":{"display_name":"Redactor","author_link":"https:\/\/pornuestrolaredo.com\/?author=1"},"magazine_blocks_comment":0,"magazine_blocks_author_image":"https:\/\/pornuestrolaredo.com\/wp-content\/litespeed\/avatar\/dca1d7ec750c399f025f23b0b314f4cf.jpg?ver=1777612120","magazine_blocks_category":"<a href=\"#\" class=\"category-link category-link-4\">Los dos Laredos<\/a>","jetpack_publicize_connections":[],"featured_image_urls":{"full":["https:\/\/pornuestrolaredo.com\/wp-content\/uploads\/2025\/06\/PNL-20250626-2.jpg",1600,1021,false],"thumbnail":["https:\/\/pornuestrolaredo.com\/wp-content\/uploads\/2025\/06\/PNL-20250626-2-150x150.jpg",150,150,true],"medium":["https:\/\/pornuestrolaredo.com\/wp-content\/uploads\/2025\/06\/PNL-20250626-2-300x191.jpg",300,191,true],"medium_large":["https:\/\/pornuestrolaredo.com\/wp-content\/uploads\/2025\/06\/PNL-20250626-2-768x490.jpg",640,408,true],"large":["https:\/\/pornuestrolaredo.com\/wp-content\/uploads\/2025\/06\/PNL-20250626-2-1000x638.jpg",640,408,true],"1536x1536":["https:\/\/pornuestrolaredo.com\/wp-content\/uploads\/2025\/06\/PNL-20250626-2-1536x980.jpg",1536,980,true],"2048x2048":["https:\/\/pornuestrolaredo.com\/wp-content\/uploads\/2025\/06\/PNL-20250626-2.jpg",1600,1021,false],"morenews-large":["https:\/\/pornuestrolaredo.com\/wp-content\/uploads\/2025\/06\/PNL-20250626-2.jpg",825,526,false],"morenews-medium":["https:\/\/pornuestrolaredo.com\/wp-content\/uploads\/2025\/06\/PNL-20250626-2.jpg",590,376,false]},"author_info":{"info":["Redactor"]},"category_info":"<a href=\"https:\/\/pornuestrolaredo.com\/?cat=4\" rel=\"category\">Los dos Laredos<\/a>","tag_info":"Los dos Laredos","comment_count":"0","jetpack_featured_media_url":"https:\/\/pornuestrolaredo.com\/wp-content\/uploads\/2025\/06\/PNL-20250626-2.jpg","jetpack_sharing_enabled":true,"_links":{"self":[{"href":"https:\/\/pornuestrolaredo.com\/index.php?rest_route=\/wp\/v2\/posts\/6976","targetHints":{"allow":["GET"]}}],"collection":[{"href":"https:\/\/pornuestrolaredo.com\/index.php?rest_route=\/wp\/v2\/posts"}],"about":[{"href":"https:\/\/pornuestrolaredo.com\/index.php?rest_route=\/wp\/v2\/types\/post"}],"author":[{"embeddable":true,"href":"https:\/\/pornuestrolaredo.com\/index.php?rest_route=\/wp\/v2\/users\/1"}],"replies":[{"embeddable":true,"href":"https:\/\/pornuestrolaredo.com\/index.php?rest_route=%2Fwp%2Fv2%2Fcomments&post=6976"}],"version-history":[{"count":1,"href":"https:\/\/pornuestrolaredo.com\/index.php?rest_route=\/wp\/v2\/posts\/6976\/revisions"}],"predecessor-version":[{"id":6978,"href":"https:\/\/pornuestrolaredo.com\/index.php?rest_route=\/wp\/v2\/posts\/6976\/revisions\/6978"}],"wp:featuredmedia":[{"embeddable":true,"href":"https:\/\/pornuestrolaredo.com\/index.php?rest_route=\/wp\/v2\/media\/6977"}],"wp:attachment":[{"href":"https:\/\/pornuestrolaredo.com\/index.php?rest_route=%2Fwp%2Fv2%2Fmedia&parent=6976"}],"wp:term":[{"taxonomy":"category","embeddable":true,"href":"https:\/\/pornuestrolaredo.com\/index.php?rest_route=%2Fwp%2Fv2%2Fcategories&post=6976"},{"taxonomy":"post_tag","embeddable":true,"href":"https:\/\/pornuestrolaredo.com\/index.php?rest_route=%2Fwp%2Fv2%2Ftags&post=6976"}],"curies":[{"name":"wp","href":"https:\/\/api.w.org\/{rel}","templated":true}]}}