{"id":6982,"date":"2025-06-26T14:52:13","date_gmt":"2025-06-26T19:52:13","guid":{"rendered":"https:\/\/pornuestrolaredo.com\/?p=6982"},"modified":"2025-06-26T14:52:13","modified_gmt":"2025-06-26T19:52:13","slug":"ofrecen-programas-para-remodelar-viviendas","status":"publish","type":"post","link":"https:\/\/pornuestrolaredo.com\/?p=6982","title":{"rendered":"Ofrecen programas para remodelar viviendas"},"content":{"rendered":"<p><strong><em>NUEVO LAREDO.-<\/em><\/strong> Quienes necesitan ampliar o remodelar su casa, pueden acudir al Instituto Municipal de Vivienda y Suelo Urbano (IMVISU) de Nuevo Laredo, que brinda brindar soluciones pr\u00e1cticas y accesibles para el mejoramiento de su patrimonio.<\/p>\n<p>Uno de los programas m\u00e1s exitosos y con gran aceptaci\u00f3n ciudadana es \u201cPinta tu fachada, pinta tu casa\u201d, el cual ofrece la oportunidad de renovar la imagen de hogares y locales comerciales a un precio accesible, gracias a un convenio con la fundaci\u00f3n Coraz\u00f3n Urbano, una instituci\u00f3n sin fines de lucro.<\/p>\n<p>\u201cYa hemos beneficiado a m\u00e1s de 230 personas con este programa. Acuden a nuestras oficinas, hacemos la medici\u00f3n del \u00e1rea a pintar y se firma un contrato. Los costos son de 50 pesos por metro cuadrado para colores b\u00e1sicos y 75 pesos para colores en tendencia, con pintura y mano de obra incluida\u201d, inform\u00f3 Carlos Montiel Saeb, director del IMVISU Nuevo Laredo.<\/p>\n<p>Este programa no solo se limita a viviendas, tambi\u00e9n est\u00e1 disponible para locales comerciales, escuelas e incluso hoteles, ampliando as\u00ed su impacto en toda la comunidad.<\/p>\n<p>Otro de los programas fundamentales del IMVISU es el de Mejoramiento de Vivienda, el cual permite a los ciudadanos realizar construcciones como cuartos, bardas, colocaci\u00f3n de vitro piso, o remodelaciones menores a trav\u00e9s de un esquema de ahorro tipo \u201ctanda\u201d.<\/p>\n<blockquote><p>El ciudadano se acerca, nos dice qu\u00e9 desea construir o mejorar, nosotros hacemos el presupuesto incluyendo materiales y permisos de construcci\u00f3n que tambi\u00e9n gestionamos y luego se establece un esquema de ahorro flexible: puede aportar semanal, quincenal o mensualmente\u201d, explic\u00f3 el director de IMVISU.<\/p><\/blockquote>\n<p>Una vez alcanzada la meta de ahorro, el beneficiario recibe los materiales a un costo preferencial gracias a acuerdos con tiendas de materiales. En caso de que el proyecto no se realice, el dinero puede ser devuelto o transformado en materiales equivalentes.<\/p>\n<p>Los interesados pueden acudir directamente a las oficinas del IMVISU o comunicarse v\u00eda WhatsApp al 867 463 0018 para solicitar informaci\u00f3n o agendar una visita para medici\u00f3n.<\/p>\n","protected":false},"excerpt":{"rendered":"<p>Tambi\u00e9n se pueden hacer proyectos como ampliaciones y mejoras a las viviendas de Nuevo Laredo<\/p>\n","protected":false},"author":1,"featured_media":6983,"comment_status":"closed","ping_status":"closed","sticky":false,"template":"","format":"standard","meta":{"_crdt_document":"","_jetpack_memberships_contains_paid_content":false,"footnotes":"","jetpack_publicize_message":"","jetpack_publicize_feature_enabled":true,"jetpack_social_post_already_shared":true,"jetpack_social_options":{"image_generator_settings":{"template":"highway","default_image_id":0,"font":"","enabled":false},"version":2},"_wpas_customize_per_network":false},"categories":[4],"tags":[],"class_list":["post-6982","post","type-post","status-publish","format-standard","has-post-thumbnail","hentry","category-los-dos-laredos"],"magazineBlocksPostFeaturedMedia":{"thumbnail":"https:\/\/pornuestrolaredo.com\/wp-content\/uploads\/2025\/06\/Stereo91-20250626-4-150x150.jpg","medium":"https:\/\/pornuestrolaredo.com\/wp-content\/uploads\/2025\/06\/Stereo91-20250626-4-300x185.jpg","medium_large":"https:\/\/pornuestrolaredo.com\/wp-content\/uploads\/2025\/06\/Stereo91-20250626-4-768x475.jpg","large":"https:\/\/pornuestrolaredo.com\/wp-content\/uploads\/2025\/06\/Stereo91-20250626-4-1000x618.jpg","1536x1536":"https:\/\/pornuestrolaredo.com\/wp-content\/uploads\/2025\/06\/Stereo91-20250626-4-1536x949.jpg","2048x2048":"https:\/\/pornuestrolaredo.com\/wp-content\/uploads\/2025\/06\/Stereo91-20250626-4.jpg","morenews-large":"https:\/\/pornuestrolaredo.com\/wp-content\/uploads\/2025\/06\/Stereo91-20250626-4.jpg","morenews-medium":"https:\/\/pornuestrolaredo.com\/wp-content\/uploads\/2025\/06\/Stereo91-20250626-4.jpg"},"magazineBlocksPostAuthor":{"name":"Redactor","avatar":"https:\/\/pornuestrolaredo.com\/wp-content\/litespeed\/avatar\/dca1d7ec750c399f025f23b0b314f4cf.jpg?ver=1777612120"},"magazineBlocksPostCommentsNumber":false,"magazineBlocksPostExcerpt":"Tambi\u00e9n se pueden hacer proyectos como ampliaciones y mejoras a las viviendas de Nuevo Laredo","magazineBlocksPostCategories":["Los dos Laredos"],"magazineBlocksPostViewCount":128,"magazineBlocksPostReadTime":2,"magazine_blocks_featured_image_url":{"full":["https:\/\/pornuestrolaredo.com\/wp-content\/uploads\/2025\/06\/Stereo91-20250626-4.jpg",1600,989,false],"medium":["https:\/\/pornuestrolaredo.com\/wp-content\/uploads\/2025\/06\/Stereo91-20250626-4-300x185.jpg",300,185,true],"thumbnail":["https:\/\/pornuestrolaredo.com\/wp-content\/uploads\/2025\/06\/Stereo91-20250626-4-150x150.jpg",150,150,true]},"magazine_blocks_author":{"display_name":"Redactor","author_link":"https:\/\/pornuestrolaredo.com\/?author=1"},"magazine_blocks_comment":0,"magazine_blocks_author_image":"https:\/\/pornuestrolaredo.com\/wp-content\/litespeed\/avatar\/dca1d7ec750c399f025f23b0b314f4cf.jpg?ver=1777612120","magazine_blocks_category":"<a href=\"#\" class=\"category-link category-link-4\">Los dos Laredos<\/a>","jetpack_publicize_connections":[],"featured_image_urls":{"full":["https:\/\/pornuestrolaredo.com\/wp-content\/uploads\/2025\/06\/Stereo91-20250626-4.jpg",1600,989,false],"thumbnail":["https:\/\/pornuestrolaredo.com\/wp-content\/uploads\/2025\/06\/Stereo91-20250626-4-150x150.jpg",150,150,true],"medium":["https:\/\/pornuestrolaredo.com\/wp-content\/uploads\/2025\/06\/Stereo91-20250626-4-300x185.jpg",300,185,true],"medium_large":["https:\/\/pornuestrolaredo.com\/wp-content\/uploads\/2025\/06\/Stereo91-20250626-4-768x475.jpg",640,396,true],"large":["https:\/\/pornuestrolaredo.com\/wp-content\/uploads\/2025\/06\/Stereo91-20250626-4-1000x618.jpg",640,396,true],"1536x1536":["https:\/\/pornuestrolaredo.com\/wp-content\/uploads\/2025\/06\/Stereo91-20250626-4-1536x949.jpg",1536,949,true],"2048x2048":["https:\/\/pornuestrolaredo.com\/wp-content\/uploads\/2025\/06\/Stereo91-20250626-4.jpg",1600,989,false],"morenews-large":["https:\/\/pornuestrolaredo.com\/wp-content\/uploads\/2025\/06\/Stereo91-20250626-4.jpg",825,510,false],"morenews-medium":["https:\/\/pornuestrolaredo.com\/wp-content\/uploads\/2025\/06\/Stereo91-20250626-4.jpg",590,365,false]},"author_info":{"info":["Redactor"]},"category_info":"<a href=\"https:\/\/pornuestrolaredo.com\/?cat=4\" rel=\"category\">Los dos Laredos<\/a>","tag_info":"Los dos Laredos","comment_count":"0","jetpack_featured_media_url":"https:\/\/pornuestrolaredo.com\/wp-content\/uploads\/2025\/06\/Stereo91-20250626-4.jpg","jetpack_sharing_enabled":true,"_links":{"self":[{"href":"https:\/\/pornuestrolaredo.com\/index.php?rest_route=\/wp\/v2\/posts\/6982","targetHints":{"allow":["GET"]}}],"collection":[{"href":"https:\/\/pornuestrolaredo.com\/index.php?rest_route=\/wp\/v2\/posts"}],"about":[{"href":"https:\/\/pornuestrolaredo.com\/index.php?rest_route=\/wp\/v2\/types\/post"}],"author":[{"embeddable":true,"href":"https:\/\/pornuestrolaredo.com\/index.php?rest_route=\/wp\/v2\/users\/1"}],"replies":[{"embeddable":true,"href":"https:\/\/pornuestrolaredo.com\/index.php?rest_route=%2Fwp%2Fv2%2Fcomments&post=6982"}],"version-history":[{"count":1,"href":"https:\/\/pornuestrolaredo.com\/index.php?rest_route=\/wp\/v2\/posts\/6982\/revisions"}],"predecessor-version":[{"id":6984,"href":"https:\/\/pornuestrolaredo.com\/index.php?rest_route=\/wp\/v2\/posts\/6982\/revisions\/6984"}],"wp:featuredmedia":[{"embeddable":true,"href":"https:\/\/pornuestrolaredo.com\/index.php?rest_route=\/wp\/v2\/media\/6983"}],"wp:attachment":[{"href":"https:\/\/pornuestrolaredo.com\/index.php?rest_route=%2Fwp%2Fv2%2Fmedia&parent=6982"}],"wp:term":[{"taxonomy":"category","embeddable":true,"href":"https:\/\/pornuestrolaredo.com\/index.php?rest_route=%2Fwp%2Fv2%2Fcategories&post=6982"},{"taxonomy":"post_tag","embeddable":true,"href":"https:\/\/pornuestrolaredo.com\/index.php?rest_route=%2Fwp%2Fv2%2Ftags&post=6982"}],"curies":[{"name":"wp","href":"https:\/\/api.w.org\/{rel}","templated":true}]}}