{"id":6988,"date":"2025-06-27T13:43:57","date_gmt":"2025-06-27T18:43:57","guid":{"rendered":"https:\/\/pornuestrolaredo.com\/?p=6988"},"modified":"2025-06-27T13:43:57","modified_gmt":"2025-06-27T18:43:57","slug":"depositan-la-beca-juntos-por-el-talento-deportivo-2025","status":"publish","type":"post","link":"https:\/\/pornuestrolaredo.com\/?p=6988","title":{"rendered":"Depositan la Beca \u2018Juntos por el Talento Deportivo 2025\u2019"},"content":{"rendered":"<p><strong><em>NUEVO LAREDO.-<\/em> <\/strong>Deportistas de Nuevo Laredo ya pueden cobrar su Beca \u201cJuntos por el Talento Deportivo 2025\u201d.<\/p>\n<p>El Gobierno Municipal de Nuevo Laredo, , realiz\u00f3 este mi\u00e9rcoles 25 de junio la primera dispersi\u00f3n de la Beca \u201cJuntos por el Talento Deportivo 2025\u201d, con una inversi\u00f3n de 1 mill\u00f3n 250 mil pesos, como parte de su compromiso para impulsar al talento local y el desarrollo integral de la juventud<\/p>\n<p>Este apoyo econ\u00f3mico fue distribuido entre 300 beneficiarios, ni\u00f1as, ni\u00f1os y j\u00f3venes deportistas que han demostrado excelencia y constancia en distintas disciplinas deportivas, y que hoy ven reconocidos sus esfuerzos gracias a una pol\u00edtica p\u00fablica que apuesta por el deporte como herramienta de transformaci\u00f3n social.<\/p>\n<p>Con acciones como esta, el Gobierno Municipal reafirma su compromiso de continuar generando oportunidades para que m\u00e1s talentos locales puedan desarrollarse en condiciones equitativas y representar dignamente a Nuevo Laredo a nivel estatal, nacional e internacional.<\/p>\n","protected":false},"excerpt":{"rendered":"<p>Est\u00e1 dirigida a ni\u00f1as, ni\u00f1os y j\u00f3venes deportistas que han demostrado excelencia y constancia en distintas disciplinas deportivas<\/p>\n","protected":false},"author":1,"featured_media":6989,"comment_status":"closed","ping_status":"closed","sticky":false,"template":"","format":"standard","meta":{"_crdt_document":"","_jetpack_memberships_contains_paid_content":false,"footnotes":"","jetpack_publicize_message":"","jetpack_publicize_feature_enabled":true,"jetpack_social_post_already_shared":true,"jetpack_social_options":{"image_generator_settings":{"template":"highway","default_image_id":0,"font":"","enabled":false},"version":2},"_wpas_customize_per_network":false},"categories":[4],"tags":[],"class_list":["post-6988","post","type-post","status-publish","format-standard","has-post-thumbnail","hentry","category-los-dos-laredos"],"magazineBlocksPostFeaturedMedia":{"thumbnail":"https:\/\/pornuestrolaredo.com\/wp-content\/uploads\/2025\/06\/PNL-20250627-1-150x150.jpg","medium":"https:\/\/pornuestrolaredo.com\/wp-content\/uploads\/2025\/06\/PNL-20250627-1-300x200.jpg","medium_large":"https:\/\/pornuestrolaredo.com\/wp-content\/uploads\/2025\/06\/PNL-20250627-1-768x513.jpg","large":"https:\/\/pornuestrolaredo.com\/wp-content\/uploads\/2025\/06\/PNL-20250627-1.jpg","1536x1536":"https:\/\/pornuestrolaredo.com\/wp-content\/uploads\/2025\/06\/PNL-20250627-1.jpg","2048x2048":"https:\/\/pornuestrolaredo.com\/wp-content\/uploads\/2025\/06\/PNL-20250627-1.jpg","morenews-large":"https:\/\/pornuestrolaredo.com\/wp-content\/uploads\/2025\/06\/PNL-20250627-1.jpg","morenews-medium":"https:\/\/pornuestrolaredo.com\/wp-content\/uploads\/2025\/06\/PNL-20250627-1.jpg"},"magazineBlocksPostAuthor":{"name":"Redactor","avatar":"https:\/\/pornuestrolaredo.com\/wp-content\/litespeed\/avatar\/dca1d7ec750c399f025f23b0b314f4cf.jpg?ver=1777612120"},"magazineBlocksPostCommentsNumber":false,"magazineBlocksPostExcerpt":"Est\u00e1 dirigida a ni\u00f1as, ni\u00f1os y j\u00f3venes deportistas que han demostrado excelencia y constancia en distintas disciplinas deportivas","magazineBlocksPostCategories":["Los dos Laredos"],"magazineBlocksPostViewCount":95,"magazineBlocksPostReadTime":1,"magazine_blocks_featured_image_url":{"full":["https:\/\/pornuestrolaredo.com\/wp-content\/uploads\/2025\/06\/PNL-20250627-1.jpg",907,606,false],"medium":["https:\/\/pornuestrolaredo.com\/wp-content\/uploads\/2025\/06\/PNL-20250627-1-300x200.jpg",300,200,true],"thumbnail":["https:\/\/pornuestrolaredo.com\/wp-content\/uploads\/2025\/06\/PNL-20250627-1-150x150.jpg",150,150,true]},"magazine_blocks_author":{"display_name":"Redactor","author_link":"https:\/\/pornuestrolaredo.com\/?author=1"},"magazine_blocks_comment":0,"magazine_blocks_author_image":"https:\/\/pornuestrolaredo.com\/wp-content\/litespeed\/avatar\/dca1d7ec750c399f025f23b0b314f4cf.jpg?ver=1777612120","magazine_blocks_category":"<a href=\"#\" class=\"category-link category-link-4\">Los dos Laredos<\/a>","jetpack_publicize_connections":[],"featured_image_urls":{"full":["https:\/\/pornuestrolaredo.com\/wp-content\/uploads\/2025\/06\/PNL-20250627-1.jpg",907,606,false],"thumbnail":["https:\/\/pornuestrolaredo.com\/wp-content\/uploads\/2025\/06\/PNL-20250627-1-150x150.jpg",150,150,true],"medium":["https:\/\/pornuestrolaredo.com\/wp-content\/uploads\/2025\/06\/PNL-20250627-1-300x200.jpg",300,200,true],"medium_large":["https:\/\/pornuestrolaredo.com\/wp-content\/uploads\/2025\/06\/PNL-20250627-1-768x513.jpg",640,428,true],"large":["https:\/\/pornuestrolaredo.com\/wp-content\/uploads\/2025\/06\/PNL-20250627-1.jpg",640,428,false],"1536x1536":["https:\/\/pornuestrolaredo.com\/wp-content\/uploads\/2025\/06\/PNL-20250627-1.jpg",907,606,false],"2048x2048":["https:\/\/pornuestrolaredo.com\/wp-content\/uploads\/2025\/06\/PNL-20250627-1.jpg",907,606,false],"morenews-large":["https:\/\/pornuestrolaredo.com\/wp-content\/uploads\/2025\/06\/PNL-20250627-1.jpg",825,551,false],"morenews-medium":["https:\/\/pornuestrolaredo.com\/wp-content\/uploads\/2025\/06\/PNL-20250627-1.jpg",590,394,false]},"author_info":{"info":["Redactor"]},"category_info":"<a href=\"https:\/\/pornuestrolaredo.com\/?cat=4\" rel=\"category\">Los dos Laredos<\/a>","tag_info":"Los dos Laredos","comment_count":"0","jetpack_featured_media_url":"https:\/\/pornuestrolaredo.com\/wp-content\/uploads\/2025\/06\/PNL-20250627-1.jpg","jetpack_sharing_enabled":true,"_links":{"self":[{"href":"https:\/\/pornuestrolaredo.com\/index.php?rest_route=\/wp\/v2\/posts\/6988","targetHints":{"allow":["GET"]}}],"collection":[{"href":"https:\/\/pornuestrolaredo.com\/index.php?rest_route=\/wp\/v2\/posts"}],"about":[{"href":"https:\/\/pornuestrolaredo.com\/index.php?rest_route=\/wp\/v2\/types\/post"}],"author":[{"embeddable":true,"href":"https:\/\/pornuestrolaredo.com\/index.php?rest_route=\/wp\/v2\/users\/1"}],"replies":[{"embeddable":true,"href":"https:\/\/pornuestrolaredo.com\/index.php?rest_route=%2Fwp%2Fv2%2Fcomments&post=6988"}],"version-history":[{"count":1,"href":"https:\/\/pornuestrolaredo.com\/index.php?rest_route=\/wp\/v2\/posts\/6988\/revisions"}],"predecessor-version":[{"id":6990,"href":"https:\/\/pornuestrolaredo.com\/index.php?rest_route=\/wp\/v2\/posts\/6988\/revisions\/6990"}],"wp:featuredmedia":[{"embeddable":true,"href":"https:\/\/pornuestrolaredo.com\/index.php?rest_route=\/wp\/v2\/media\/6989"}],"wp:attachment":[{"href":"https:\/\/pornuestrolaredo.com\/index.php?rest_route=%2Fwp%2Fv2%2Fmedia&parent=6988"}],"wp:term":[{"taxonomy":"category","embeddable":true,"href":"https:\/\/pornuestrolaredo.com\/index.php?rest_route=%2Fwp%2Fv2%2Fcategories&post=6988"},{"taxonomy":"post_tag","embeddable":true,"href":"https:\/\/pornuestrolaredo.com\/index.php?rest_route=%2Fwp%2Fv2%2Ftags&post=6988"}],"curies":[{"name":"wp","href":"https:\/\/api.w.org\/{rel}","templated":true}]}}