{"id":7002,"date":"2025-06-30T12:20:42","date_gmt":"2025-06-30T17:20:42","guid":{"rendered":"https:\/\/pornuestrolaredo.com\/?p=7002"},"modified":"2025-06-30T12:20:42","modified_gmt":"2025-06-30T17:20:42","slug":"abierta-la-convocatoria-para-la-academia-de-bomberos-de-nld","status":"publish","type":"post","link":"https:\/\/pornuestrolaredo.com\/?p=7002","title":{"rendered":"Abierta la convocatoria para la Academia de Bomberos de NLD"},"content":{"rendered":"<p><strong>NUEVO LAREDO.-<\/strong> Contin\u00faa abierta la convocatoria del Curso de Inducci\u00f3n a la Academia de Bomberos, dirigido a mujeres y hombres interesados en formar parte de esta honorable y esencial corporaci\u00f3n de servicio p\u00fablico.<\/p>\n<p>El secretario del Ayuntamiento, Juan \u00c1ngel Mart\u00ednez Salazar, se\u00f1al\u00f3 que con este curso se busca fortalecer el cuerpo de bomberos ante el crecimiento urbano y mejorar la capacidad de respuesta ante emergencias.<\/p>\n<blockquote><p>La convocatoria sigue abierta. Todas las personas interesadas pueden acudir a la Direcci\u00f3n de Protecci\u00f3n Civil y Bomberos para inscribirse. Posteriormente, ser\u00e1n evaluados a trav\u00e9s de un examen de admisi\u00f3n, y aquellos que lo aprueben comenzar\u00e1n los cursos de capacitaci\u00f3n a partir del mes de agosto\u201d, coment\u00f3 el secretario del Ayuntamiento.<\/p><\/blockquote>\n<p>A lo largo de tres meses, los nuevos aspirantes recibir\u00e1n formaci\u00f3n integral en diversas \u00e1reas clave para su desempe\u00f1o, con la capacitaci\u00f3n proporcionada por personal especializado de Protecci\u00f3n Civil y Bomberos.<\/p>\n<p>Hasta la fecha, cerca de 20 personas ya se han registrado para el examen de admisi\u00f3n, aunque las autoridades esperan que m\u00e1s ciudadanos se sumen, dado que no todos los registrados podr\u00e1n acreditar el examen.<\/p>\n<blockquote><p>Es necesario que el Cuerpo de Bomberos crezca con el ritmo que est\u00e1 llevando la ciudad. A medida que la poblaci\u00f3n aumenta, tambi\u00e9n lo hacen las necesidades en cuanto a seguridad y prevenci\u00f3n de emergencias\u201d, agreg\u00f3 Mart\u00ednez Salazar.<\/p><\/blockquote>\n<p>Los aspirantes deber\u00e1n prepararse para presentar varias etapas de evaluaci\u00f3n:<\/p>\n<p><strong>9 de agosto: Se llevar\u00e1 a cabo el examen de admisi\u00f3n, una evaluaci\u00f3n psicom\u00e9trica, una entrevista personal y una exigente prueba f\u00edsica.<br \/>\n13 de agosto: Publicaci\u00f3n de resultados oficiales.<br \/>\n16 de agosto: Inicio de clases del Curso de Inducci\u00f3n.<\/strong><\/p>\n<p>El curso tendr\u00e1 una duraci\u00f3n de tres meses y las sesiones se impartir\u00e1n todos los s\u00e1bados de 1:00 p.m. a 8:00 p.m., con un enfoque te\u00f3rico-pr\u00e1ctico que busca desarrollar habilidades fundamentales para el combate de incendios, rescates, primeros auxilios y atenci\u00f3n a emergencias diversas.<\/p>\n<p>Las y los aspirantes deber\u00e1n cumplir con los siguientes requisitos y presentar la documentaci\u00f3n correspondiente: ser mayor de 18 a\u00f1os, identificaci\u00f3n oficial con fotograf\u00eda (INE o pasaporte), acta de nacimiento, certificado m\u00e9dico reciente, comprobante de domicilio (no mayor a tres meses), certificado de estudios de preparatoria concluida, carta de exposici\u00f3n de motivos personales y dos cartas de recomendaci\u00f3n (preferentemente de personas con trayectoria profesional o acad\u00e9mica).<\/p>\n<p>Para mayores informes, las y los interesados pueden comunicarse al n\u00famero telef\u00f3nico (867) 712-46-35, donde personal capacitado de la Direcci\u00f3n de Protecci\u00f3n Civil y Bomberos ofrecer\u00e1 orientaci\u00f3n sobre el proceso y resolver\u00e1 cualquier duda. comprobante de domicilio (no mayor a tres meses), certificado de estudios de preparatoria concluida, carta de exposici\u00f3n de motivos personales y dos cartas de recomendaci\u00f3n (preferentemente de personas con trayectoria profesional o acad\u00e9mica).<\/p>\n<p>Para mayores informes, las y los interesados pueden comunicarse al n\u00famero telef\u00f3nico (867) 712-46-35, donde personal capacitado de la Direcci\u00f3n de Protecci\u00f3n Civil y Bomberos ofrecer\u00e1 orientaci\u00f3n sobre el proceso y resolver\u00e1 cualquier duda.<\/p>\n","protected":false},"excerpt":{"rendered":"<p>Buscan con este curso fortalecer el cuerpo de bomberos ante el crecimiento urbano y mejorar la capacidad de respuesta ante emergencias<\/p>\n","protected":false},"author":1,"featured_media":7003,"comment_status":"closed","ping_status":"closed","sticky":false,"template":"","format":"standard","meta":{"_crdt_document":"","_jetpack_memberships_contains_paid_content":false,"footnotes":"","jetpack_publicize_message":"","jetpack_publicize_feature_enabled":true,"jetpack_social_post_already_shared":true,"jetpack_social_options":{"image_generator_settings":{"template":"highway","default_image_id":0,"font":"","enabled":false},"version":2},"_wpas_customize_per_network":false},"categories":[4],"tags":[],"class_list":["post-7002","post","type-post","status-publish","format-standard","has-post-thumbnail","hentry","category-los-dos-laredos"],"magazineBlocksPostFeaturedMedia":{"thumbnail":"https:\/\/pornuestrolaredo.com\/wp-content\/uploads\/2025\/06\/Stereo91-20250630-2-150x150.jpg","medium":"https:\/\/pornuestrolaredo.com\/wp-content\/uploads\/2025\/06\/Stereo91-20250630-2-300x182.jpg","medium_large":"https:\/\/pornuestrolaredo.com\/wp-content\/uploads\/2025\/06\/Stereo91-20250630-2-768x466.jpg","large":"https:\/\/pornuestrolaredo.com\/wp-content\/uploads\/2025\/06\/Stereo91-20250630-2-1000x607.jpg","1536x1536":"https:\/\/pornuestrolaredo.com\/wp-content\/uploads\/2025\/06\/Stereo91-20250630-2-1536x932.jpg","2048x2048":"https:\/\/pornuestrolaredo.com\/wp-content\/uploads\/2025\/06\/Stereo91-20250630-2.jpg","morenews-large":"https:\/\/pornuestrolaredo.com\/wp-content\/uploads\/2025\/06\/Stereo91-20250630-2.jpg","morenews-medium":"https:\/\/pornuestrolaredo.com\/wp-content\/uploads\/2025\/06\/Stereo91-20250630-2.jpg"},"magazineBlocksPostAuthor":{"name":"Redactor","avatar":"https:\/\/pornuestrolaredo.com\/wp-content\/litespeed\/avatar\/dca1d7ec750c399f025f23b0b314f4cf.jpg?ver=1777612120"},"magazineBlocksPostCommentsNumber":false,"magazineBlocksPostExcerpt":"Buscan con este curso fortalecer el cuerpo de bomberos ante el crecimiento urbano y mejorar la capacidad de respuesta ante emergencias","magazineBlocksPostCategories":["Los dos Laredos"],"magazineBlocksPostViewCount":100,"magazineBlocksPostReadTime":3,"magazine_blocks_featured_image_url":{"full":["https:\/\/pornuestrolaredo.com\/wp-content\/uploads\/2025\/06\/Stereo91-20250630-2.jpg",1600,971,false],"medium":["https:\/\/pornuestrolaredo.com\/wp-content\/uploads\/2025\/06\/Stereo91-20250630-2-300x182.jpg",300,182,true],"thumbnail":["https:\/\/pornuestrolaredo.com\/wp-content\/uploads\/2025\/06\/Stereo91-20250630-2-150x150.jpg",150,150,true]},"magazine_blocks_author":{"display_name":"Redactor","author_link":"https:\/\/pornuestrolaredo.com\/?author=1"},"magazine_blocks_comment":0,"magazine_blocks_author_image":"https:\/\/pornuestrolaredo.com\/wp-content\/litespeed\/avatar\/dca1d7ec750c399f025f23b0b314f4cf.jpg?ver=1777612120","magazine_blocks_category":"<a href=\"#\" class=\"category-link category-link-4\">Los dos Laredos<\/a>","jetpack_publicize_connections":[],"featured_image_urls":{"full":["https:\/\/pornuestrolaredo.com\/wp-content\/uploads\/2025\/06\/Stereo91-20250630-2.jpg",1600,971,false],"thumbnail":["https:\/\/pornuestrolaredo.com\/wp-content\/uploads\/2025\/06\/Stereo91-20250630-2-150x150.jpg",150,150,true],"medium":["https:\/\/pornuestrolaredo.com\/wp-content\/uploads\/2025\/06\/Stereo91-20250630-2-300x182.jpg",300,182,true],"medium_large":["https:\/\/pornuestrolaredo.com\/wp-content\/uploads\/2025\/06\/Stereo91-20250630-2-768x466.jpg",640,388,true],"large":["https:\/\/pornuestrolaredo.com\/wp-content\/uploads\/2025\/06\/Stereo91-20250630-2-1000x607.jpg",640,388,true],"1536x1536":["https:\/\/pornuestrolaredo.com\/wp-content\/uploads\/2025\/06\/Stereo91-20250630-2-1536x932.jpg",1536,932,true],"2048x2048":["https:\/\/pornuestrolaredo.com\/wp-content\/uploads\/2025\/06\/Stereo91-20250630-2.jpg",1600,971,false],"morenews-large":["https:\/\/pornuestrolaredo.com\/wp-content\/uploads\/2025\/06\/Stereo91-20250630-2.jpg",825,501,false],"morenews-medium":["https:\/\/pornuestrolaredo.com\/wp-content\/uploads\/2025\/06\/Stereo91-20250630-2.jpg",590,358,false]},"author_info":{"info":["Redactor"]},"category_info":"<a href=\"https:\/\/pornuestrolaredo.com\/?cat=4\" rel=\"category\">Los dos Laredos<\/a>","tag_info":"Los dos Laredos","comment_count":"0","jetpack_featured_media_url":"https:\/\/pornuestrolaredo.com\/wp-content\/uploads\/2025\/06\/Stereo91-20250630-2.jpg","jetpack_sharing_enabled":true,"_links":{"self":[{"href":"https:\/\/pornuestrolaredo.com\/index.php?rest_route=\/wp\/v2\/posts\/7002","targetHints":{"allow":["GET"]}}],"collection":[{"href":"https:\/\/pornuestrolaredo.com\/index.php?rest_route=\/wp\/v2\/posts"}],"about":[{"href":"https:\/\/pornuestrolaredo.com\/index.php?rest_route=\/wp\/v2\/types\/post"}],"author":[{"embeddable":true,"href":"https:\/\/pornuestrolaredo.com\/index.php?rest_route=\/wp\/v2\/users\/1"}],"replies":[{"embeddable":true,"href":"https:\/\/pornuestrolaredo.com\/index.php?rest_route=%2Fwp%2Fv2%2Fcomments&post=7002"}],"version-history":[{"count":1,"href":"https:\/\/pornuestrolaredo.com\/index.php?rest_route=\/wp\/v2\/posts\/7002\/revisions"}],"predecessor-version":[{"id":7004,"href":"https:\/\/pornuestrolaredo.com\/index.php?rest_route=\/wp\/v2\/posts\/7002\/revisions\/7004"}],"wp:featuredmedia":[{"embeddable":true,"href":"https:\/\/pornuestrolaredo.com\/index.php?rest_route=\/wp\/v2\/media\/7003"}],"wp:attachment":[{"href":"https:\/\/pornuestrolaredo.com\/index.php?rest_route=%2Fwp%2Fv2%2Fmedia&parent=7002"}],"wp:term":[{"taxonomy":"category","embeddable":true,"href":"https:\/\/pornuestrolaredo.com\/index.php?rest_route=%2Fwp%2Fv2%2Fcategories&post=7002"},{"taxonomy":"post_tag","embeddable":true,"href":"https:\/\/pornuestrolaredo.com\/index.php?rest_route=%2Fwp%2Fv2%2Ftags&post=7002"}],"curies":[{"name":"wp","href":"https:\/\/api.w.org\/{rel}","templated":true}]}}