{"id":7005,"date":"2025-06-30T18:58:34","date_gmt":"2025-06-30T23:58:34","guid":{"rendered":"https:\/\/pornuestrolaredo.com\/?p=7005"},"modified":"2025-06-30T18:58:34","modified_gmt":"2025-06-30T23:58:34","slug":"buscan-un-nuevo-laredo-mas-verde","status":"publish","type":"post","link":"https:\/\/pornuestrolaredo.com\/?p=7005","title":{"rendered":"Buscan un Nuevo Laredo m\u00e1s verde"},"content":{"rendered":"<p><strong>NUEVO LAREDO.-<\/strong>  El Gobierno Municipal de Nuevo Laredo refrend\u00f3 su compromiso con la sostenibilidad al firmar un convenio de colaboraci\u00f3n con la Secretar\u00eda de Desarrollo Urbano y Medio Ambiente (SEDUMA) del Gobierno de Tamaulipas, con el objetivo de sumarse a la estrateg\u00eda del gobernador Am\u00e9rico Villarreal Anaya  de reforestaci\u00f3n, conservaci\u00f3n de especies nativas y fomento de una cultura ambiental sostenible.<\/p>\n<p>La firma fue encabezada por la presidenta municipal Carmen Lilia Canturosas Villarreal y la titular de SEDUMA, Karina Lizeth Saldivar Lartigue, quienes destacaron la importancia de esta alianza estrat\u00e9gica que busca coordinar esfuerzos entre los tres niveles de gobierno para fortalecer la agenda ambiental en la ciudad.<\/p>\n<blockquote><p>Hoy, marcamos un instante decisivo a\u00fan m\u00e1s trascendental en este camino. Con orgullo y optimismo, formalizamos una alianza estrat\u00e9gica vital con la Secretar\u00eda de Desarrollo Urbano y Medio Ambiente del Estado, una instituci\u00f3n encabezada con visi\u00f3n estrat\u00e9gica de la distinguida Arquitecta Karina Saldivar Lartigue, bajo el liderazgo progresista y comprometido de nuestro amigo Gobernador, el Dr. Am\u00e9rico Villarreal Anaya que siempre como humanista que es ha impulsado medidas en favor de nuestro medio ambiente\u201d, expres\u00f3 la alcaldesa durante su intervenci\u00f3n.<\/p><\/blockquote>\n<p>A trav\u00e9s de este acuerdo, se emprender\u00e1n acciones como la donaci\u00f3n masiva de \u00e1rboles, la reforestaci\u00f3n sistem\u00e1tica de espacios p\u00fablicos con especies nativas adaptadas al ecosistema local, y una intensa promoci\u00f3n de la conciencia ambiental entre la ciudadan\u00eda. <\/p>\n<blockquote><p>Estas acciones se traducir\u00e1n en pulmones verdes que oxigenar\u00e1n nuestra ciudad, en aire m\u00e1s limpio que mejorar\u00e1 nuestra salud y en una ciudadan\u00eda empoderada que se reconocer\u00e1 y asumir\u00e1 su rol como guardiana activa de su entorno\u201d, afirm\u00f3 la alcaldesa.<\/p><\/blockquote>\n<p>La presidenta municipal subray\u00f3 que con este instrumento de colaboraci\u00f3n se optimizar\u00e1n recursos de manera inteligente, se fortalecer\u00e1 la gobernanza ambiental en todos sus niveles y se alinear\u00e1n las metas locales con las pol\u00edticas estatales, demostrando que la coordinaci\u00f3n intergubernamental \u201cno solo suma esfuerzos, sino que multiplica los beneficios para nuestra gente y nuestro planeta\u201d.<\/p>\n<p>Por su parte, la titular de SEDUMA destac\u00f3 que el convenio firmado impulsa ejes fundamentales como lo son la protecci\u00f3n de las \u00e1reas verdes, la reforestaci\u00f3n urbana y la educaci\u00f3n ambiental en las aulas as\u00ed como estrategias firmes para mitigar el cambio clim\u00e1tico.<\/p>\n<blockquote><p>Lo m\u00e1s valioso de todo es que estos \u00e1rboles ser\u00e1n sembrados en Nuevo Laredo generando vida y bienestar para las familias. Agradecemos a las empresas por este compromiso ambiental con la donaci\u00f3n de \u00e1rboles. Queremos reconocer el extraordinario esfuerzo que se hizo en El Laguito, hoy es un espacio transformado gracias al trabajo del Gobierno Municipal, ahora las familias pueden disfrutarlo, gracias por sumarse y poner el coraz\u00f3n en cada acci\u00f3n\u201d, resalt\u00f3 la secretaria. <\/p><\/blockquote>\n<p>Luego de la firma los funcionarios se trasladaron hasta el Parque Ecol\u00f3gico El Laguito, uno de los espacios m\u00e1s emblem\u00e1ticos de la ciudad y que recientemente fue rescatado del abandono y la contaminaci\u00f3n a trav\u00e9s de una inversi\u00f3n superior a los 88 millones de pesos que contempl\u00f3 la erradicaci\u00f3n de siete descargas de aguas negras, modernizaci\u00f3n de drenaje pluvial y sanitario, erradicaci\u00f3n de lirio acu\u00e1tico, remodelaci\u00f3n del parque y construcci\u00f3n de un puente panor\u00e1mico. <\/p>\n<p>Como parte del compromiso ambiental de la administraci\u00f3n municipal, destaca la creaci\u00f3n de la Coordinaci\u00f3n General de Gesti\u00f3n Ambiental, desde donde se han plantado mil 632 \u00e1rboles, impartido 218 pl\u00e1ticas de concientizaci\u00f3n ambiental, recolectado y procesado m\u00e1s de 11 toneladas de residuos, adem\u00e1s de establecer una red de captaci\u00f3n de PET con participaci\u00f3n ciudadana, y ejecutar brigadas constantes de limpieza en colonias y espacios p\u00fablicos. <\/p>\n<p>Estas acciones han fortalecido la educaci\u00f3n ambiental, promovido la econom\u00eda circular y mejorado significativamente la calidad del aire en la ciudad.<\/p>\n<p>Con este nuevo convenio, Nuevo Laredo da un paso firme hacia la construcci\u00f3n de una ciudad m\u00e1s verde, resiliente y comprometida con el futuro del planeta.<\/p>\n","protected":false},"excerpt":{"rendered":"<p>Firman convenio de convenio de colaboraci\u00f3n la alcaldesa Carmen Lilia Canturosas y la la Secretar\u00eda de Desarrollo Urbano y Medio Ambiente del Gobierno de Tamaulipas<\/p>\n","protected":false},"author":1,"featured_media":7006,"comment_status":"closed","ping_status":"closed","sticky":false,"template":"","format":"standard","meta":{"_crdt_document":"","_jetpack_memberships_contains_paid_content":false,"footnotes":"","jetpack_publicize_message":"","jetpack_publicize_feature_enabled":true,"jetpack_social_post_already_shared":true,"jetpack_social_options":{"image_generator_settings":{"template":"highway","default_image_id":0,"font":"","enabled":false},"version":2},"_wpas_customize_per_network":false},"categories":[4],"tags":[],"class_list":["post-7005","post","type-post","status-publish","format-standard","has-post-thumbnail","hentry","category-los-dos-laredos"],"magazineBlocksPostFeaturedMedia":{"thumbnail":"https:\/\/pornuestrolaredo.com\/wp-content\/uploads\/2025\/06\/Stereo91-20250630-3-150x150.jpg","medium":"https:\/\/pornuestrolaredo.com\/wp-content\/uploads\/2025\/06\/Stereo91-20250630-3-300x182.jpg","medium_large":"https:\/\/pornuestrolaredo.com\/wp-content\/uploads\/2025\/06\/Stereo91-20250630-3-768x467.jpg","large":"https:\/\/pornuestrolaredo.com\/wp-content\/uploads\/2025\/06\/Stereo91-20250630-3.jpg","1536x1536":"https:\/\/pornuestrolaredo.com\/wp-content\/uploads\/2025\/06\/Stereo91-20250630-3.jpg","2048x2048":"https:\/\/pornuestrolaredo.com\/wp-content\/uploads\/2025\/06\/Stereo91-20250630-3.jpg","morenews-large":"https:\/\/pornuestrolaredo.com\/wp-content\/uploads\/2025\/06\/Stereo91-20250630-3.jpg","morenews-medium":"https:\/\/pornuestrolaredo.com\/wp-content\/uploads\/2025\/06\/Stereo91-20250630-3.jpg"},"magazineBlocksPostAuthor":{"name":"Redactor","avatar":"https:\/\/pornuestrolaredo.com\/wp-content\/litespeed\/avatar\/dca1d7ec750c399f025f23b0b314f4cf.jpg?ver=1777612120"},"magazineBlocksPostCommentsNumber":false,"magazineBlocksPostExcerpt":"Firman convenio de convenio de colaboraci\u00f3n la alcaldesa Carmen Lilia Canturosas y la la Secretar\u00eda de Desarrollo Urbano y Medio Ambiente del Gobierno de Tamaulipas","magazineBlocksPostCategories":["Los dos Laredos"],"magazineBlocksPostViewCount":303,"magazineBlocksPostReadTime":4,"magazine_blocks_featured_image_url":{"full":["https:\/\/pornuestrolaredo.com\/wp-content\/uploads\/2025\/06\/Stereo91-20250630-3.jpg",964,586,false],"medium":["https:\/\/pornuestrolaredo.com\/wp-content\/uploads\/2025\/06\/Stereo91-20250630-3-300x182.jpg",300,182,true],"thumbnail":["https:\/\/pornuestrolaredo.com\/wp-content\/uploads\/2025\/06\/Stereo91-20250630-3-150x150.jpg",150,150,true]},"magazine_blocks_author":{"display_name":"Redactor","author_link":"https:\/\/pornuestrolaredo.com\/?author=1"},"magazine_blocks_comment":0,"magazine_blocks_author_image":"https:\/\/pornuestrolaredo.com\/wp-content\/litespeed\/avatar\/dca1d7ec750c399f025f23b0b314f4cf.jpg?ver=1777612120","magazine_blocks_category":"<a href=\"#\" class=\"category-link category-link-4\">Los dos Laredos<\/a>","jetpack_publicize_connections":[],"featured_image_urls":{"full":["https:\/\/pornuestrolaredo.com\/wp-content\/uploads\/2025\/06\/Stereo91-20250630-3.jpg",964,586,false],"thumbnail":["https:\/\/pornuestrolaredo.com\/wp-content\/uploads\/2025\/06\/Stereo91-20250630-3-150x150.jpg",150,150,true],"medium":["https:\/\/pornuestrolaredo.com\/wp-content\/uploads\/2025\/06\/Stereo91-20250630-3-300x182.jpg",300,182,true],"medium_large":["https:\/\/pornuestrolaredo.com\/wp-content\/uploads\/2025\/06\/Stereo91-20250630-3-768x467.jpg",640,389,true],"large":["https:\/\/pornuestrolaredo.com\/wp-content\/uploads\/2025\/06\/Stereo91-20250630-3.jpg",640,389,false],"1536x1536":["https:\/\/pornuestrolaredo.com\/wp-content\/uploads\/2025\/06\/Stereo91-20250630-3.jpg",964,586,false],"2048x2048":["https:\/\/pornuestrolaredo.com\/wp-content\/uploads\/2025\/06\/Stereo91-20250630-3.jpg",964,586,false],"morenews-large":["https:\/\/pornuestrolaredo.com\/wp-content\/uploads\/2025\/06\/Stereo91-20250630-3.jpg",825,502,false],"morenews-medium":["https:\/\/pornuestrolaredo.com\/wp-content\/uploads\/2025\/06\/Stereo91-20250630-3.jpg",590,359,false]},"author_info":{"info":["Redactor"]},"category_info":"<a href=\"https:\/\/pornuestrolaredo.com\/?cat=4\" rel=\"category\">Los dos Laredos<\/a>","tag_info":"Los dos Laredos","comment_count":"0","jetpack_featured_media_url":"https:\/\/pornuestrolaredo.com\/wp-content\/uploads\/2025\/06\/Stereo91-20250630-3.jpg","jetpack_sharing_enabled":true,"_links":{"self":[{"href":"https:\/\/pornuestrolaredo.com\/index.php?rest_route=\/wp\/v2\/posts\/7005","targetHints":{"allow":["GET"]}}],"collection":[{"href":"https:\/\/pornuestrolaredo.com\/index.php?rest_route=\/wp\/v2\/posts"}],"about":[{"href":"https:\/\/pornuestrolaredo.com\/index.php?rest_route=\/wp\/v2\/types\/post"}],"author":[{"embeddable":true,"href":"https:\/\/pornuestrolaredo.com\/index.php?rest_route=\/wp\/v2\/users\/1"}],"replies":[{"embeddable":true,"href":"https:\/\/pornuestrolaredo.com\/index.php?rest_route=%2Fwp%2Fv2%2Fcomments&post=7005"}],"version-history":[{"count":1,"href":"https:\/\/pornuestrolaredo.com\/index.php?rest_route=\/wp\/v2\/posts\/7005\/revisions"}],"predecessor-version":[{"id":7007,"href":"https:\/\/pornuestrolaredo.com\/index.php?rest_route=\/wp\/v2\/posts\/7005\/revisions\/7007"}],"wp:featuredmedia":[{"embeddable":true,"href":"https:\/\/pornuestrolaredo.com\/index.php?rest_route=\/wp\/v2\/media\/7006"}],"wp:attachment":[{"href":"https:\/\/pornuestrolaredo.com\/index.php?rest_route=%2Fwp%2Fv2%2Fmedia&parent=7005"}],"wp:term":[{"taxonomy":"category","embeddable":true,"href":"https:\/\/pornuestrolaredo.com\/index.php?rest_route=%2Fwp%2Fv2%2Fcategories&post=7005"},{"taxonomy":"post_tag","embeddable":true,"href":"https:\/\/pornuestrolaredo.com\/index.php?rest_route=%2Fwp%2Fv2%2Ftags&post=7005"}],"curies":[{"name":"wp","href":"https:\/\/api.w.org\/{rel}","templated":true}]}}