{"id":7008,"date":"2025-07-01T13:28:43","date_gmt":"2025-07-01T18:28:43","guid":{"rendered":"https:\/\/pornuestrolaredo.com\/?p=7008"},"modified":"2025-07-01T13:33:10","modified_gmt":"2025-07-01T18:33:10","slug":"amplian-exposicion-de-los-tecos-en-el-archivo-general","status":"publish","type":"post","link":"https:\/\/pornuestrolaredo.com\/?p=7008","title":{"rendered":"Ampl\u00edan exposici\u00f3n de los Tecos en el Archivo General"},"content":{"rendered":"<p><strong>NUEVO LAREDO.-<\/strong> Con motivo de la temporada vacacional de verano, la exposici\u00f3n \u201cTecos \/ 85 a\u00f1os de Orgullo Fronterizo\u201d aplazar\u00e1 su permanencia en la sala de exposiciones temporales del Archivo General del Municipio.<\/p>\n<p>Carlos Z\u00fa\u00f1iga Garza, director del archivo, coment\u00f3 que dicha exposici\u00f3n se organiz\u00f3 en coordinaci\u00f3n con Tecos de los Dos Laredos para celebrar esta temporada el 85 aniversario de la fundaci\u00f3n del equipo de b\u00e9isbol representativo de esta frontera.<\/p>\n<blockquote><p>La exposici\u00f3n fue inaugurada en abril y se ten\u00eda planeado retirarla a fines de junio, pero hemos decidido mantenerla abierta al p\u00fablico durante un mes m\u00e1s\u201d, se\u00f1al\u00f3.<\/p><\/blockquote>\n<p>De esa forma permanecer\u00e1 abierta hasta fines de julio, con la idea de que los padres de familia puedan traer a sus ni\u00f1os por las ma\u00f1anas a ver esta exposici\u00f3n que ha recibido muy buenos comentarios.<\/p>\n<p>La exhibici\u00f3n hace un recorrido por la historia de los Tecos, desde su primera temporada con el nombre de \u201cLa Junta\u201d, los estadios que ha tenido, los campeonatos que ha logrado, sus mejores managers y jugadores, as\u00ed como la participaci\u00f3n de su p\u00fablico.<\/p>\n<p>Z\u00fa\u00f1iga dijo que la exposici\u00f3n est\u00e1 muy nutrida de objetos relacionados con nuestro equipo de b\u00e9isbol, mismos que fueron presados por los aficionados y exjugadores que los han coleccionado durante a\u00f1os.<\/p>\n<blockquote><p>Queremos avisar a todas las personas que nos prestaron sus piezas de colecci\u00f3n que las retendremos un mes m\u00e1s, aunque se pueden hacer excepciones si alguien necesita recuperar lo que prest\u00f3 para la exposici\u00f3n\u201d, subray\u00f3 el director del Archivo Hist\u00f3rico.<\/p><\/blockquote>\n<p>Cabe destacar que por medio de una convocatoria fueron 27 aficionados los que acudieron al archivo y prestaron para esta muestra m\u00e1s de un centenar de piezas, entre carteles, fotograf\u00edas, peri\u00f3dicos, documentos, boletos, \u00e1lbumes, uniformes, pelotas, guates, gorras, camisetas, trofeos y dem\u00e1s suvenires de distintas \u00e9pocas.<\/p>\n<p>Las piezas se exhiben y permanecen resguardadas en vitrinas, lo que convierte al recorrido en toda una aventura por los grandes \u00e9xitos del equipo local. Incluso se exhiben varios videos relacionados con la historia del b\u00e9isbol profesional en esta frontera.<\/p>\n<p>El Archivo General del Municipio, tambi\u00e9n conocido como Archivo Hist\u00f3rico, se encuentra ubicado en C\u00e9sar L\u00f3pez de Lara # 1106 (esquina con Arteaga) en el antiguo edificio de la Estaci\u00f3n de Ferrocarril. El horario es de 8:00 a 15:30 horas de lunes a viernes, y de 9:00 a 13:00 horas los s\u00e1bados.<\/p>\n","protected":false},"excerpt":{"rendered":"<p>Se extender\u00e1 un mes m\u00e1s para que los padres de familia lleven a sus hijos en la temporada vacacional<\/p>\n","protected":false},"author":1,"featured_media":7009,"comment_status":"closed","ping_status":"closed","sticky":false,"template":"","format":"standard","meta":{"_crdt_document":"","_jetpack_memberships_contains_paid_content":false,"footnotes":"","jetpack_publicize_message":"","jetpack_publicize_feature_enabled":true,"jetpack_social_post_already_shared":true,"jetpack_social_options":{"image_generator_settings":{"template":"highway","default_image_id":0,"font":"","enabled":false},"version":2},"_wpas_customize_per_network":false},"categories":[4],"tags":[],"class_list":["post-7008","post","type-post","status-publish","format-standard","has-post-thumbnail","hentry","category-los-dos-laredos"],"magazineBlocksPostFeaturedMedia":{"thumbnail":"https:\/\/pornuestrolaredo.com\/wp-content\/uploads\/2025\/07\/PNL-20250701-1-150x150.jpg","medium":"https:\/\/pornuestrolaredo.com\/wp-content\/uploads\/2025\/07\/PNL-20250701-1-300x208.jpg","medium_large":"https:\/\/pornuestrolaredo.com\/wp-content\/uploads\/2025\/07\/PNL-20250701-1-768x533.jpg","large":"https:\/\/pornuestrolaredo.com\/wp-content\/uploads\/2025\/07\/PNL-20250701-1.jpg","1536x1536":"https:\/\/pornuestrolaredo.com\/wp-content\/uploads\/2025\/07\/PNL-20250701-1.jpg","2048x2048":"https:\/\/pornuestrolaredo.com\/wp-content\/uploads\/2025\/07\/PNL-20250701-1.jpg","morenews-large":"https:\/\/pornuestrolaredo.com\/wp-content\/uploads\/2025\/07\/PNL-20250701-1.jpg","morenews-medium":"https:\/\/pornuestrolaredo.com\/wp-content\/uploads\/2025\/07\/PNL-20250701-1.jpg"},"magazineBlocksPostAuthor":{"name":"Redactor","avatar":"https:\/\/pornuestrolaredo.com\/wp-content\/litespeed\/avatar\/dca1d7ec750c399f025f23b0b314f4cf.jpg?ver=1777612120"},"magazineBlocksPostCommentsNumber":false,"magazineBlocksPostExcerpt":"Se extender\u00e1 un mes m\u00e1s para que los padres de familia lleven a sus hijos en la temporada vacacional\r\n","magazineBlocksPostCategories":["Los dos Laredos"],"magazineBlocksPostViewCount":127,"magazineBlocksPostReadTime":3,"magazine_blocks_featured_image_url":{"full":["https:\/\/pornuestrolaredo.com\/wp-content\/uploads\/2025\/07\/PNL-20250701-1.jpg",964,669,false],"medium":["https:\/\/pornuestrolaredo.com\/wp-content\/uploads\/2025\/07\/PNL-20250701-1-300x208.jpg",300,208,true],"thumbnail":["https:\/\/pornuestrolaredo.com\/wp-content\/uploads\/2025\/07\/PNL-20250701-1-150x150.jpg",150,150,true]},"magazine_blocks_author":{"display_name":"Redactor","author_link":"https:\/\/pornuestrolaredo.com\/?author=1"},"magazine_blocks_comment":0,"magazine_blocks_author_image":"https:\/\/pornuestrolaredo.com\/wp-content\/litespeed\/avatar\/dca1d7ec750c399f025f23b0b314f4cf.jpg?ver=1777612120","magazine_blocks_category":"<a href=\"#\" class=\"category-link category-link-4\">Los dos Laredos<\/a>","jetpack_publicize_connections":[],"featured_image_urls":{"full":["https:\/\/pornuestrolaredo.com\/wp-content\/uploads\/2025\/07\/PNL-20250701-1.jpg",964,669,false],"thumbnail":["https:\/\/pornuestrolaredo.com\/wp-content\/uploads\/2025\/07\/PNL-20250701-1-150x150.jpg",150,150,true],"medium":["https:\/\/pornuestrolaredo.com\/wp-content\/uploads\/2025\/07\/PNL-20250701-1-300x208.jpg",300,208,true],"medium_large":["https:\/\/pornuestrolaredo.com\/wp-content\/uploads\/2025\/07\/PNL-20250701-1-768x533.jpg",640,444,true],"large":["https:\/\/pornuestrolaredo.com\/wp-content\/uploads\/2025\/07\/PNL-20250701-1.jpg",640,444,false],"1536x1536":["https:\/\/pornuestrolaredo.com\/wp-content\/uploads\/2025\/07\/PNL-20250701-1.jpg",964,669,false],"2048x2048":["https:\/\/pornuestrolaredo.com\/wp-content\/uploads\/2025\/07\/PNL-20250701-1.jpg",964,669,false],"morenews-large":["https:\/\/pornuestrolaredo.com\/wp-content\/uploads\/2025\/07\/PNL-20250701-1.jpg",825,573,false],"morenews-medium":["https:\/\/pornuestrolaredo.com\/wp-content\/uploads\/2025\/07\/PNL-20250701-1.jpg",590,410,false]},"author_info":{"info":["Redactor"]},"category_info":"<a href=\"https:\/\/pornuestrolaredo.com\/?cat=4\" rel=\"category\">Los dos Laredos<\/a>","tag_info":"Los dos Laredos","comment_count":"0","jetpack_featured_media_url":"https:\/\/pornuestrolaredo.com\/wp-content\/uploads\/2025\/07\/PNL-20250701-1.jpg","jetpack_sharing_enabled":true,"_links":{"self":[{"href":"https:\/\/pornuestrolaredo.com\/index.php?rest_route=\/wp\/v2\/posts\/7008","targetHints":{"allow":["GET"]}}],"collection":[{"href":"https:\/\/pornuestrolaredo.com\/index.php?rest_route=\/wp\/v2\/posts"}],"about":[{"href":"https:\/\/pornuestrolaredo.com\/index.php?rest_route=\/wp\/v2\/types\/post"}],"author":[{"embeddable":true,"href":"https:\/\/pornuestrolaredo.com\/index.php?rest_route=\/wp\/v2\/users\/1"}],"replies":[{"embeddable":true,"href":"https:\/\/pornuestrolaredo.com\/index.php?rest_route=%2Fwp%2Fv2%2Fcomments&post=7008"}],"version-history":[{"count":1,"href":"https:\/\/pornuestrolaredo.com\/index.php?rest_route=\/wp\/v2\/posts\/7008\/revisions"}],"predecessor-version":[{"id":7010,"href":"https:\/\/pornuestrolaredo.com\/index.php?rest_route=\/wp\/v2\/posts\/7008\/revisions\/7010"}],"wp:featuredmedia":[{"embeddable":true,"href":"https:\/\/pornuestrolaredo.com\/index.php?rest_route=\/wp\/v2\/media\/7009"}],"wp:attachment":[{"href":"https:\/\/pornuestrolaredo.com\/index.php?rest_route=%2Fwp%2Fv2%2Fmedia&parent=7008"}],"wp:term":[{"taxonomy":"category","embeddable":true,"href":"https:\/\/pornuestrolaredo.com\/index.php?rest_route=%2Fwp%2Fv2%2Fcategories&post=7008"},{"taxonomy":"post_tag","embeddable":true,"href":"https:\/\/pornuestrolaredo.com\/index.php?rest_route=%2Fwp%2Fv2%2Ftags&post=7008"}],"curies":[{"name":"wp","href":"https:\/\/api.w.org\/{rel}","templated":true}]}}