{"id":7032,"date":"2025-07-07T14:35:09","date_gmt":"2025-07-07T19:35:09","guid":{"rendered":"https:\/\/pornuestrolaredo.com\/?p=7032"},"modified":"2025-07-07T14:35:09","modified_gmt":"2025-07-07T19:35:09","slug":"abre-fuego-contra-patrulla-fronteriza-en-mcallen-lo-abaten","status":"publish","type":"post","link":"https:\/\/pornuestrolaredo.com\/?p=7032","title":{"rendered":"Abre fuego contra Patrulla Fronteriza en McAllen; lo abaten"},"content":{"rendered":"<p><strong>MCALLEN.-<\/strong> Un hombre de 27 a\u00f1os fue abatido el lunes luego de abrir fuego en una instalaci\u00f3n de la Patrulla Fronteriza de Estados Unidos en McAllen, Texas, informaron las autoridades.<\/p>\n<p>Ryan Louis Mosqueda ten\u00eda un fusil de asalto y portaba un chaleco t\u00e1ctico cuando los agentes federales respondieron al fuego el lunes por la ma\u00f1ana, indic\u00f3 el jefe de polic\u00eda de McAllen, Victor Rodriguez, a los periodistas. <\/p>\n<p>Rodriguez agreg\u00f3 que la polic\u00eda recibi\u00f3 una llamada sobre el tiroteo alrededor de las 5:50 de la ma\u00f1ana y que Mosqueda realiz\u00f3 docenas de disparos.<\/p>\n<p>El tiroteo tuvo lugar en una instalaci\u00f3n al otro lado de la calle del Aeropuerto Internacional de McAllen, el cual fue cerrado como medida de precauci\u00f3n.<\/p>\n<p>Las agencias policiales detallaron que encontraron otro fusil, m\u00e1s municiones y mochilas que el sospechoso hab\u00eda llevado al lugar. Rodriguez manifest\u00f3 que actualmente se desconoce el motivo de la agresi\u00f3n.<\/p>\n<p>Un agente result\u00f3 herido en el tiroteo, pero Rodriguez a\u00f1adi\u00f3 que no estaba claro si la herida fue causada por metralla o una bala.<\/p>\n<p>Mosqueda supuestamente lleg\u00f3 a la instalaci\u00f3n en un sed\u00e1n blanco de dos puertas. De acuerdo con Rodriguez, hab\u00eda algo escrito en el auto, posiblemente en lat\u00edn, pero \u201cqu\u00e9 significa, o si es una raz\u00f3n subyacente para que \u00e9l estuviera aqu\u00ed, no lo s\u00e9\u201d.<\/p>\n","protected":false},"excerpt":{"rendered":"<p>Ingresa al edificio de las autoridades migratorias y obliga a suspender los vuelos en el aeropuerto de McAllen<\/p>\n","protected":false},"author":1,"featured_media":7033,"comment_status":"closed","ping_status":"closed","sticky":false,"template":"","format":"standard","meta":{"_crdt_document":"","_jetpack_memberships_contains_paid_content":false,"footnotes":"","jetpack_publicize_message":"","jetpack_publicize_feature_enabled":true,"jetpack_social_post_already_shared":true,"jetpack_social_options":{"image_generator_settings":{"template":"highway","default_image_id":0,"font":"","enabled":false},"version":2},"_wpas_customize_per_network":false},"categories":[9],"tags":[],"class_list":["post-7032","post","type-post","status-publish","format-standard","has-post-thumbnail","hentry","category-el-mundo"],"magazineBlocksPostFeaturedMedia":{"thumbnail":"https:\/\/pornuestrolaredo.com\/wp-content\/uploads\/2025\/07\/Stereo91-20250707-1-150x150.jpg","medium":"https:\/\/pornuestrolaredo.com\/wp-content\/uploads\/2025\/07\/Stereo91-20250707-1-300x200.jpg","medium_large":"https:\/\/pornuestrolaredo.com\/wp-content\/uploads\/2025\/07\/Stereo91-20250707-1-768x512.jpg","large":"https:\/\/pornuestrolaredo.com\/wp-content\/uploads\/2025\/07\/Stereo91-20250707-1.jpg","1536x1536":"https:\/\/pornuestrolaredo.com\/wp-content\/uploads\/2025\/07\/Stereo91-20250707-1.jpg","2048x2048":"https:\/\/pornuestrolaredo.com\/wp-content\/uploads\/2025\/07\/Stereo91-20250707-1.jpg","morenews-large":"https:\/\/pornuestrolaredo.com\/wp-content\/uploads\/2025\/07\/Stereo91-20250707-1.jpg","morenews-medium":"https:\/\/pornuestrolaredo.com\/wp-content\/uploads\/2025\/07\/Stereo91-20250707-1.jpg"},"magazineBlocksPostAuthor":{"name":"Redactor","avatar":"https:\/\/pornuestrolaredo.com\/wp-content\/litespeed\/avatar\/dca1d7ec750c399f025f23b0b314f4cf.jpg?ver=1777612120"},"magazineBlocksPostCommentsNumber":false,"magazineBlocksPostExcerpt":"Ingresa al edificio de las autoridades migratorias y obliga a suspender los vuelos en el aeropuerto de McAllen","magazineBlocksPostCategories":["El Mundo"],"magazineBlocksPostViewCount":109,"magazineBlocksPostReadTime":2,"magazine_blocks_featured_image_url":{"full":["https:\/\/pornuestrolaredo.com\/wp-content\/uploads\/2025\/07\/Stereo91-20250707-1.jpg",980,653,false],"medium":["https:\/\/pornuestrolaredo.com\/wp-content\/uploads\/2025\/07\/Stereo91-20250707-1-300x200.jpg",300,200,true],"thumbnail":["https:\/\/pornuestrolaredo.com\/wp-content\/uploads\/2025\/07\/Stereo91-20250707-1-150x150.jpg",150,150,true]},"magazine_blocks_author":{"display_name":"Redactor","author_link":"https:\/\/pornuestrolaredo.com\/?author=1"},"magazine_blocks_comment":0,"magazine_blocks_author_image":"https:\/\/pornuestrolaredo.com\/wp-content\/litespeed\/avatar\/dca1d7ec750c399f025f23b0b314f4cf.jpg?ver=1777612120","magazine_blocks_category":"<a href=\"#\" class=\"category-link category-link-9\">El Mundo<\/a>","jetpack_publicize_connections":[],"featured_image_urls":{"full":["https:\/\/pornuestrolaredo.com\/wp-content\/uploads\/2025\/07\/Stereo91-20250707-1.jpg",980,653,false],"thumbnail":["https:\/\/pornuestrolaredo.com\/wp-content\/uploads\/2025\/07\/Stereo91-20250707-1-150x150.jpg",150,150,true],"medium":["https:\/\/pornuestrolaredo.com\/wp-content\/uploads\/2025\/07\/Stereo91-20250707-1-300x200.jpg",300,200,true],"medium_large":["https:\/\/pornuestrolaredo.com\/wp-content\/uploads\/2025\/07\/Stereo91-20250707-1-768x512.jpg",640,427,true],"large":["https:\/\/pornuestrolaredo.com\/wp-content\/uploads\/2025\/07\/Stereo91-20250707-1.jpg",640,426,false],"1536x1536":["https:\/\/pornuestrolaredo.com\/wp-content\/uploads\/2025\/07\/Stereo91-20250707-1.jpg",980,653,false],"2048x2048":["https:\/\/pornuestrolaredo.com\/wp-content\/uploads\/2025\/07\/Stereo91-20250707-1.jpg",980,653,false],"morenews-large":["https:\/\/pornuestrolaredo.com\/wp-content\/uploads\/2025\/07\/Stereo91-20250707-1.jpg",825,550,false],"morenews-medium":["https:\/\/pornuestrolaredo.com\/wp-content\/uploads\/2025\/07\/Stereo91-20250707-1.jpg",590,393,false]},"author_info":{"info":["Redactor"]},"category_info":"<a href=\"https:\/\/pornuestrolaredo.com\/?cat=9\" rel=\"category\">El Mundo<\/a>","tag_info":"El Mundo","comment_count":"0","jetpack_featured_media_url":"https:\/\/pornuestrolaredo.com\/wp-content\/uploads\/2025\/07\/Stereo91-20250707-1.jpg","jetpack_sharing_enabled":true,"_links":{"self":[{"href":"https:\/\/pornuestrolaredo.com\/index.php?rest_route=\/wp\/v2\/posts\/7032","targetHints":{"allow":["GET"]}}],"collection":[{"href":"https:\/\/pornuestrolaredo.com\/index.php?rest_route=\/wp\/v2\/posts"}],"about":[{"href":"https:\/\/pornuestrolaredo.com\/index.php?rest_route=\/wp\/v2\/types\/post"}],"author":[{"embeddable":true,"href":"https:\/\/pornuestrolaredo.com\/index.php?rest_route=\/wp\/v2\/users\/1"}],"replies":[{"embeddable":true,"href":"https:\/\/pornuestrolaredo.com\/index.php?rest_route=%2Fwp%2Fv2%2Fcomments&post=7032"}],"version-history":[{"count":1,"href":"https:\/\/pornuestrolaredo.com\/index.php?rest_route=\/wp\/v2\/posts\/7032\/revisions"}],"predecessor-version":[{"id":7034,"href":"https:\/\/pornuestrolaredo.com\/index.php?rest_route=\/wp\/v2\/posts\/7032\/revisions\/7034"}],"wp:featuredmedia":[{"embeddable":true,"href":"https:\/\/pornuestrolaredo.com\/index.php?rest_route=\/wp\/v2\/media\/7033"}],"wp:attachment":[{"href":"https:\/\/pornuestrolaredo.com\/index.php?rest_route=%2Fwp%2Fv2%2Fmedia&parent=7032"}],"wp:term":[{"taxonomy":"category","embeddable":true,"href":"https:\/\/pornuestrolaredo.com\/index.php?rest_route=%2Fwp%2Fv2%2Fcategories&post=7032"},{"taxonomy":"post_tag","embeddable":true,"href":"https:\/\/pornuestrolaredo.com\/index.php?rest_route=%2Fwp%2Fv2%2Ftags&post=7032"}],"curies":[{"name":"wp","href":"https:\/\/api.w.org\/{rel}","templated":true}]}}