{"id":7048,"date":"2025-07-09T14:25:33","date_gmt":"2025-07-09T19:25:33","guid":{"rendered":"https:\/\/pornuestrolaredo.com\/?p=7048"},"modified":"2025-07-09T14:25:33","modified_gmt":"2025-07-09T19:25:33","slug":"fortalecen-a-proveedores-de-grandes-empresas","status":"publish","type":"post","link":"https:\/\/pornuestrolaredo.com\/?p=7048","title":{"rendered":"Fortalecen a proveedores de grandes empresas"},"content":{"rendered":"<p><strong><em>NUEVO LAREDO.-<\/em><\/strong> Con el objetivo de fortalecer las habilidades comerciales de los productores locales inscritos en el Programa de Cadenas de Suministro, el Gobierno Municipal de Nuevo Laredo, a trav\u00e9s de la Secretar\u00eda de Desarrollo Econ\u00f3mico y su Direcci\u00f3n de Comercio, Empleo y PYMES, llev\u00f3 a cabo el evento \u201cCadena de Suministros 2025\u201d.<\/p>\n<p>Esta iniciativa busca revolucionar la proveedur\u00eda local al vincular directamente a negocios y empresas neolaredenses con grandes cadenas de valor. En esta ocasi\u00f3n, el evento se desarroll\u00f3 en el lobby de Estaci\u00f3n Palabra, con un enfoque especial en el sector restaurantero, reuniendo a proveedores locales de productos y servicios dirigidos a este giro.<\/p>\n<p> Osiris Peinado Rubio, directora de Comercio y PYMES, explic\u00f3 que el evento fue dise\u00f1ado como una estrategia integral para fortalecer a las peque\u00f1as y medianas empresas (Pymes), as\u00ed como a los emprendedores locales, mediante su vinculaci\u00f3n con grandes cadenas comerciales e industriales. <\/p>\n<blockquote><p>Por iniciativa de nuestra alcaldesa, nos encarg\u00f3 much\u00edsimo generar esta conexi\u00f3n para que el proveedor local tenga ese contacto directo, en este caso con el sector restaurantero\u201d, se\u00f1al\u00f3 Peinado Rubio.<\/p><\/blockquote>\n<p>La funcionaria destac\u00f3 que este tipo de actividades generan puentes que abren nuevas oportunidades para fortalecer la econom\u00eda del comercio local, al tiempo que propician alianzas estrat\u00e9gicas entre empresas de diferentes tama\u00f1os y sectores.<\/p>\n<p>Por su parte, Adolfo Tena Barraza, coordinador de Cadena de Suministros, dijo que la din\u00e1mica consisti\u00f3 en facilitar un espacio de di\u00e1logo directo entre proveedores locales y representantes del sector restaurantero, promoviendo el consumo de productos y servicios locales.<\/p>\n<blockquote><p>La din\u00e1mica es abrirle las puertas a los proveedores para que ellos platiquen con cada uno de los representantes de los restaurantes. En esta ocasi\u00f3n participan 45 proveedores de diferentes rubros\u201d, asegur\u00f3 el coordinador.<\/p><\/blockquote>\n<p>El evento fue considerado un espacio ideal para explorar oportunidades de compra local, dar a conocer productos y servicios, y fomentar el crecimiento econ\u00f3mico en la regi\u00f3n.<\/p>\n","protected":false},"excerpt":{"rendered":"<p>Realizan el evento \u2018Cadena de Suministros 2025\u2019, que vincular\u00e1 directamente a negocios y empresas neolaredenses con grandes cadenas de valor<\/p>\n","protected":false},"author":1,"featured_media":7049,"comment_status":"closed","ping_status":"closed","sticky":false,"template":"","format":"standard","meta":{"_crdt_document":"","_jetpack_memberships_contains_paid_content":false,"footnotes":"","jetpack_publicize_message":"","jetpack_publicize_feature_enabled":true,"jetpack_social_post_already_shared":true,"jetpack_social_options":{"image_generator_settings":{"template":"highway","default_image_id":0,"font":"","enabled":false},"version":2},"_wpas_customize_per_network":false},"categories":[4],"tags":[],"class_list":["post-7048","post","type-post","status-publish","format-standard","has-post-thumbnail","hentry","category-los-dos-laredos"],"magazineBlocksPostFeaturedMedia":{"thumbnail":"https:\/\/pornuestrolaredo.com\/wp-content\/uploads\/2025\/07\/Stereo91-20250709-2-150x150.jpg","medium":"https:\/\/pornuestrolaredo.com\/wp-content\/uploads\/2025\/07\/Stereo91-20250709-2-300x200.jpg","medium_large":"https:\/\/pornuestrolaredo.com\/wp-content\/uploads\/2025\/07\/Stereo91-20250709-2-768x511.jpg","large":"https:\/\/pornuestrolaredo.com\/wp-content\/uploads\/2025\/07\/Stereo91-20250709-2.jpg","1536x1536":"https:\/\/pornuestrolaredo.com\/wp-content\/uploads\/2025\/07\/Stereo91-20250709-2.jpg","2048x2048":"https:\/\/pornuestrolaredo.com\/wp-content\/uploads\/2025\/07\/Stereo91-20250709-2.jpg","morenews-large":"https:\/\/pornuestrolaredo.com\/wp-content\/uploads\/2025\/07\/Stereo91-20250709-2.jpg","morenews-medium":"https:\/\/pornuestrolaredo.com\/wp-content\/uploads\/2025\/07\/Stereo91-20250709-2.jpg"},"magazineBlocksPostAuthor":{"name":"Redactor","avatar":"https:\/\/pornuestrolaredo.com\/wp-content\/litespeed\/avatar\/dca1d7ec750c399f025f23b0b314f4cf.jpg?ver=1777612120"},"magazineBlocksPostCommentsNumber":false,"magazineBlocksPostExcerpt":"Realizan el evento \u2018Cadena de Suministros 2025\u2019, que vincular\u00e1 directamente a negocios y empresas neolaredenses con grandes cadenas de valor","magazineBlocksPostCategories":["Los dos Laredos"],"magazineBlocksPostViewCount":137,"magazineBlocksPostReadTime":2,"magazine_blocks_featured_image_url":{"full":["https:\/\/pornuestrolaredo.com\/wp-content\/uploads\/2025\/07\/Stereo91-20250709-2.jpg",964,642,false],"medium":["https:\/\/pornuestrolaredo.com\/wp-content\/uploads\/2025\/07\/Stereo91-20250709-2-300x200.jpg",300,200,true],"thumbnail":["https:\/\/pornuestrolaredo.com\/wp-content\/uploads\/2025\/07\/Stereo91-20250709-2-150x150.jpg",150,150,true]},"magazine_blocks_author":{"display_name":"Redactor","author_link":"https:\/\/pornuestrolaredo.com\/?author=1"},"magazine_blocks_comment":0,"magazine_blocks_author_image":"https:\/\/pornuestrolaredo.com\/wp-content\/litespeed\/avatar\/dca1d7ec750c399f025f23b0b314f4cf.jpg?ver=1777612120","magazine_blocks_category":"<a href=\"#\" class=\"category-link category-link-4\">Los dos Laredos<\/a>","jetpack_publicize_connections":[],"featured_image_urls":{"full":["https:\/\/pornuestrolaredo.com\/wp-content\/uploads\/2025\/07\/Stereo91-20250709-2.jpg",964,642,false],"thumbnail":["https:\/\/pornuestrolaredo.com\/wp-content\/uploads\/2025\/07\/Stereo91-20250709-2-150x150.jpg",150,150,true],"medium":["https:\/\/pornuestrolaredo.com\/wp-content\/uploads\/2025\/07\/Stereo91-20250709-2-300x200.jpg",300,200,true],"medium_large":["https:\/\/pornuestrolaredo.com\/wp-content\/uploads\/2025\/07\/Stereo91-20250709-2-768x511.jpg",640,426,true],"large":["https:\/\/pornuestrolaredo.com\/wp-content\/uploads\/2025\/07\/Stereo91-20250709-2.jpg",640,426,false],"1536x1536":["https:\/\/pornuestrolaredo.com\/wp-content\/uploads\/2025\/07\/Stereo91-20250709-2.jpg",964,642,false],"2048x2048":["https:\/\/pornuestrolaredo.com\/wp-content\/uploads\/2025\/07\/Stereo91-20250709-2.jpg",964,642,false],"morenews-large":["https:\/\/pornuestrolaredo.com\/wp-content\/uploads\/2025\/07\/Stereo91-20250709-2.jpg",825,549,false],"morenews-medium":["https:\/\/pornuestrolaredo.com\/wp-content\/uploads\/2025\/07\/Stereo91-20250709-2.jpg",590,393,false]},"author_info":{"info":["Redactor"]},"category_info":"<a href=\"https:\/\/pornuestrolaredo.com\/?cat=4\" rel=\"category\">Los dos Laredos<\/a>","tag_info":"Los dos Laredos","comment_count":"0","jetpack_featured_media_url":"https:\/\/pornuestrolaredo.com\/wp-content\/uploads\/2025\/07\/Stereo91-20250709-2.jpg","jetpack_sharing_enabled":true,"_links":{"self":[{"href":"https:\/\/pornuestrolaredo.com\/index.php?rest_route=\/wp\/v2\/posts\/7048","targetHints":{"allow":["GET"]}}],"collection":[{"href":"https:\/\/pornuestrolaredo.com\/index.php?rest_route=\/wp\/v2\/posts"}],"about":[{"href":"https:\/\/pornuestrolaredo.com\/index.php?rest_route=\/wp\/v2\/types\/post"}],"author":[{"embeddable":true,"href":"https:\/\/pornuestrolaredo.com\/index.php?rest_route=\/wp\/v2\/users\/1"}],"replies":[{"embeddable":true,"href":"https:\/\/pornuestrolaredo.com\/index.php?rest_route=%2Fwp%2Fv2%2Fcomments&post=7048"}],"version-history":[{"count":1,"href":"https:\/\/pornuestrolaredo.com\/index.php?rest_route=\/wp\/v2\/posts\/7048\/revisions"}],"predecessor-version":[{"id":7050,"href":"https:\/\/pornuestrolaredo.com\/index.php?rest_route=\/wp\/v2\/posts\/7048\/revisions\/7050"}],"wp:featuredmedia":[{"embeddable":true,"href":"https:\/\/pornuestrolaredo.com\/index.php?rest_route=\/wp\/v2\/media\/7049"}],"wp:attachment":[{"href":"https:\/\/pornuestrolaredo.com\/index.php?rest_route=%2Fwp%2Fv2%2Fmedia&parent=7048"}],"wp:term":[{"taxonomy":"category","embeddable":true,"href":"https:\/\/pornuestrolaredo.com\/index.php?rest_route=%2Fwp%2Fv2%2Fcategories&post=7048"},{"taxonomy":"post_tag","embeddable":true,"href":"https:\/\/pornuestrolaredo.com\/index.php?rest_route=%2Fwp%2Fv2%2Ftags&post=7048"}],"curies":[{"name":"wp","href":"https:\/\/api.w.org\/{rel}","templated":true}]}}