{"id":7051,"date":"2025-07-09T15:11:40","date_gmt":"2025-07-09T20:11:40","guid":{"rendered":"https:\/\/pornuestrolaredo.com\/?p=7051"},"modified":"2025-07-09T15:11:40","modified_gmt":"2025-07-09T20:11:40","slug":"habra-manana-presidencia-cerquita-de-ti-en-villas-del-sol","status":"publish","type":"post","link":"https:\/\/pornuestrolaredo.com\/?p=7051","title":{"rendered":"Habr\u00e1 ma\u00f1ana Presidencia Cerquita de T\u00ed en Villas del Sol"},"content":{"rendered":"<p>NUEVO LAREDO.- El Gobierno Municipal de Nuevo Laredo llevar\u00e1 a cabo una nueva edici\u00f3n del programa Presidencia Cerquita de Ti este jueves 10 de julio en la colonia Villas del Sol, tambi\u00e9n conocida como Casas Geo, en el predio ubicado en Avenida del Sol, entre Cometa y Sat\u00e9lite, con el prop\u00f3sito de acercar servicios esenciales a las familias de este sector.<\/p>\n<p>La jornada se realizar\u00e1 de 9:00 de la ma\u00f1ana a 2:00 de la tarde y ofrecer\u00e1 una amplia variedad de servicios gratuitos, entre los que destacan:<\/p>\n<p>Consultas m\u00e9dicas generales, dentales, nutricionales, psicol\u00f3gicas y ginecol\u00f3gicas<\/p>\n<p>Asesor\u00eda legal y orientaci\u00f3n ciudadana<\/p>\n<p>Tr\u00e1mites municipales como pagos, reportes, convenios y denuncias<\/p>\n<p>Servicios del DIF, incluyendo tr\u00e1mites de credenciales para personas con discapacidad, \u00e1rea jur\u00eddica y trabajo social<\/p>\n<p>Corte de cabello gratuito<\/p>\n<p>Informaci\u00f3n sobre programas sociales, actividades deportivas y talleres culturales<\/p>\n<p>Registro y entrega de apoyos alimentarios<\/p>\n<p>Con este programa, el Gobierno Municipal reafirma su compromiso de estar cerca de la ciudadan\u00eda, facilitando el acceso a servicios p\u00fablicos en sus propias colonias y promoviendo el bienestar comunitario.<\/p>\n<p>La administraci\u00f3n que encabeza la presidenta municipal Carmen Lilia Canturosas Villarreal contin\u00faa trabajando para brindar atenci\u00f3n directa y oportuna a las necesidades de la poblaci\u00f3n.<\/p>\n","protected":false},"excerpt":{"rendered":"<p>Vecinos de la colonia, conocida como Casas Geo, podr\u00e1n hacer tr\u00e1mites municipales, de Comapa y hasta solicitar consultas m\u00e9dicas y veterinarias<\/p>\n","protected":false},"author":1,"featured_media":7053,"comment_status":"closed","ping_status":"closed","sticky":false,"template":"","format":"standard","meta":{"_crdt_document":"","_jetpack_memberships_contains_paid_content":false,"footnotes":"","jetpack_publicize_message":"","jetpack_publicize_feature_enabled":true,"jetpack_social_post_already_shared":true,"jetpack_social_options":{"image_generator_settings":{"template":"highway","default_image_id":0,"font":"","enabled":false},"version":2},"_wpas_customize_per_network":false},"categories":[4],"tags":[],"class_list":["post-7051","post","type-post","status-publish","format-standard","has-post-thumbnail","hentry","category-los-dos-laredos"],"magazineBlocksPostFeaturedMedia":{"thumbnail":"https:\/\/pornuestrolaredo.com\/wp-content\/uploads\/2025\/07\/PNL-20250709-3-150x150.jpg","medium":"https:\/\/pornuestrolaredo.com\/wp-content\/uploads\/2025\/07\/PNL-20250709-3-300x200.jpg","medium_large":"https:\/\/pornuestrolaredo.com\/wp-content\/uploads\/2025\/07\/PNL-20250709-3-768x511.jpg","large":"https:\/\/pornuestrolaredo.com\/wp-content\/uploads\/2025\/07\/PNL-20250709-3.jpg","1536x1536":"https:\/\/pornuestrolaredo.com\/wp-content\/uploads\/2025\/07\/PNL-20250709-3.jpg","2048x2048":"https:\/\/pornuestrolaredo.com\/wp-content\/uploads\/2025\/07\/PNL-20250709-3.jpg","morenews-large":"https:\/\/pornuestrolaredo.com\/wp-content\/uploads\/2025\/07\/PNL-20250709-3.jpg","morenews-medium":"https:\/\/pornuestrolaredo.com\/wp-content\/uploads\/2025\/07\/PNL-20250709-3.jpg"},"magazineBlocksPostAuthor":{"name":"Redactor","avatar":"https:\/\/pornuestrolaredo.com\/wp-content\/litespeed\/avatar\/dca1d7ec750c399f025f23b0b314f4cf.jpg?ver=1777612120"},"magazineBlocksPostCommentsNumber":false,"magazineBlocksPostExcerpt":"Vecinos de la colonia, conocida como Casas Geo, podr\u00e1n hacer tr\u00e1mites municipales, de Comapa y hasta solicitar consultas m\u00e9dicas y veterinarias","magazineBlocksPostCategories":["Los dos Laredos"],"magazineBlocksPostViewCount":152,"magazineBlocksPostReadTime":2,"magazine_blocks_featured_image_url":{"full":["https:\/\/pornuestrolaredo.com\/wp-content\/uploads\/2025\/07\/PNL-20250709-3.jpg",964,642,false],"medium":["https:\/\/pornuestrolaredo.com\/wp-content\/uploads\/2025\/07\/PNL-20250709-3-300x200.jpg",300,200,true],"thumbnail":["https:\/\/pornuestrolaredo.com\/wp-content\/uploads\/2025\/07\/PNL-20250709-3-150x150.jpg",150,150,true]},"magazine_blocks_author":{"display_name":"Redactor","author_link":"https:\/\/pornuestrolaredo.com\/?author=1"},"magazine_blocks_comment":0,"magazine_blocks_author_image":"https:\/\/pornuestrolaredo.com\/wp-content\/litespeed\/avatar\/dca1d7ec750c399f025f23b0b314f4cf.jpg?ver=1777612120","magazine_blocks_category":"<a href=\"#\" class=\"category-link category-link-4\">Los dos Laredos<\/a>","jetpack_publicize_connections":[],"featured_image_urls":{"full":["https:\/\/pornuestrolaredo.com\/wp-content\/uploads\/2025\/07\/PNL-20250709-3.jpg",964,642,false],"thumbnail":["https:\/\/pornuestrolaredo.com\/wp-content\/uploads\/2025\/07\/PNL-20250709-3-150x150.jpg",150,150,true],"medium":["https:\/\/pornuestrolaredo.com\/wp-content\/uploads\/2025\/07\/PNL-20250709-3-300x200.jpg",300,200,true],"medium_large":["https:\/\/pornuestrolaredo.com\/wp-content\/uploads\/2025\/07\/PNL-20250709-3-768x511.jpg",640,426,true],"large":["https:\/\/pornuestrolaredo.com\/wp-content\/uploads\/2025\/07\/PNL-20250709-3.jpg",640,426,false],"1536x1536":["https:\/\/pornuestrolaredo.com\/wp-content\/uploads\/2025\/07\/PNL-20250709-3.jpg",964,642,false],"2048x2048":["https:\/\/pornuestrolaredo.com\/wp-content\/uploads\/2025\/07\/PNL-20250709-3.jpg",964,642,false],"morenews-large":["https:\/\/pornuestrolaredo.com\/wp-content\/uploads\/2025\/07\/PNL-20250709-3.jpg",825,549,false],"morenews-medium":["https:\/\/pornuestrolaredo.com\/wp-content\/uploads\/2025\/07\/PNL-20250709-3.jpg",590,393,false]},"author_info":{"info":["Redactor"]},"category_info":"<a href=\"https:\/\/pornuestrolaredo.com\/?cat=4\" rel=\"category\">Los dos Laredos<\/a>","tag_info":"Los dos Laredos","comment_count":"0","jetpack_featured_media_url":"https:\/\/pornuestrolaredo.com\/wp-content\/uploads\/2025\/07\/PNL-20250709-3.jpg","jetpack_sharing_enabled":true,"_links":{"self":[{"href":"https:\/\/pornuestrolaredo.com\/index.php?rest_route=\/wp\/v2\/posts\/7051","targetHints":{"allow":["GET"]}}],"collection":[{"href":"https:\/\/pornuestrolaredo.com\/index.php?rest_route=\/wp\/v2\/posts"}],"about":[{"href":"https:\/\/pornuestrolaredo.com\/index.php?rest_route=\/wp\/v2\/types\/post"}],"author":[{"embeddable":true,"href":"https:\/\/pornuestrolaredo.com\/index.php?rest_route=\/wp\/v2\/users\/1"}],"replies":[{"embeddable":true,"href":"https:\/\/pornuestrolaredo.com\/index.php?rest_route=%2Fwp%2Fv2%2Fcomments&post=7051"}],"version-history":[{"count":1,"href":"https:\/\/pornuestrolaredo.com\/index.php?rest_route=\/wp\/v2\/posts\/7051\/revisions"}],"predecessor-version":[{"id":7054,"href":"https:\/\/pornuestrolaredo.com\/index.php?rest_route=\/wp\/v2\/posts\/7051\/revisions\/7054"}],"wp:featuredmedia":[{"embeddable":true,"href":"https:\/\/pornuestrolaredo.com\/index.php?rest_route=\/wp\/v2\/media\/7053"}],"wp:attachment":[{"href":"https:\/\/pornuestrolaredo.com\/index.php?rest_route=%2Fwp%2Fv2%2Fmedia&parent=7051"}],"wp:term":[{"taxonomy":"category","embeddable":true,"href":"https:\/\/pornuestrolaredo.com\/index.php?rest_route=%2Fwp%2Fv2%2Fcategories&post=7051"},{"taxonomy":"post_tag","embeddable":true,"href":"https:\/\/pornuestrolaredo.com\/index.php?rest_route=%2Fwp%2Fv2%2Ftags&post=7051"}],"curies":[{"name":"wp","href":"https:\/\/api.w.org\/{rel}","templated":true}]}}