{"id":7056,"date":"2025-07-09T22:20:37","date_gmt":"2025-07-10T03:20:37","guid":{"rendered":"https:\/\/pornuestrolaredo.com\/?p=7056"},"modified":"2025-07-09T22:20:37","modified_gmt":"2025-07-10T03:20:37","slug":"depositan-becas-culturales-para-artistas-de-nld","status":"publish","type":"post","link":"https:\/\/pornuestrolaredo.com\/?p=7056","title":{"rendered":"Depositan becas culturales para artistas de NLD"},"content":{"rendered":"<p><strong><em>NUEVO LAREDO.-<\/em><\/strong>  El Gobierno Municipal de Nuevo Laredo, encabezado por la presidenta Carmen Lilia Canturosas Villarreal, realiz\u00f3 este martes 9 de julio el dep\u00f3sito de la beca cultural correspondiente al programa \u201cJuntos por el Desarrollo Cultural 2025\u201d, con el objetivo de seguir impulsando y reconociendo el talento art\u00edstico local.<\/p>\n<p>Cada beneficiario recibi\u00f3 un apoyo econ\u00f3mico \u00fanico de 5 mil pesos, como parte del compromiso de la administraci\u00f3n municipal por fomentar la participaci\u00f3n activa de artistas en las distintas iniciativas culturales promovidas a trav\u00e9s de la Direcci\u00f3n de Arte y Cultura.<\/p>\n<blockquote><p>En Nuevo Laredo le apostamos al arte y a la cultura como pilares del desarrollo social. Con estas becas reconocemos la entrega, el talento y la pasi\u00f3n de nuestros artistas, quienes enriquecen nuestra identidad como ciudad, ya se realiz\u00f3 la dispersi\u00f3n a los beneficiarios y queremos que sigan demostrando su talento\u201d, afirm\u00f3 la alcaldesa Carmen Lilia Canturosas.<\/p><\/blockquote>\n<p>El apoyo se entreg\u00f3 a un total de 387 artistas y representa una inversi\u00f3n municipal de 1 mill\u00f3n 935 mil pesos.<\/p>\n<p>La beca fue dirigida a creadores y ejecutantes de disciplinas como m\u00fasica, canto, danza, teatro, pintura, performance, cuentacuentos y narraci\u00f3n oral, entre otras, que colaboraron en actividades culturales municipales entre octubre de 2024 y mayo de 2025.<\/p>\n<p>La alcaldesa resalt\u00f3 que el Gobierno Municipal ha marcado un precedente al ser el \u00fanico en Tamaulipas que entrega diferentes tipos de incentivos econ\u00f3micos como la Beca de Educaci\u00f3n Primaria, Beca de Educaci\u00f3n Especial, Beca Deportiva, Beca Cultural y la Beca a la Excelencia Universitaria.<\/p>\n<p>Con este programa, el Gobierno Municipal brinda un apoyo significativo a la comunidad art\u00edstica, a qui\u00e9nes hacen del arte una herramienta de transformaci\u00f3n social.<\/p>\n","protected":false},"excerpt":{"rendered":"<p>Cada uno de los m\u00e1s de 300 beneficiarios recibir\u00e1n un apoyo \u00fanico de 5 mil pesos<\/p>\n","protected":false},"author":1,"featured_media":7057,"comment_status":"closed","ping_status":"closed","sticky":false,"template":"","format":"standard","meta":{"_crdt_document":"","_jetpack_memberships_contains_paid_content":false,"footnotes":"","jetpack_publicize_message":"","jetpack_publicize_feature_enabled":true,"jetpack_social_post_already_shared":true,"jetpack_social_options":{"image_generator_settings":{"template":"highway","default_image_id":0,"font":"","enabled":false},"version":2},"_wpas_customize_per_network":false},"categories":[4],"tags":[],"class_list":["post-7056","post","type-post","status-publish","format-standard","has-post-thumbnail","hentry","category-los-dos-laredos"],"magazineBlocksPostFeaturedMedia":{"thumbnail":"https:\/\/pornuestrolaredo.com\/wp-content\/uploads\/2025\/07\/Stereo91-20250709-5-150x150.jpg","medium":"https:\/\/pornuestrolaredo.com\/wp-content\/uploads\/2025\/07\/Stereo91-20250709-5-300x169.jpg","medium_large":"https:\/\/pornuestrolaredo.com\/wp-content\/uploads\/2025\/07\/Stereo91-20250709-5-768x432.jpg","large":"https:\/\/pornuestrolaredo.com\/wp-content\/uploads\/2025\/07\/Stereo91-20250709-5-1000x562.jpg","1536x1536":"https:\/\/pornuestrolaredo.com\/wp-content\/uploads\/2025\/07\/Stereo91-20250709-5-1536x864.jpg","2048x2048":"https:\/\/pornuestrolaredo.com\/wp-content\/uploads\/2025\/07\/Stereo91-20250709-5.jpg","morenews-large":"https:\/\/pornuestrolaredo.com\/wp-content\/uploads\/2025\/07\/Stereo91-20250709-5.jpg","morenews-medium":"https:\/\/pornuestrolaredo.com\/wp-content\/uploads\/2025\/07\/Stereo91-20250709-5.jpg"},"magazineBlocksPostAuthor":{"name":"Redactor","avatar":"https:\/\/pornuestrolaredo.com\/wp-content\/litespeed\/avatar\/dca1d7ec750c399f025f23b0b314f4cf.jpg?ver=1777612120"},"magazineBlocksPostCommentsNumber":false,"magazineBlocksPostExcerpt":"Cada uno de los m\u00e1s de 300 beneficiarios recibir\u00e1n un apoyo \u00fanico de 5 mil pesos","magazineBlocksPostCategories":["Los dos Laredos"],"magazineBlocksPostViewCount":128,"magazineBlocksPostReadTime":2,"magazine_blocks_featured_image_url":{"full":["https:\/\/pornuestrolaredo.com\/wp-content\/uploads\/2025\/07\/Stereo91-20250709-5.jpg",1814,1020,false],"medium":["https:\/\/pornuestrolaredo.com\/wp-content\/uploads\/2025\/07\/Stereo91-20250709-5-300x169.jpg",300,169,true],"thumbnail":["https:\/\/pornuestrolaredo.com\/wp-content\/uploads\/2025\/07\/Stereo91-20250709-5-150x150.jpg",150,150,true]},"magazine_blocks_author":{"display_name":"Redactor","author_link":"https:\/\/pornuestrolaredo.com\/?author=1"},"magazine_blocks_comment":0,"magazine_blocks_author_image":"https:\/\/pornuestrolaredo.com\/wp-content\/litespeed\/avatar\/dca1d7ec750c399f025f23b0b314f4cf.jpg?ver=1777612120","magazine_blocks_category":"<a href=\"#\" class=\"category-link category-link-4\">Los dos Laredos<\/a>","jetpack_publicize_connections":[],"featured_image_urls":{"full":["https:\/\/pornuestrolaredo.com\/wp-content\/uploads\/2025\/07\/Stereo91-20250709-5.jpg",1814,1020,false],"thumbnail":["https:\/\/pornuestrolaredo.com\/wp-content\/uploads\/2025\/07\/Stereo91-20250709-5-150x150.jpg",150,150,true],"medium":["https:\/\/pornuestrolaredo.com\/wp-content\/uploads\/2025\/07\/Stereo91-20250709-5-300x169.jpg",300,169,true],"medium_large":["https:\/\/pornuestrolaredo.com\/wp-content\/uploads\/2025\/07\/Stereo91-20250709-5-768x432.jpg",640,360,true],"large":["https:\/\/pornuestrolaredo.com\/wp-content\/uploads\/2025\/07\/Stereo91-20250709-5-1000x562.jpg",640,360,true],"1536x1536":["https:\/\/pornuestrolaredo.com\/wp-content\/uploads\/2025\/07\/Stereo91-20250709-5-1536x864.jpg",1536,864,true],"2048x2048":["https:\/\/pornuestrolaredo.com\/wp-content\/uploads\/2025\/07\/Stereo91-20250709-5.jpg",1814,1020,false],"morenews-large":["https:\/\/pornuestrolaredo.com\/wp-content\/uploads\/2025\/07\/Stereo91-20250709-5.jpg",825,464,false],"morenews-medium":["https:\/\/pornuestrolaredo.com\/wp-content\/uploads\/2025\/07\/Stereo91-20250709-5.jpg",590,332,false]},"author_info":{"info":["Redactor"]},"category_info":"<a href=\"https:\/\/pornuestrolaredo.com\/?cat=4\" rel=\"category\">Los dos Laredos<\/a>","tag_info":"Los dos Laredos","comment_count":"0","jetpack_featured_media_url":"https:\/\/pornuestrolaredo.com\/wp-content\/uploads\/2025\/07\/Stereo91-20250709-5.jpg","jetpack_sharing_enabled":true,"_links":{"self":[{"href":"https:\/\/pornuestrolaredo.com\/index.php?rest_route=\/wp\/v2\/posts\/7056","targetHints":{"allow":["GET"]}}],"collection":[{"href":"https:\/\/pornuestrolaredo.com\/index.php?rest_route=\/wp\/v2\/posts"}],"about":[{"href":"https:\/\/pornuestrolaredo.com\/index.php?rest_route=\/wp\/v2\/types\/post"}],"author":[{"embeddable":true,"href":"https:\/\/pornuestrolaredo.com\/index.php?rest_route=\/wp\/v2\/users\/1"}],"replies":[{"embeddable":true,"href":"https:\/\/pornuestrolaredo.com\/index.php?rest_route=%2Fwp%2Fv2%2Fcomments&post=7056"}],"version-history":[{"count":1,"href":"https:\/\/pornuestrolaredo.com\/index.php?rest_route=\/wp\/v2\/posts\/7056\/revisions"}],"predecessor-version":[{"id":7058,"href":"https:\/\/pornuestrolaredo.com\/index.php?rest_route=\/wp\/v2\/posts\/7056\/revisions\/7058"}],"wp:featuredmedia":[{"embeddable":true,"href":"https:\/\/pornuestrolaredo.com\/index.php?rest_route=\/wp\/v2\/media\/7057"}],"wp:attachment":[{"href":"https:\/\/pornuestrolaredo.com\/index.php?rest_route=%2Fwp%2Fv2%2Fmedia&parent=7056"}],"wp:term":[{"taxonomy":"category","embeddable":true,"href":"https:\/\/pornuestrolaredo.com\/index.php?rest_route=%2Fwp%2Fv2%2Fcategories&post=7056"},{"taxonomy":"post_tag","embeddable":true,"href":"https:\/\/pornuestrolaredo.com\/index.php?rest_route=%2Fwp%2Fv2%2Ftags&post=7056"}],"curies":[{"name":"wp","href":"https:\/\/api.w.org\/{rel}","templated":true}]}}