{"id":7060,"date":"2025-07-10T15:14:44","date_gmt":"2025-07-10T20:14:44","guid":{"rendered":"https:\/\/pornuestrolaredo.com\/?p=7060"},"modified":"2025-07-10T15:14:44","modified_gmt":"2025-07-10T20:14:44","slug":"arranca-campamento-para-la-ninez-en-el-zoologico","status":"publish","type":"post","link":"https:\/\/pornuestrolaredo.com\/?p=7060","title":{"rendered":"Arranca campamento para la ni\u00f1ez en el Zool\u00f3gico"},"content":{"rendered":"<p><strong><em>NUEVO LAREDO.-<\/em> <\/strong> El Zool\u00f3gico de Nuevo Laredo anunci\u00f3 oficialmente el arranque de CAPI CAMP 2025, un campamento de verano especialmente creado para que ni\u00f1as y ni\u00f1os disfruten una experiencia inolvidable en contacto con la naturaleza. La cita ser\u00e1 del 24 al 26 de julio, con actividades llenas de diversi\u00f3n, aprendizaje y convivencia.<\/p>\n<p>Daniel Del Fierro C\u00e1rdenas, director del Zool\u00f3gico, dio a conocer los detalles de esta emocionante aventura dirigida a las infancias de Nuevo Laredo.<\/p>\n<blockquote><p>Queremos que los m\u00e1s peque\u00f1os se conecten con la naturaleza y disfruten de un espacio seguro, divertido y educativo. CAPI CAMP 2025 es la oportunidad perfecta para hacerlo\u201d, expres\u00f3 Del Fierro C\u00e1rdenas.<\/p><\/blockquote>\n<p>Durante tres d\u00edas, los asistentes vivir\u00e1n momentos \u00fanicos con din\u00e1micas al aire libre, exploraciones guiadas por el zool\u00f3gico y, como parte m\u00e1s esperada, una noche de campamento con fogata, juegos nocturnos y muchas historias por compartir bajo las estrellas.<\/p>\n<p>El Capi Camp incluye actividades al aire libre, exploraci\u00f3n guiada del zool\u00f3gico, noche de campamento con fogata y juegos y un kit de bienvenida con mochila, termo, playera y gorra.<\/p>\n<p>El registro se realizar\u00e1 hasta el 19 de julio, de forma f\u00e1cil y r\u00e1pida en l\u00ednea, a trav\u00e9s del siguiente formulario https:\/\/forms.gle\/T9ZoyQHBvZCzCFYz5 y tendr\u00e1 una cuota \u00fanica de recuperaci\u00f3n 500 pesos.<\/p>\n<p>Debido a la capacidad del evento, se recomienda a padres y madres de familia realizar el registro cuanto antes para asegurar un lugar.<\/p>\n","protected":false},"excerpt":{"rendered":"<p>Buscan que ni\u00f1as y ni\u00f1os disfruten una experiencia inolvidable en contacto con la naturaleza, con actividades llenas de diversi\u00f3n, aprendizaje y convivencia<\/p>\n","protected":false},"author":1,"featured_media":7061,"comment_status":"closed","ping_status":"closed","sticky":false,"template":"","format":"standard","meta":{"_crdt_document":"","_jetpack_memberships_contains_paid_content":false,"footnotes":"","jetpack_publicize_message":"","jetpack_publicize_feature_enabled":true,"jetpack_social_post_already_shared":true,"jetpack_social_options":{"image_generator_settings":{"template":"highway","default_image_id":0,"font":"","enabled":false},"version":2},"_wpas_customize_per_network":false},"categories":[4],"tags":[],"class_list":["post-7060","post","type-post","status-publish","format-standard","has-post-thumbnail","hentry","category-los-dos-laredos"],"magazineBlocksPostFeaturedMedia":{"thumbnail":"https:\/\/pornuestrolaredo.com\/wp-content\/uploads\/2025\/07\/Stereo91-20250710-1-150x150.jpg","medium":"https:\/\/pornuestrolaredo.com\/wp-content\/uploads\/2025\/07\/Stereo91-20250710-1-300x200.jpg","medium_large":"https:\/\/pornuestrolaredo.com\/wp-content\/uploads\/2025\/07\/Stereo91-20250710-1-768x511.jpg","large":"https:\/\/pornuestrolaredo.com\/wp-content\/uploads\/2025\/07\/Stereo91-20250710-1.jpg","1536x1536":"https:\/\/pornuestrolaredo.com\/wp-content\/uploads\/2025\/07\/Stereo91-20250710-1.jpg","2048x2048":"https:\/\/pornuestrolaredo.com\/wp-content\/uploads\/2025\/07\/Stereo91-20250710-1.jpg","morenews-large":"https:\/\/pornuestrolaredo.com\/wp-content\/uploads\/2025\/07\/Stereo91-20250710-1.jpg","morenews-medium":"https:\/\/pornuestrolaredo.com\/wp-content\/uploads\/2025\/07\/Stereo91-20250710-1.jpg"},"magazineBlocksPostAuthor":{"name":"Redactor","avatar":"https:\/\/pornuestrolaredo.com\/wp-content\/litespeed\/avatar\/dca1d7ec750c399f025f23b0b314f4cf.jpg?ver=1777612120"},"magazineBlocksPostCommentsNumber":false,"magazineBlocksPostExcerpt":"Buscan que ni\u00f1as y ni\u00f1os disfruten una experiencia inolvidable en contacto con la naturaleza, con actividades llenas de diversi\u00f3n, aprendizaje y convivencia","magazineBlocksPostCategories":["Los dos Laredos"],"magazineBlocksPostViewCount":130,"magazineBlocksPostReadTime":2,"magazine_blocks_featured_image_url":{"full":["https:\/\/pornuestrolaredo.com\/wp-content\/uploads\/2025\/07\/Stereo91-20250710-1.jpg",964,642,false],"medium":["https:\/\/pornuestrolaredo.com\/wp-content\/uploads\/2025\/07\/Stereo91-20250710-1-300x200.jpg",300,200,true],"thumbnail":["https:\/\/pornuestrolaredo.com\/wp-content\/uploads\/2025\/07\/Stereo91-20250710-1-150x150.jpg",150,150,true]},"magazine_blocks_author":{"display_name":"Redactor","author_link":"https:\/\/pornuestrolaredo.com\/?author=1"},"magazine_blocks_comment":0,"magazine_blocks_author_image":"https:\/\/pornuestrolaredo.com\/wp-content\/litespeed\/avatar\/dca1d7ec750c399f025f23b0b314f4cf.jpg?ver=1777612120","magazine_blocks_category":"<a href=\"#\" class=\"category-link category-link-4\">Los dos Laredos<\/a>","jetpack_publicize_connections":[],"featured_image_urls":{"full":["https:\/\/pornuestrolaredo.com\/wp-content\/uploads\/2025\/07\/Stereo91-20250710-1.jpg",964,642,false],"thumbnail":["https:\/\/pornuestrolaredo.com\/wp-content\/uploads\/2025\/07\/Stereo91-20250710-1-150x150.jpg",150,150,true],"medium":["https:\/\/pornuestrolaredo.com\/wp-content\/uploads\/2025\/07\/Stereo91-20250710-1-300x200.jpg",300,200,true],"medium_large":["https:\/\/pornuestrolaredo.com\/wp-content\/uploads\/2025\/07\/Stereo91-20250710-1-768x511.jpg",640,426,true],"large":["https:\/\/pornuestrolaredo.com\/wp-content\/uploads\/2025\/07\/Stereo91-20250710-1.jpg",640,426,false],"1536x1536":["https:\/\/pornuestrolaredo.com\/wp-content\/uploads\/2025\/07\/Stereo91-20250710-1.jpg",964,642,false],"2048x2048":["https:\/\/pornuestrolaredo.com\/wp-content\/uploads\/2025\/07\/Stereo91-20250710-1.jpg",964,642,false],"morenews-large":["https:\/\/pornuestrolaredo.com\/wp-content\/uploads\/2025\/07\/Stereo91-20250710-1.jpg",825,549,false],"morenews-medium":["https:\/\/pornuestrolaredo.com\/wp-content\/uploads\/2025\/07\/Stereo91-20250710-1.jpg",590,393,false]},"author_info":{"info":["Redactor"]},"category_info":"<a href=\"https:\/\/pornuestrolaredo.com\/?cat=4\" rel=\"category\">Los dos Laredos<\/a>","tag_info":"Los dos Laredos","comment_count":"0","jetpack_featured_media_url":"https:\/\/pornuestrolaredo.com\/wp-content\/uploads\/2025\/07\/Stereo91-20250710-1.jpg","jetpack_sharing_enabled":true,"_links":{"self":[{"href":"https:\/\/pornuestrolaredo.com\/index.php?rest_route=\/wp\/v2\/posts\/7060","targetHints":{"allow":["GET"]}}],"collection":[{"href":"https:\/\/pornuestrolaredo.com\/index.php?rest_route=\/wp\/v2\/posts"}],"about":[{"href":"https:\/\/pornuestrolaredo.com\/index.php?rest_route=\/wp\/v2\/types\/post"}],"author":[{"embeddable":true,"href":"https:\/\/pornuestrolaredo.com\/index.php?rest_route=\/wp\/v2\/users\/1"}],"replies":[{"embeddable":true,"href":"https:\/\/pornuestrolaredo.com\/index.php?rest_route=%2Fwp%2Fv2%2Fcomments&post=7060"}],"version-history":[{"count":1,"href":"https:\/\/pornuestrolaredo.com\/index.php?rest_route=\/wp\/v2\/posts\/7060\/revisions"}],"predecessor-version":[{"id":7062,"href":"https:\/\/pornuestrolaredo.com\/index.php?rest_route=\/wp\/v2\/posts\/7060\/revisions\/7062"}],"wp:featuredmedia":[{"embeddable":true,"href":"https:\/\/pornuestrolaredo.com\/index.php?rest_route=\/wp\/v2\/media\/7061"}],"wp:attachment":[{"href":"https:\/\/pornuestrolaredo.com\/index.php?rest_route=%2Fwp%2Fv2%2Fmedia&parent=7060"}],"wp:term":[{"taxonomy":"category","embeddable":true,"href":"https:\/\/pornuestrolaredo.com\/index.php?rest_route=%2Fwp%2Fv2%2Fcategories&post=7060"},{"taxonomy":"post_tag","embeddable":true,"href":"https:\/\/pornuestrolaredo.com\/index.php?rest_route=%2Fwp%2Fv2%2Ftags&post=7060"}],"curies":[{"name":"wp","href":"https:\/\/api.w.org\/{rel}","templated":true}]}}