{"id":7063,"date":"2025-07-10T15:30:01","date_gmt":"2025-07-10T20:30:01","guid":{"rendered":"https:\/\/pornuestrolaredo.com\/?p=7063"},"modified":"2025-07-10T15:30:01","modified_gmt":"2025-07-10T20:30:01","slug":"bloquea-juez-orden-contra-ciudadania-por-nacimiento","status":"publish","type":"post","link":"https:\/\/pornuestrolaredo.com\/?p=7063","title":{"rendered":"Bloquea juez orden contra ciudadan\u00eda por nacimiento"},"content":{"rendered":"<p><strong><em>New Hampshire.<\/em>&#8211;<\/strong> Un juez federal de New Hampshire\u00a0dijo este jueves que certificar\u00e1 una demanda colectiva que incluye a todos los ni\u00f1os que se ver\u00e1n afectados por la orden ejecutiva del\u00a0presidente Donald Trump\u00a0que pone fin a la\u00a0ciudadan\u00eda por derecho de nacimiento\u00a0y emitir\u00e1 una orden judicial preliminar para bloquearla.<\/p>\n<p>El juez\u00a0Joseph LaPlante\u00a0anunci\u00f3 su decisi\u00f3n tras una\u00a0audiencia\u00a0de una hora y afirm\u00f3 que emitir\u00e1 una orden escrita. La orden incluir\u00e1 una suspensi\u00f3n de siete d\u00edas para\u00a0permitir la apelaci\u00f3n, a\u00f1adi\u00f3.<\/p>\n<p>La demanda fue interpuesta por la Uni\u00f3n Estadounidense por las Libertades Civiles (ACLU, por sus siglas en ingl\u00e9s) en nombre de una mujer embarazada, padres inmigrantes y sus hijos.<\/p>\n<p>La asociaci\u00f3n solicit\u00f3 que se reconociera como\u00a0demanda colectiva\u00a0a todas las familias en el pa\u00eds cuyos beb\u00e9s podr\u00edan verse afectados por una orden ejecutiva que restringe la\u00a0ciudadan\u00eda por nacimiento.<br \/>\nDurante una audiencia hoy por la ma\u00f1ana, el abogado principal de la ACLU, Cody Wofsy, sostuvo ante el juez federal Joseph Laplante que negar la\u00a0ciudadan\u00eda por nacimiento\u00a0causar\u00eda un da\u00f1o irreparable a los beb\u00e9s afectados. El juzgador consider\u00f3 v\u00e1lidos y cre\u00edbles los argumentos presentados.<\/p>\n<p>LaPlante dijo que suspender\u00e1 su fallo unos d\u00edas para permitir que la administraci\u00f3n Trump apele y que emitir\u00e1 una decisi\u00f3n por escrito al final del d\u00eda.\u00a0<\/p>\n<p>La ACLU y otros grupos presentaron la\u00a0demanda\u00a0apenas unas horas despu\u00e9s de que la Suprema Corte emitiera el 27 de junio un fallo por 6-3, impulsado por su mayor\u00eda conservadora, que limit\u00f3 tres medidas cautelares a nivel nacional emitidas por jueces en desaf\u00edos separados a la directiva de Trump.<\/p>\n<p>Buscando aprovechar una excepci\u00f3n en la sentencia de la Suprema Corte, los abogados de los demandantes argumentaron que la decisi\u00f3n permite a los jueces seguir bloqueando las pol\u00edticas del Presidente de EU a nivel nacional en demandas colectivas.<\/p>\n","protected":false},"excerpt":{"rendered":"<p>Estar\u00e1 suspendida durante siete d\u00edas, para dar oportunidad al gobierno de Trump de presentar una apelaci\u00f3n <\/p>\n","protected":false},"author":1,"featured_media":7064,"comment_status":"closed","ping_status":"closed","sticky":false,"template":"","format":"standard","meta":{"_crdt_document":"","_jetpack_memberships_contains_paid_content":false,"footnotes":"","jetpack_publicize_message":"","jetpack_publicize_feature_enabled":true,"jetpack_social_post_already_shared":true,"jetpack_social_options":{"image_generator_settings":{"template":"highway","default_image_id":0,"font":"","enabled":false},"version":2},"_wpas_customize_per_network":false},"categories":[9],"tags":[],"class_list":["post-7063","post","type-post","status-publish","format-standard","has-post-thumbnail","hentry","category-el-mundo"],"magazineBlocksPostFeaturedMedia":{"thumbnail":"https:\/\/pornuestrolaredo.com\/wp-content\/uploads\/2025\/07\/Stereo91-20250710-4-150x150.jpg","medium":"https:\/\/pornuestrolaredo.com\/wp-content\/uploads\/2025\/07\/Stereo91-20250710-4-300x200.jpg","medium_large":"https:\/\/pornuestrolaredo.com\/wp-content\/uploads\/2025\/07\/Stereo91-20250710-4-768x512.jpg","large":"https:\/\/pornuestrolaredo.com\/wp-content\/uploads\/2025\/07\/Stereo91-20250710-4.jpg","1536x1536":"https:\/\/pornuestrolaredo.com\/wp-content\/uploads\/2025\/07\/Stereo91-20250710-4.jpg","2048x2048":"https:\/\/pornuestrolaredo.com\/wp-content\/uploads\/2025\/07\/Stereo91-20250710-4.jpg","morenews-large":"https:\/\/pornuestrolaredo.com\/wp-content\/uploads\/2025\/07\/Stereo91-20250710-4.jpg","morenews-medium":"https:\/\/pornuestrolaredo.com\/wp-content\/uploads\/2025\/07\/Stereo91-20250710-4.jpg"},"magazineBlocksPostAuthor":{"name":"Redactor","avatar":"https:\/\/pornuestrolaredo.com\/wp-content\/litespeed\/avatar\/dca1d7ec750c399f025f23b0b314f4cf.jpg?ver=1777612120"},"magazineBlocksPostCommentsNumber":false,"magazineBlocksPostExcerpt":"Estar\u00e1 suspendida durante siete d\u00edas, para dar oportunidad al gobierno de Trump de presentar una apelaci\u00f3n ","magazineBlocksPostCategories":["El Mundo"],"magazineBlocksPostViewCount":151,"magazineBlocksPostReadTime":2,"magazine_blocks_featured_image_url":{"full":["https:\/\/pornuestrolaredo.com\/wp-content\/uploads\/2025\/07\/Stereo91-20250710-4.jpg",960,640,false],"medium":["https:\/\/pornuestrolaredo.com\/wp-content\/uploads\/2025\/07\/Stereo91-20250710-4-300x200.jpg",300,200,true],"thumbnail":["https:\/\/pornuestrolaredo.com\/wp-content\/uploads\/2025\/07\/Stereo91-20250710-4-150x150.jpg",150,150,true]},"magazine_blocks_author":{"display_name":"Redactor","author_link":"https:\/\/pornuestrolaredo.com\/?author=1"},"magazine_blocks_comment":0,"magazine_blocks_author_image":"https:\/\/pornuestrolaredo.com\/wp-content\/litespeed\/avatar\/dca1d7ec750c399f025f23b0b314f4cf.jpg?ver=1777612120","magazine_blocks_category":"<a href=\"#\" class=\"category-link category-link-9\">El Mundo<\/a>","jetpack_publicize_connections":[],"featured_image_urls":{"full":["https:\/\/pornuestrolaredo.com\/wp-content\/uploads\/2025\/07\/Stereo91-20250710-4.jpg",960,640,false],"thumbnail":["https:\/\/pornuestrolaredo.com\/wp-content\/uploads\/2025\/07\/Stereo91-20250710-4-150x150.jpg",150,150,true],"medium":["https:\/\/pornuestrolaredo.com\/wp-content\/uploads\/2025\/07\/Stereo91-20250710-4-300x200.jpg",300,200,true],"medium_large":["https:\/\/pornuestrolaredo.com\/wp-content\/uploads\/2025\/07\/Stereo91-20250710-4-768x512.jpg",640,427,true],"large":["https:\/\/pornuestrolaredo.com\/wp-content\/uploads\/2025\/07\/Stereo91-20250710-4.jpg",640,427,false],"1536x1536":["https:\/\/pornuestrolaredo.com\/wp-content\/uploads\/2025\/07\/Stereo91-20250710-4.jpg",960,640,false],"2048x2048":["https:\/\/pornuestrolaredo.com\/wp-content\/uploads\/2025\/07\/Stereo91-20250710-4.jpg",960,640,false],"morenews-large":["https:\/\/pornuestrolaredo.com\/wp-content\/uploads\/2025\/07\/Stereo91-20250710-4.jpg",825,550,false],"morenews-medium":["https:\/\/pornuestrolaredo.com\/wp-content\/uploads\/2025\/07\/Stereo91-20250710-4.jpg",590,393,false]},"author_info":{"info":["Redactor"]},"category_info":"<a href=\"https:\/\/pornuestrolaredo.com\/?cat=9\" rel=\"category\">El Mundo<\/a>","tag_info":"El Mundo","comment_count":"0","jetpack_featured_media_url":"https:\/\/pornuestrolaredo.com\/wp-content\/uploads\/2025\/07\/Stereo91-20250710-4.jpg","jetpack_sharing_enabled":true,"_links":{"self":[{"href":"https:\/\/pornuestrolaredo.com\/index.php?rest_route=\/wp\/v2\/posts\/7063","targetHints":{"allow":["GET"]}}],"collection":[{"href":"https:\/\/pornuestrolaredo.com\/index.php?rest_route=\/wp\/v2\/posts"}],"about":[{"href":"https:\/\/pornuestrolaredo.com\/index.php?rest_route=\/wp\/v2\/types\/post"}],"author":[{"embeddable":true,"href":"https:\/\/pornuestrolaredo.com\/index.php?rest_route=\/wp\/v2\/users\/1"}],"replies":[{"embeddable":true,"href":"https:\/\/pornuestrolaredo.com\/index.php?rest_route=%2Fwp%2Fv2%2Fcomments&post=7063"}],"version-history":[{"count":1,"href":"https:\/\/pornuestrolaredo.com\/index.php?rest_route=\/wp\/v2\/posts\/7063\/revisions"}],"predecessor-version":[{"id":7065,"href":"https:\/\/pornuestrolaredo.com\/index.php?rest_route=\/wp\/v2\/posts\/7063\/revisions\/7065"}],"wp:featuredmedia":[{"embeddable":true,"href":"https:\/\/pornuestrolaredo.com\/index.php?rest_route=\/wp\/v2\/media\/7064"}],"wp:attachment":[{"href":"https:\/\/pornuestrolaredo.com\/index.php?rest_route=%2Fwp%2Fv2%2Fmedia&parent=7063"}],"wp:term":[{"taxonomy":"category","embeddable":true,"href":"https:\/\/pornuestrolaredo.com\/index.php?rest_route=%2Fwp%2Fv2%2Fcategories&post=7063"},{"taxonomy":"post_tag","embeddable":true,"href":"https:\/\/pornuestrolaredo.com\/index.php?rest_route=%2Fwp%2Fv2%2Ftags&post=7063"}],"curies":[{"name":"wp","href":"https:\/\/api.w.org\/{rel}","templated":true}]}}