{"id":7070,"date":"2025-07-11T15:53:54","date_gmt":"2025-07-11T20:53:54","guid":{"rendered":"https:\/\/pornuestrolaredo.com\/?p=7070"},"modified":"2025-07-11T15:53:54","modified_gmt":"2025-07-11T20:53:54","slug":"visita-trump-zona-de-inundaciones-en-texas","status":"publish","type":"post","link":"https:\/\/pornuestrolaredo.com\/?p=7070","title":{"rendered":"Visita Trump zona de inundaciones en Texas"},"content":{"rendered":"<p><strong>SAN ANTONIO.-<\/strong> El presidente estadounidense, Donald Trump,\u00a0viaj\u00f3 este viernes a\u00a0Texas,\u00a0a zona devastada por\u00a0inundaciones, en medio de cuestionamientos por la respuesta de las autoridades locales y federales.<\/p>\n<p>Acompa\u00f1ado de la primera dama, Melania Trump, el republicano subi\u00f3 al Air Force One para reunirse con socorristas, familias y funcionarios locales una semana despu\u00e9s de que\u00a0inundaciones\u00a0torrenciales dejaron al menos 120 muertos.<\/p>\n<p>Visitar\u00e1n Kerrville, una localidad del condado de Kerr, el m\u00e1s afectado, donde se han registrado al menos 96 muertos.<\/p>\n<blockquote><p>Vamos a estar all\u00ed con algunas de las familias de las v\u00edctimas&#8221;, dijo Trump a periodistas antes de partir de la Casa Blanca. Lo que pas\u00f3 es\u00a0&#8220;algo\u00a0horrible&#8221;, afirm\u00f3.<\/p><\/blockquote>\n<p>La b\u00fasqueda de m\u00e1s de 170 personas desaparecidas, incluidas cinco ni\u00f1as que estaban en un campamento de verano, entr\u00f3 en su octavo d\u00eda. Los equipos de rescate peinan escombros y barro.<\/p>\n<p>Como no se ha encontrado a nadie vivo esta semana se teme que la cifra de v\u00edctimas mortales aumente.<\/p>\n<p>El presidente, con traje y corbata, luci\u00f3 una gorra blanca de b\u00e9isbol estadounidense para protegerse del calor. Melania Trump vest\u00eda de forma informal: chaqueta caqui, pantalones verde oliva y zapatillas Converse, adem\u00e1s de su propia gorra oscura.<\/p>\n<p>M\u00e1s tarde, los Trump posaron para fotograf\u00edas con oficiales de polic\u00eda y funcionarios que llevaban cascos.<\/p>\n<p>Trump ha desestimado las preguntas sobre el impacto de sus recortes a las agencias federales en la respuesta a las\u00a0inundaciones,\u00a0que describi\u00f3 como una &#8220;cat\u00e1strofe&#8221; que &#8220;nadie esperaba\u201d.<\/p>\n<p>Trump dijo ser partidario de poner en marcha un sistema de alerta de inundaciones. Se tratar\u00eda de alarmas que se activar\u00edan &#8220;si hay grandes cantidades de agua o lo que sea&#8221;, explic\u00f3 a NBC News en una entrevista telef\u00f3nica.<\/p>\n<p>Las\u00a0inundaciones,\u00a0entre las m\u00e1s mortales de Estados Unidos en los \u00faltimos a\u00f1os, tambi\u00e9n han reabierto preguntas sobre los planes de Trump para eliminar gradualmente la agencia federal de respuesta a desastres FEMA. <\/p>\n","protected":false},"excerpt":{"rendered":"<p>Antes de partir desde Washington, dijo que se reunir\u00eda con socorristas, familias y funcionarios locales, en condado de Kerr<\/p>\n","protected":false},"author":1,"featured_media":7071,"comment_status":"closed","ping_status":"closed","sticky":false,"template":"","format":"standard","meta":{"_crdt_document":"","_jetpack_memberships_contains_paid_content":false,"footnotes":"","jetpack_publicize_message":"","jetpack_publicize_feature_enabled":true,"jetpack_social_post_already_shared":true,"jetpack_social_options":{"image_generator_settings":{"template":"highway","default_image_id":0,"font":"","enabled":false},"version":2},"_wpas_customize_per_network":false},"categories":[9],"tags":[],"class_list":["post-7070","post","type-post","status-publish","format-standard","has-post-thumbnail","hentry","category-el-mundo"],"magazineBlocksPostFeaturedMedia":{"thumbnail":"https:\/\/pornuestrolaredo.com\/wp-content\/uploads\/2025\/07\/Stereo91-202507111-3-150x150.png","medium":"https:\/\/pornuestrolaredo.com\/wp-content\/uploads\/2025\/07\/Stereo91-202507111-3-300x200.png","medium_large":"https:\/\/pornuestrolaredo.com\/wp-content\/uploads\/2025\/07\/Stereo91-202507111-3-768x512.png","large":"https:\/\/pornuestrolaredo.com\/wp-content\/uploads\/2025\/07\/Stereo91-202507111-3-1000x667.png","1536x1536":"https:\/\/pornuestrolaredo.com\/wp-content\/uploads\/2025\/07\/Stereo91-202507111-3.png","2048x2048":"https:\/\/pornuestrolaredo.com\/wp-content\/uploads\/2025\/07\/Stereo91-202507111-3.png","morenews-large":"https:\/\/pornuestrolaredo.com\/wp-content\/uploads\/2025\/07\/Stereo91-202507111-3.png","morenews-medium":"https:\/\/pornuestrolaredo.com\/wp-content\/uploads\/2025\/07\/Stereo91-202507111-3.png"},"magazineBlocksPostAuthor":{"name":"Redactor","avatar":"https:\/\/pornuestrolaredo.com\/wp-content\/litespeed\/avatar\/dca1d7ec750c399f025f23b0b314f4cf.jpg?ver=1777612120"},"magazineBlocksPostCommentsNumber":false,"magazineBlocksPostExcerpt":"Antes de partir desde Washington, dijo que se reunir\u00eda con socorristas, familias y funcionarios locales, en condado de Kerr","magazineBlocksPostCategories":["El Mundo"],"magazineBlocksPostViewCount":148,"magazineBlocksPostReadTime":2,"magazine_blocks_featured_image_url":{"full":["https:\/\/pornuestrolaredo.com\/wp-content\/uploads\/2025\/07\/Stereo91-202507111-3.png",1285,857,false],"medium":["https:\/\/pornuestrolaredo.com\/wp-content\/uploads\/2025\/07\/Stereo91-202507111-3-300x200.png",300,200,true],"thumbnail":["https:\/\/pornuestrolaredo.com\/wp-content\/uploads\/2025\/07\/Stereo91-202507111-3-150x150.png",150,150,true]},"magazine_blocks_author":{"display_name":"Redactor","author_link":"https:\/\/pornuestrolaredo.com\/?author=1"},"magazine_blocks_comment":0,"magazine_blocks_author_image":"https:\/\/pornuestrolaredo.com\/wp-content\/litespeed\/avatar\/dca1d7ec750c399f025f23b0b314f4cf.jpg?ver=1777612120","magazine_blocks_category":"<a href=\"#\" class=\"category-link category-link-9\">El Mundo<\/a>","jetpack_publicize_connections":[],"featured_image_urls":{"full":["https:\/\/pornuestrolaredo.com\/wp-content\/uploads\/2025\/07\/Stereo91-202507111-3.png",1285,857,false],"thumbnail":["https:\/\/pornuestrolaredo.com\/wp-content\/uploads\/2025\/07\/Stereo91-202507111-3-150x150.png",150,150,true],"medium":["https:\/\/pornuestrolaredo.com\/wp-content\/uploads\/2025\/07\/Stereo91-202507111-3-300x200.png",300,200,true],"medium_large":["https:\/\/pornuestrolaredo.com\/wp-content\/uploads\/2025\/07\/Stereo91-202507111-3-768x512.png",640,427,true],"large":["https:\/\/pornuestrolaredo.com\/wp-content\/uploads\/2025\/07\/Stereo91-202507111-3-1000x667.png",640,427,true],"1536x1536":["https:\/\/pornuestrolaredo.com\/wp-content\/uploads\/2025\/07\/Stereo91-202507111-3.png",1285,857,false],"2048x2048":["https:\/\/pornuestrolaredo.com\/wp-content\/uploads\/2025\/07\/Stereo91-202507111-3.png",1285,857,false],"morenews-large":["https:\/\/pornuestrolaredo.com\/wp-content\/uploads\/2025\/07\/Stereo91-202507111-3.png",825,550,false],"morenews-medium":["https:\/\/pornuestrolaredo.com\/wp-content\/uploads\/2025\/07\/Stereo91-202507111-3.png",590,393,false]},"author_info":{"info":["Redactor"]},"category_info":"<a href=\"https:\/\/pornuestrolaredo.com\/?cat=9\" rel=\"category\">El Mundo<\/a>","tag_info":"El Mundo","comment_count":"0","jetpack_featured_media_url":"https:\/\/pornuestrolaredo.com\/wp-content\/uploads\/2025\/07\/Stereo91-202507111-3.png","jetpack_sharing_enabled":true,"_links":{"self":[{"href":"https:\/\/pornuestrolaredo.com\/index.php?rest_route=\/wp\/v2\/posts\/7070","targetHints":{"allow":["GET"]}}],"collection":[{"href":"https:\/\/pornuestrolaredo.com\/index.php?rest_route=\/wp\/v2\/posts"}],"about":[{"href":"https:\/\/pornuestrolaredo.com\/index.php?rest_route=\/wp\/v2\/types\/post"}],"author":[{"embeddable":true,"href":"https:\/\/pornuestrolaredo.com\/index.php?rest_route=\/wp\/v2\/users\/1"}],"replies":[{"embeddable":true,"href":"https:\/\/pornuestrolaredo.com\/index.php?rest_route=%2Fwp%2Fv2%2Fcomments&post=7070"}],"version-history":[{"count":1,"href":"https:\/\/pornuestrolaredo.com\/index.php?rest_route=\/wp\/v2\/posts\/7070\/revisions"}],"predecessor-version":[{"id":7072,"href":"https:\/\/pornuestrolaredo.com\/index.php?rest_route=\/wp\/v2\/posts\/7070\/revisions\/7072"}],"wp:featuredmedia":[{"embeddable":true,"href":"https:\/\/pornuestrolaredo.com\/index.php?rest_route=\/wp\/v2\/media\/7071"}],"wp:attachment":[{"href":"https:\/\/pornuestrolaredo.com\/index.php?rest_route=%2Fwp%2Fv2%2Fmedia&parent=7070"}],"wp:term":[{"taxonomy":"category","embeddable":true,"href":"https:\/\/pornuestrolaredo.com\/index.php?rest_route=%2Fwp%2Fv2%2Fcategories&post=7070"},{"taxonomy":"post_tag","embeddable":true,"href":"https:\/\/pornuestrolaredo.com\/index.php?rest_route=%2Fwp%2Fv2%2Ftags&post=7070"}],"curies":[{"name":"wp","href":"https:\/\/api.w.org\/{rel}","templated":true}]}}