{"id":7073,"date":"2025-07-13T14:18:05","date_gmt":"2025-07-13T19:18:05","guid":{"rendered":"https:\/\/pornuestrolaredo.com\/?p=7073"},"modified":"2025-07-13T14:18:05","modified_gmt":"2025-07-13T19:18:05","slug":"van-contra-car-wash-que-no-usan-agua-de-manera-responsable","status":"publish","type":"post","link":"https:\/\/pornuestrolaredo.com\/?p=7073","title":{"rendered":"Van contra car wash que no usan agua de manera responsable"},"content":{"rendered":"<p><strong>NUEVO LAREDO.-<\/strong> Vigilar el uso adecuado del agua es el objetivo de una campa\u00f1a que se emprender\u00e1 entre los m\u00e1s de 350 establecimientos de lavado de autos (car wash) registrados en el padr\u00f3n municipal de Nuevo Laredo.<\/p>\n<p>La Coordinaci\u00f3n de Gesti\u00f3n Ambiental del Gobierno Municipal dio a conocer que la campa\u00f1a iniciar\u00e1 en unos d\u00edas y se pretende garantizar el uso responsable y legal del agua en estos negocios.<\/p>\n<blockquote><p>Estamos con los car wash, pero deben cumplir con la normativa: no se permite el uso de agua potable y el agua utilizada no puede ir a dar a la v\u00eda p\u00fablica. Debe emplearse agua tratada y contar con un sistema adecuado de manejo\u201d, subray\u00f3 la funcionaria.<\/p><\/blockquote>\n<p>Afirm\u00f3 que para la presidenta municipal, Carmen Lilia Canturosas, es una prioridad el uso responsable del agua, por lo que adem\u00e1s de llevar a cabo estas inspecciones, tambi\u00e9n realizan campa\u00f1as y capacitaciones con el objetivo de concientizar acerca de este tema. <\/p>\n<p>La autoridad ambiental ha intensificado los recorridos de vigilancia por toda la ciudad y ya ha comenzado a imponer sanciones a negocios que incumplen con las disposiciones en materia de agua y residuos. <\/p>\n<blockquote><p>Hemos multado a franquicias nacionales e internacionales. No se trata solo de inspeccionar, sino de concientizar y aplicar la ley cuando sea necesario. No hay excepciones\u201d, agreg\u00f3.<\/p><\/blockquote>\n<p>Desde el inicio de la presente administraci\u00f3n, se han levantado m\u00e1s de 30 multas y m\u00e1s de 50 amonestaciones, aplicadas no solo a empresas, sino tambi\u00e9n a templos y ciudadanos particulares.<\/p>\n<p>La Direcci\u00f3n de Gesti\u00f3n Ambiental hace un llamado a los propietarios de car wash y a la ciudadan\u00eda en general a sumarse a los esfuerzos por el uso responsable del agua, un recurso vital que debemos cuidar entre todos.<\/p>\n","protected":false},"excerpt":{"rendered":"<p>Se debe utilizar agua tratada, contar con un sistema adecuado de manejo y evitar el uso de potable<\/p>\n","protected":false},"author":1,"featured_media":7074,"comment_status":"closed","ping_status":"closed","sticky":false,"template":"","format":"standard","meta":{"_crdt_document":"","_jetpack_memberships_contains_paid_content":false,"footnotes":"","jetpack_publicize_message":"","jetpack_publicize_feature_enabled":true,"jetpack_social_post_already_shared":true,"jetpack_social_options":{"image_generator_settings":{"template":"highway","default_image_id":0,"font":"","enabled":false},"version":2},"_wpas_customize_per_network":false},"categories":[4],"tags":[],"class_list":["post-7073","post","type-post","status-publish","format-standard","has-post-thumbnail","hentry","category-los-dos-laredos"],"magazineBlocksPostFeaturedMedia":{"thumbnail":"https:\/\/pornuestrolaredo.com\/wp-content\/uploads\/2025\/07\/Stereo91-20250713-1-150x150.jpg","medium":"https:\/\/pornuestrolaredo.com\/wp-content\/uploads\/2025\/07\/Stereo91-20250713-1-300x200.jpg","medium_large":"https:\/\/pornuestrolaredo.com\/wp-content\/uploads\/2025\/07\/Stereo91-20250713-1-768x513.jpg","large":"https:\/\/pornuestrolaredo.com\/wp-content\/uploads\/2025\/07\/Stereo91-20250713-1-1000x668.jpg","1536x1536":"https:\/\/pornuestrolaredo.com\/wp-content\/uploads\/2025\/07\/Stereo91-20250713-1-1536x1025.jpg","2048x2048":"https:\/\/pornuestrolaredo.com\/wp-content\/uploads\/2025\/07\/Stereo91-20250713-1.jpg","morenews-large":"https:\/\/pornuestrolaredo.com\/wp-content\/uploads\/2025\/07\/Stereo91-20250713-1.jpg","morenews-medium":"https:\/\/pornuestrolaredo.com\/wp-content\/uploads\/2025\/07\/Stereo91-20250713-1.jpg"},"magazineBlocksPostAuthor":{"name":"Redactor","avatar":"https:\/\/pornuestrolaredo.com\/wp-content\/litespeed\/avatar\/dca1d7ec750c399f025f23b0b314f4cf.jpg?ver=1777612120"},"magazineBlocksPostCommentsNumber":false,"magazineBlocksPostExcerpt":"Se debe utilizar agua tratada, contar con un sistema adecuado de manejo y evitar el uso de potable","magazineBlocksPostCategories":["Los dos Laredos"],"magazineBlocksPostViewCount":121,"magazineBlocksPostReadTime":2,"magazine_blocks_featured_image_url":{"full":["https:\/\/pornuestrolaredo.com\/wp-content\/uploads\/2025\/07\/Stereo91-20250713-1.jpg",1928,1287,false],"medium":["https:\/\/pornuestrolaredo.com\/wp-content\/uploads\/2025\/07\/Stereo91-20250713-1-300x200.jpg",300,200,true],"thumbnail":["https:\/\/pornuestrolaredo.com\/wp-content\/uploads\/2025\/07\/Stereo91-20250713-1-150x150.jpg",150,150,true]},"magazine_blocks_author":{"display_name":"Redactor","author_link":"https:\/\/pornuestrolaredo.com\/?author=1"},"magazine_blocks_comment":0,"magazine_blocks_author_image":"https:\/\/pornuestrolaredo.com\/wp-content\/litespeed\/avatar\/dca1d7ec750c399f025f23b0b314f4cf.jpg?ver=1777612120","magazine_blocks_category":"<a href=\"#\" class=\"category-link category-link-4\">Los dos Laredos<\/a>","jetpack_publicize_connections":[],"featured_image_urls":{"full":["https:\/\/pornuestrolaredo.com\/wp-content\/uploads\/2025\/07\/Stereo91-20250713-1.jpg",1928,1287,false],"thumbnail":["https:\/\/pornuestrolaredo.com\/wp-content\/uploads\/2025\/07\/Stereo91-20250713-1-150x150.jpg",150,150,true],"medium":["https:\/\/pornuestrolaredo.com\/wp-content\/uploads\/2025\/07\/Stereo91-20250713-1-300x200.jpg",300,200,true],"medium_large":["https:\/\/pornuestrolaredo.com\/wp-content\/uploads\/2025\/07\/Stereo91-20250713-1-768x513.jpg",640,428,true],"large":["https:\/\/pornuestrolaredo.com\/wp-content\/uploads\/2025\/07\/Stereo91-20250713-1-1000x668.jpg",640,428,true],"1536x1536":["https:\/\/pornuestrolaredo.com\/wp-content\/uploads\/2025\/07\/Stereo91-20250713-1-1536x1025.jpg",1536,1025,true],"2048x2048":["https:\/\/pornuestrolaredo.com\/wp-content\/uploads\/2025\/07\/Stereo91-20250713-1.jpg",1928,1287,false],"morenews-large":["https:\/\/pornuestrolaredo.com\/wp-content\/uploads\/2025\/07\/Stereo91-20250713-1.jpg",825,551,false],"morenews-medium":["https:\/\/pornuestrolaredo.com\/wp-content\/uploads\/2025\/07\/Stereo91-20250713-1.jpg",590,394,false]},"author_info":{"info":["Redactor"]},"category_info":"<a href=\"https:\/\/pornuestrolaredo.com\/?cat=4\" rel=\"category\">Los dos Laredos<\/a>","tag_info":"Los dos Laredos","comment_count":"0","jetpack_featured_media_url":"https:\/\/pornuestrolaredo.com\/wp-content\/uploads\/2025\/07\/Stereo91-20250713-1.jpg","jetpack_sharing_enabled":true,"_links":{"self":[{"href":"https:\/\/pornuestrolaredo.com\/index.php?rest_route=\/wp\/v2\/posts\/7073","targetHints":{"allow":["GET"]}}],"collection":[{"href":"https:\/\/pornuestrolaredo.com\/index.php?rest_route=\/wp\/v2\/posts"}],"about":[{"href":"https:\/\/pornuestrolaredo.com\/index.php?rest_route=\/wp\/v2\/types\/post"}],"author":[{"embeddable":true,"href":"https:\/\/pornuestrolaredo.com\/index.php?rest_route=\/wp\/v2\/users\/1"}],"replies":[{"embeddable":true,"href":"https:\/\/pornuestrolaredo.com\/index.php?rest_route=%2Fwp%2Fv2%2Fcomments&post=7073"}],"version-history":[{"count":1,"href":"https:\/\/pornuestrolaredo.com\/index.php?rest_route=\/wp\/v2\/posts\/7073\/revisions"}],"predecessor-version":[{"id":7075,"href":"https:\/\/pornuestrolaredo.com\/index.php?rest_route=\/wp\/v2\/posts\/7073\/revisions\/7075"}],"wp:featuredmedia":[{"embeddable":true,"href":"https:\/\/pornuestrolaredo.com\/index.php?rest_route=\/wp\/v2\/media\/7074"}],"wp:attachment":[{"href":"https:\/\/pornuestrolaredo.com\/index.php?rest_route=%2Fwp%2Fv2%2Fmedia&parent=7073"}],"wp:term":[{"taxonomy":"category","embeddable":true,"href":"https:\/\/pornuestrolaredo.com\/index.php?rest_route=%2Fwp%2Fv2%2Fcategories&post=7073"},{"taxonomy":"post_tag","embeddable":true,"href":"https:\/\/pornuestrolaredo.com\/index.php?rest_route=%2Fwp%2Fv2%2Ftags&post=7073"}],"curies":[{"name":"wp","href":"https:\/\/api.w.org\/{rel}","templated":true}]}}