{"id":7076,"date":"2025-07-14T15:17:54","date_gmt":"2025-07-14T20:17:54","guid":{"rendered":"https:\/\/pornuestrolaredo.com\/?p=7076"},"modified":"2025-07-14T15:17:54","modified_gmt":"2025-07-14T20:17:54","slug":"rockean-cientos-de-jovenes-y-familias-en-el-laguito","status":"publish","type":"post","link":"https:\/\/pornuestrolaredo.com\/?p=7076","title":{"rendered":"\u2018Rockean\u2019 cientos de j\u00f3venes y familias en El Laguito"},"content":{"rendered":"<p><strong><em>NUEVO LAREDO.-<\/em> <\/strong> Este domingo, uno de los parques m\u00e1s emblem\u00e1ticos de la ciudad se convirti\u00f3 en el punto de encuentro para celebrar el D\u00eda Mundial del Rock con el evento \u201cRockeando en el Laguito\u201d, una iniciativa del Instituto Municipal de la Juventud (IMJUVE) en coordinaci\u00f3n con la Direcci\u00f3n de Arte y Cultura, que reuni\u00f3 a cientos de j\u00f3venes y familias en una tarde vibrante de m\u00fasica, arte y convivencia.<\/p>\n<p>Con la participaci\u00f3n de talentosas bandas locales como Flor Matcha, The Airwaves, Don\u2019t Take It For Granted, Fox Bemol, Retratos Imaginarios, Ratos Libres, Chicos Malos y Romanz, el festival ofreci\u00f3 una experiencia musical diversa con g\u00e9neros que incluyeron rock alternativo, pop rock y punk, logrando conectar con el esp\u00edritu juvenil de los asistentes.<\/p>\n<p>Adem\u00e1s del escenario musical, los asistentes pudieron recorrer un bazar que reuni\u00f3 a diversos emprendedores locales, quienes ofrecieron sus productos como parte del impulso al consumo local y el fortalecimiento del talento emprendedor de la ciudad.<\/p>\n<p>\u201cRockeando en el Laguito\u201d se vivi\u00f3 en un ambiente de respeto, inclusi\u00f3n y energ\u00eda positiva, aprovechando un espacio p\u00fablico recientemente renovado que contin\u00faa consolid\u00e1ndose como punto clave para la recreaci\u00f3n y el arte en Nuevo Laredo.<\/p>\n<p>Desde el Gobierno Municipal, se contin\u00faa trabajando para generar espacios seguros y creativos donde la juventud pueda expresarse y las familias disfruten de actividades culturales que fortalecen el tejido social.<\/p>\n","protected":false},"excerpt":{"rendered":"<p>Tienen una velada musical muy especial con participaci\u00f3n de numerosas y talentosas bandas locales<\/p>\n","protected":false},"author":1,"featured_media":7077,"comment_status":"closed","ping_status":"closed","sticky":false,"template":"","format":"standard","meta":{"_crdt_document":"","_jetpack_memberships_contains_paid_content":false,"footnotes":"","jetpack_publicize_message":"","jetpack_publicize_feature_enabled":true,"jetpack_social_post_already_shared":true,"jetpack_social_options":{"image_generator_settings":{"template":"highway","default_image_id":0,"font":"","enabled":false},"version":2},"_wpas_customize_per_network":false},"categories":[4],"tags":[],"class_list":["post-7076","post","type-post","status-publish","format-standard","has-post-thumbnail","hentry","category-los-dos-laredos"],"magazineBlocksPostFeaturedMedia":{"thumbnail":"https:\/\/pornuestrolaredo.com\/wp-content\/uploads\/2025\/07\/Stereo91-20250714-1-1-150x150.jpg","medium":"https:\/\/pornuestrolaredo.com\/wp-content\/uploads\/2025\/07\/Stereo91-20250714-1-1-300x200.jpg","medium_large":"https:\/\/pornuestrolaredo.com\/wp-content\/uploads\/2025\/07\/Stereo91-20250714-1-1-768x513.jpg","large":"https:\/\/pornuestrolaredo.com\/wp-content\/uploads\/2025\/07\/Stereo91-20250714-1-1-1000x668.jpg","1536x1536":"https:\/\/pornuestrolaredo.com\/wp-content\/uploads\/2025\/07\/Stereo91-20250714-1-1-1536x1026.jpg","2048x2048":"https:\/\/pornuestrolaredo.com\/wp-content\/uploads\/2025\/07\/Stereo91-20250714-1-1.jpg","morenews-large":"https:\/\/pornuestrolaredo.com\/wp-content\/uploads\/2025\/07\/Stereo91-20250714-1-1.jpg","morenews-medium":"https:\/\/pornuestrolaredo.com\/wp-content\/uploads\/2025\/07\/Stereo91-20250714-1-1.jpg"},"magazineBlocksPostAuthor":{"name":"Redactor","avatar":"https:\/\/pornuestrolaredo.com\/wp-content\/litespeed\/avatar\/dca1d7ec750c399f025f23b0b314f4cf.jpg?ver=1777612120"},"magazineBlocksPostCommentsNumber":false,"magazineBlocksPostExcerpt":"Tienen una velada musical muy especial con participaci\u00f3n de numerosas y talentosas bandas locales","magazineBlocksPostCategories":["Los dos Laredos"],"magazineBlocksPostViewCount":123,"magazineBlocksPostReadTime":2,"magazine_blocks_featured_image_url":{"full":["https:\/\/pornuestrolaredo.com\/wp-content\/uploads\/2025\/07\/Stereo91-20250714-1-1.jpg",1600,1069,false],"medium":["https:\/\/pornuestrolaredo.com\/wp-content\/uploads\/2025\/07\/Stereo91-20250714-1-1-300x200.jpg",300,200,true],"thumbnail":["https:\/\/pornuestrolaredo.com\/wp-content\/uploads\/2025\/07\/Stereo91-20250714-1-1-150x150.jpg",150,150,true]},"magazine_blocks_author":{"display_name":"Redactor","author_link":"https:\/\/pornuestrolaredo.com\/?author=1"},"magazine_blocks_comment":0,"magazine_blocks_author_image":"https:\/\/pornuestrolaredo.com\/wp-content\/litespeed\/avatar\/dca1d7ec750c399f025f23b0b314f4cf.jpg?ver=1777612120","magazine_blocks_category":"<a href=\"#\" class=\"category-link category-link-4\">Los dos Laredos<\/a>","jetpack_publicize_connections":[],"featured_image_urls":{"full":["https:\/\/pornuestrolaredo.com\/wp-content\/uploads\/2025\/07\/Stereo91-20250714-1-1.jpg",1600,1069,false],"thumbnail":["https:\/\/pornuestrolaredo.com\/wp-content\/uploads\/2025\/07\/Stereo91-20250714-1-1-150x150.jpg",150,150,true],"medium":["https:\/\/pornuestrolaredo.com\/wp-content\/uploads\/2025\/07\/Stereo91-20250714-1-1-300x200.jpg",300,200,true],"medium_large":["https:\/\/pornuestrolaredo.com\/wp-content\/uploads\/2025\/07\/Stereo91-20250714-1-1-768x513.jpg",640,428,true],"large":["https:\/\/pornuestrolaredo.com\/wp-content\/uploads\/2025\/07\/Stereo91-20250714-1-1-1000x668.jpg",640,428,true],"1536x1536":["https:\/\/pornuestrolaredo.com\/wp-content\/uploads\/2025\/07\/Stereo91-20250714-1-1-1536x1026.jpg",1536,1026,true],"2048x2048":["https:\/\/pornuestrolaredo.com\/wp-content\/uploads\/2025\/07\/Stereo91-20250714-1-1.jpg",1600,1069,false],"morenews-large":["https:\/\/pornuestrolaredo.com\/wp-content\/uploads\/2025\/07\/Stereo91-20250714-1-1.jpg",825,551,false],"morenews-medium":["https:\/\/pornuestrolaredo.com\/wp-content\/uploads\/2025\/07\/Stereo91-20250714-1-1.jpg",590,394,false]},"author_info":{"info":["Redactor"]},"category_info":"<a href=\"https:\/\/pornuestrolaredo.com\/?cat=4\" rel=\"category\">Los dos Laredos<\/a>","tag_info":"Los dos Laredos","comment_count":"0","jetpack_featured_media_url":"https:\/\/pornuestrolaredo.com\/wp-content\/uploads\/2025\/07\/Stereo91-20250714-1-1.jpg","jetpack_sharing_enabled":true,"_links":{"self":[{"href":"https:\/\/pornuestrolaredo.com\/index.php?rest_route=\/wp\/v2\/posts\/7076","targetHints":{"allow":["GET"]}}],"collection":[{"href":"https:\/\/pornuestrolaredo.com\/index.php?rest_route=\/wp\/v2\/posts"}],"about":[{"href":"https:\/\/pornuestrolaredo.com\/index.php?rest_route=\/wp\/v2\/types\/post"}],"author":[{"embeddable":true,"href":"https:\/\/pornuestrolaredo.com\/index.php?rest_route=\/wp\/v2\/users\/1"}],"replies":[{"embeddable":true,"href":"https:\/\/pornuestrolaredo.com\/index.php?rest_route=%2Fwp%2Fv2%2Fcomments&post=7076"}],"version-history":[{"count":1,"href":"https:\/\/pornuestrolaredo.com\/index.php?rest_route=\/wp\/v2\/posts\/7076\/revisions"}],"predecessor-version":[{"id":7078,"href":"https:\/\/pornuestrolaredo.com\/index.php?rest_route=\/wp\/v2\/posts\/7076\/revisions\/7078"}],"wp:featuredmedia":[{"embeddable":true,"href":"https:\/\/pornuestrolaredo.com\/index.php?rest_route=\/wp\/v2\/media\/7077"}],"wp:attachment":[{"href":"https:\/\/pornuestrolaredo.com\/index.php?rest_route=%2Fwp%2Fv2%2Fmedia&parent=7076"}],"wp:term":[{"taxonomy":"category","embeddable":true,"href":"https:\/\/pornuestrolaredo.com\/index.php?rest_route=%2Fwp%2Fv2%2Fcategories&post=7076"},{"taxonomy":"post_tag","embeddable":true,"href":"https:\/\/pornuestrolaredo.com\/index.php?rest_route=%2Fwp%2Fv2%2Ftags&post=7076"}],"curies":[{"name":"wp","href":"https:\/\/api.w.org\/{rel}","templated":true}]}}