{"id":7097,"date":"2025-07-21T13:12:20","date_gmt":"2025-07-21T18:12:20","guid":{"rendered":"https:\/\/pornuestrolaredo.com\/?p=7097"},"modified":"2025-07-21T13:12:20","modified_gmt":"2025-07-21T18:12:20","slug":"hay-vacaciones-pero-si-entregaran-pasaportes","status":"publish","type":"post","link":"https:\/\/pornuestrolaredo.com\/?p=7097","title":{"rendered":"Hay vacaciones, pero s\u00ed entregar\u00e1n pasaportes"},"content":{"rendered":"<p><strong>NUEVO LAREDO.-<\/strong> La Oficina de Enlace con la Secretar\u00eda de Relaciones Exteriores (SRE) en Nuevo Laredo informa a la ciudadan\u00eda que durante este periodo vacacional, la Oficina de Enlace suspender\u00e1 la recepci\u00f3n de nuevos tr\u00e1mites, pero permanecer\u00e1n abiertas las oficinas de enlace regionales para atender a la ciudadan\u00eda.<\/p>\n<p>Yadira Lara Ramirez, responsable de la oficina, se\u00f1al\u00f3 que se atender\u00e1 a la poblaci\u00f3n solamente en temas de informaci\u00f3n y entrega de pasaportes ya tramitados. <\/p>\n<p>En este lapso, el horario de atenci\u00f3n ser\u00e1 de 9:00 a.m. a 1:00 p.m., exclusivamente para la entrega de pasaportes.<\/p>\n<blockquote><p>Contamos con capacidad para atender hasta 120 personas diarias, con un promedio de 100 tr\u00e1mites efectivos por d\u00eda\u201d, se\u00f1al\u00f3.<\/p><\/blockquote>\n<p>Ante la alta demanda actual, especialmente de familias que tramitan pasaportes para menores de edad, se recuerda que las citas pueden agendarse de forma gratuita llamando al n\u00famero oficial 55 89 32 48 27. No se debe realizar ning\u00fan pago adicional por la obtenci\u00f3n de citas.<\/p>\n<p>Para quienes tengan dudas o requieran orientaci\u00f3n sobre los requisitos para el tr\u00e1mite de pasaporte, el personal de guardia de la Oficina de Enlace estar\u00e1 brindando informaci\u00f3n en el horario establecido para la entrega de los mismos.<\/p>\n<p>La oficina agradece la comprensi\u00f3n de la ciudadan\u00eda y reitera su compromiso de brindar un servicio eficiente y transparente.<\/p>\n","protected":false},"excerpt":{"rendered":"<p>Suspenden solicitudes, pero personal de guardia ofrecer\u00e1 informaci\u00f3n y la ciudadan\u00eda podr\u00e1 recoger sus documentos<\/p>\n","protected":false},"author":1,"featured_media":7098,"comment_status":"closed","ping_status":"closed","sticky":false,"template":"","format":"standard","meta":{"_crdt_document":"","_jetpack_memberships_contains_paid_content":false,"footnotes":"","jetpack_publicize_message":"","jetpack_publicize_feature_enabled":true,"jetpack_social_post_already_shared":true,"jetpack_social_options":{"image_generator_settings":{"template":"highway","default_image_id":0,"font":"","enabled":false},"version":2},"_wpas_customize_per_network":false},"categories":[4],"tags":[],"class_list":["post-7097","post","type-post","status-publish","format-standard","has-post-thumbnail","hentry","category-los-dos-laredos"],"magazineBlocksPostFeaturedMedia":{"thumbnail":"https:\/\/pornuestrolaredo.com\/wp-content\/uploads\/2025\/07\/PNL-20250721-3-150x150.jpg","medium":"https:\/\/pornuestrolaredo.com\/wp-content\/uploads\/2025\/07\/PNL-20250721-3-300x187.jpg","medium_large":"https:\/\/pornuestrolaredo.com\/wp-content\/uploads\/2025\/07\/PNL-20250721-3-768x479.jpg","large":"https:\/\/pornuestrolaredo.com\/wp-content\/uploads\/2025\/07\/PNL-20250721-3-1000x624.jpg","1536x1536":"https:\/\/pornuestrolaredo.com\/wp-content\/uploads\/2025\/07\/PNL-20250721-3-1536x958.jpg","2048x2048":"https:\/\/pornuestrolaredo.com\/wp-content\/uploads\/2025\/07\/PNL-20250721-3.jpg","morenews-large":"https:\/\/pornuestrolaredo.com\/wp-content\/uploads\/2025\/07\/PNL-20250721-3.jpg","morenews-medium":"https:\/\/pornuestrolaredo.com\/wp-content\/uploads\/2025\/07\/PNL-20250721-3.jpg"},"magazineBlocksPostAuthor":{"name":"Redactor","avatar":"https:\/\/pornuestrolaredo.com\/wp-content\/litespeed\/avatar\/dca1d7ec750c399f025f23b0b314f4cf.jpg?ver=1777612120"},"magazineBlocksPostCommentsNumber":false,"magazineBlocksPostExcerpt":"Suspenden solicitudes, pero personal de guardia ofrecer\u00e1 informaci\u00f3n y la ciudadan\u00eda podr\u00e1 recoger sus documentos","magazineBlocksPostCategories":["Los dos Laredos"],"magazineBlocksPostViewCount":118,"magazineBlocksPostReadTime":2,"magazine_blocks_featured_image_url":{"full":["https:\/\/pornuestrolaredo.com\/wp-content\/uploads\/2025\/07\/PNL-20250721-3.jpg",1600,998,false],"medium":["https:\/\/pornuestrolaredo.com\/wp-content\/uploads\/2025\/07\/PNL-20250721-3-300x187.jpg",300,187,true],"thumbnail":["https:\/\/pornuestrolaredo.com\/wp-content\/uploads\/2025\/07\/PNL-20250721-3-150x150.jpg",150,150,true]},"magazine_blocks_author":{"display_name":"Redactor","author_link":"https:\/\/pornuestrolaredo.com\/?author=1"},"magazine_blocks_comment":0,"magazine_blocks_author_image":"https:\/\/pornuestrolaredo.com\/wp-content\/litespeed\/avatar\/dca1d7ec750c399f025f23b0b314f4cf.jpg?ver=1777612120","magazine_blocks_category":"<a href=\"#\" class=\"category-link category-link-4\">Los dos Laredos<\/a>","jetpack_publicize_connections":[],"featured_image_urls":{"full":["https:\/\/pornuestrolaredo.com\/wp-content\/uploads\/2025\/07\/PNL-20250721-3.jpg",1600,998,false],"thumbnail":["https:\/\/pornuestrolaredo.com\/wp-content\/uploads\/2025\/07\/PNL-20250721-3-150x150.jpg",150,150,true],"medium":["https:\/\/pornuestrolaredo.com\/wp-content\/uploads\/2025\/07\/PNL-20250721-3-300x187.jpg",300,187,true],"medium_large":["https:\/\/pornuestrolaredo.com\/wp-content\/uploads\/2025\/07\/PNL-20250721-3-768x479.jpg",640,399,true],"large":["https:\/\/pornuestrolaredo.com\/wp-content\/uploads\/2025\/07\/PNL-20250721-3-1000x624.jpg",640,399,true],"1536x1536":["https:\/\/pornuestrolaredo.com\/wp-content\/uploads\/2025\/07\/PNL-20250721-3-1536x958.jpg",1536,958,true],"2048x2048":["https:\/\/pornuestrolaredo.com\/wp-content\/uploads\/2025\/07\/PNL-20250721-3.jpg",1600,998,false],"morenews-large":["https:\/\/pornuestrolaredo.com\/wp-content\/uploads\/2025\/07\/PNL-20250721-3.jpg",825,515,false],"morenews-medium":["https:\/\/pornuestrolaredo.com\/wp-content\/uploads\/2025\/07\/PNL-20250721-3.jpg",590,368,false]},"author_info":{"info":["Redactor"]},"category_info":"<a href=\"https:\/\/pornuestrolaredo.com\/?cat=4\" rel=\"category\">Los dos Laredos<\/a>","tag_info":"Los dos Laredos","comment_count":"0","jetpack_featured_media_url":"https:\/\/pornuestrolaredo.com\/wp-content\/uploads\/2025\/07\/PNL-20250721-3.jpg","jetpack_sharing_enabled":true,"_links":{"self":[{"href":"https:\/\/pornuestrolaredo.com\/index.php?rest_route=\/wp\/v2\/posts\/7097","targetHints":{"allow":["GET"]}}],"collection":[{"href":"https:\/\/pornuestrolaredo.com\/index.php?rest_route=\/wp\/v2\/posts"}],"about":[{"href":"https:\/\/pornuestrolaredo.com\/index.php?rest_route=\/wp\/v2\/types\/post"}],"author":[{"embeddable":true,"href":"https:\/\/pornuestrolaredo.com\/index.php?rest_route=\/wp\/v2\/users\/1"}],"replies":[{"embeddable":true,"href":"https:\/\/pornuestrolaredo.com\/index.php?rest_route=%2Fwp%2Fv2%2Fcomments&post=7097"}],"version-history":[{"count":1,"href":"https:\/\/pornuestrolaredo.com\/index.php?rest_route=\/wp\/v2\/posts\/7097\/revisions"}],"predecessor-version":[{"id":7099,"href":"https:\/\/pornuestrolaredo.com\/index.php?rest_route=\/wp\/v2\/posts\/7097\/revisions\/7099"}],"wp:featuredmedia":[{"embeddable":true,"href":"https:\/\/pornuestrolaredo.com\/index.php?rest_route=\/wp\/v2\/media\/7098"}],"wp:attachment":[{"href":"https:\/\/pornuestrolaredo.com\/index.php?rest_route=%2Fwp%2Fv2%2Fmedia&parent=7097"}],"wp:term":[{"taxonomy":"category","embeddable":true,"href":"https:\/\/pornuestrolaredo.com\/index.php?rest_route=%2Fwp%2Fv2%2Fcategories&post=7097"},{"taxonomy":"post_tag","embeddable":true,"href":"https:\/\/pornuestrolaredo.com\/index.php?rest_route=%2Fwp%2Fv2%2Ftags&post=7097"}],"curies":[{"name":"wp","href":"https:\/\/api.w.org\/{rel}","templated":true}]}}