{"id":7111,"date":"2025-07-31T10:53:39","date_gmt":"2025-07-31T15:53:39","guid":{"rendered":"https:\/\/pornuestrolaredo.com\/?p=7111"},"modified":"2025-08-04T15:36:03","modified_gmt":"2025-08-04T20:36:03","slug":"suspende-trump-aplicacion-de-aranceles-de-30-a-mexico","status":"publish","type":"post","link":"https:\/\/pornuestrolaredo.com\/?p=7111","title":{"rendered":"Suspende Trump aplicaci\u00f3n de aranceles de 30% a M\u00e9xico"},"content":{"rendered":"<p><strong><em>WASHINGTON.-<\/em><\/strong> Los presidentes de Estados Unidos, Donald Trump, y de M\u00e9xico, Claudia Sheinbaum, acordaron un plazo de negociaci\u00f3n de 90 d\u00edas para evitar que se aplique un arancel de 30 por ciento a los productos mexicanos a Estados Unidos.<\/p>\n<p>El acuerdo se logr\u00f3 luego de una llamada de Sheinbaum a Trump. Sin embargo, se mantienen vigentes las tarifas del 25 por ciento.<\/p>\n<blockquote><p>Hemos acordado extender, por 90 d\u00edas, exactamente el mismo acuerdo que tuvimos durante el corto periodo anterior: M\u00e9xico seguir\u00e1 pagando un arancel del 25% al fentanilo, un arancel del 25% a los autom\u00f3viles y un arancel del 50% al acero, el aluminio y el cobre\u201d, dijo Trump en Truth Social.<\/p><\/blockquote>\n<p>Donald Trump\u00a0calific\u00f3 la conversaci\u00f3n con Sheinbaum como \u201cmuy fruct\u00edfera\u201d debido a que cada vez se conocen mejor y agreg\u00f3 que los acuerdos con M\u00e9xico son diferentes a las de otros pa\u00edses debido a los problemas y ventajas de la frontera.<\/p>\n<blockquote><p>Se mantendr\u00e1 la cooperaci\u00f3n en la frontera en todos los aspectos de la seguridad, incluyendo el control de drogas, su distribuci\u00f3n y la inmigraci\u00f3n ilegal a Estados Unidos. Gracias por su atenci\u00f3n a este asunto\u201d, puntualiz\u00f3 Trump.<\/p><\/blockquote>\n<p>Sheinbaum se mostr\u00f3 optimista con el nuevo plazo y consider\u00f3 factible un nuevo acuerdo con Estados Unidos para reducir o, incluso, eliminar algunas de las tarifas a los productos que M\u00e9xico exporta a Estados Unidos fuera del tratado comercial T-MEC.<\/p>\n<blockquote><p>Tuvimos una muy buena llamada con el presidente de Estados Unidos, Donald Trump. Evitamos el aumento de aranceles anunciado para ma\u00f1ana y logramos 90 d\u00edas para construir un acuerdo de largo plazo a partir del di\u00e1logo\u201d, inform\u00f3 \u00a0Sheinbaum en redes \u00a0sociales.<\/p><\/blockquote>\n<p>Para hablar con Trump la acompa\u00f1aron \u00a0Juan Ram\u00f3n de la Fuente, secretario de Relaciones Exteriores; Marcelo Ebrard, secretario de Econom\u00eda, y Roberto Velasco, subsecretario para Am\u00e9rica\u00a0del\u00a0Norte.\u00a0<\/p>\n<p>En la llamada participaron tambi\u00e9n altos funcionarios del gabinete de Trump, entre ellos el vicepresidente JD Vance, el secretario del Tesoro Scott Bessent, el secretario de Estado Marco Rubio, el secretario de Comercio Howard Lutnick, el embajador comercial Jamieson Greer, la jefa de gabinete Susie Wiles y el asesor de seguridad nacional Stephen Miller.<\/p>\n","protected":false},"excerpt":{"rendered":"<p>Junto con la presidenta Claudia Sheinbaum, acuerda un periodo de negociaci\u00f3n de 90 d\u00edas para decidir si se gravan o no los productos mexicanos<\/p>\n","protected":false},"author":1,"featured_media":7112,"comment_status":"closed","ping_status":"closed","sticky":false,"template":"","format":"standard","meta":{"_crdt_document":"","_jetpack_memberships_contains_paid_content":false,"footnotes":"","jetpack_publicize_message":"","jetpack_publicize_feature_enabled":true,"jetpack_social_post_already_shared":true,"jetpack_social_options":{"image_generator_settings":{"template":"highway","default_image_id":0,"font":"","enabled":false},"version":2},"_wpas_customize_per_network":false},"categories":[9],"tags":[],"class_list":["post-7111","post","type-post","status-publish","format-standard","has-post-thumbnail","hentry","category-el-mundo"],"magazineBlocksPostFeaturedMedia":{"thumbnail":"https:\/\/pornuestrolaredo.com\/wp-content\/uploads\/2025\/07\/Stereo91-20250731-1-150x150.jpg","medium":"https:\/\/pornuestrolaredo.com\/wp-content\/uploads\/2025\/07\/Stereo91-20250731-1-300x200.jpg","medium_large":"https:\/\/pornuestrolaredo.com\/wp-content\/uploads\/2025\/07\/Stereo91-20250731-1-768x511.jpg","large":"https:\/\/pornuestrolaredo.com\/wp-content\/uploads\/2025\/07\/Stereo91-20250731-1-1000x666.jpg","1536x1536":"https:\/\/pornuestrolaredo.com\/wp-content\/uploads\/2025\/07\/Stereo91-20250731-1.jpg","2048x2048":"https:\/\/pornuestrolaredo.com\/wp-content\/uploads\/2025\/07\/Stereo91-20250731-1.jpg","morenews-large":"https:\/\/pornuestrolaredo.com\/wp-content\/uploads\/2025\/07\/Stereo91-20250731-1.jpg","morenews-medium":"https:\/\/pornuestrolaredo.com\/wp-content\/uploads\/2025\/07\/Stereo91-20250731-1.jpg"},"magazineBlocksPostAuthor":{"name":"Redactor","avatar":"https:\/\/pornuestrolaredo.com\/wp-content\/litespeed\/avatar\/dca1d7ec750c399f025f23b0b314f4cf.jpg?ver=1777612120"},"magazineBlocksPostCommentsNumber":false,"magazineBlocksPostExcerpt":"Junto con la presidenta Claudia Sheinbaum, acuerda un periodo de negociaci\u00f3n de 90 d\u00edas para decidir si se gravan o no los productos mexicanos","magazineBlocksPostCategories":["El Mundo"],"magazineBlocksPostViewCount":263,"magazineBlocksPostReadTime":2,"magazine_blocks_featured_image_url":{"full":["https:\/\/pornuestrolaredo.com\/wp-content\/uploads\/2025\/07\/Stereo91-20250731-1.jpg",1200,799,false],"medium":["https:\/\/pornuestrolaredo.com\/wp-content\/uploads\/2025\/07\/Stereo91-20250731-1-300x200.jpg",300,200,true],"thumbnail":["https:\/\/pornuestrolaredo.com\/wp-content\/uploads\/2025\/07\/Stereo91-20250731-1-150x150.jpg",150,150,true]},"magazine_blocks_author":{"display_name":"Redactor","author_link":"https:\/\/pornuestrolaredo.com\/?author=1"},"magazine_blocks_comment":0,"magazine_blocks_author_image":"https:\/\/pornuestrolaredo.com\/wp-content\/litespeed\/avatar\/dca1d7ec750c399f025f23b0b314f4cf.jpg?ver=1777612120","magazine_blocks_category":"<a href=\"#\" class=\"category-link category-link-9\">El Mundo<\/a>","jetpack_publicize_connections":[],"featured_image_urls":{"full":["https:\/\/pornuestrolaredo.com\/wp-content\/uploads\/2025\/07\/Stereo91-20250731-1.jpg",1200,799,false],"thumbnail":["https:\/\/pornuestrolaredo.com\/wp-content\/uploads\/2025\/07\/Stereo91-20250731-1-150x150.jpg",150,150,true],"medium":["https:\/\/pornuestrolaredo.com\/wp-content\/uploads\/2025\/07\/Stereo91-20250731-1-300x200.jpg",300,200,true],"medium_large":["https:\/\/pornuestrolaredo.com\/wp-content\/uploads\/2025\/07\/Stereo91-20250731-1-768x511.jpg",640,426,true],"large":["https:\/\/pornuestrolaredo.com\/wp-content\/uploads\/2025\/07\/Stereo91-20250731-1-1000x666.jpg",640,426,true],"1536x1536":["https:\/\/pornuestrolaredo.com\/wp-content\/uploads\/2025\/07\/Stereo91-20250731-1.jpg",1200,799,false],"2048x2048":["https:\/\/pornuestrolaredo.com\/wp-content\/uploads\/2025\/07\/Stereo91-20250731-1.jpg",1200,799,false],"morenews-large":["https:\/\/pornuestrolaredo.com\/wp-content\/uploads\/2025\/07\/Stereo91-20250731-1.jpg",825,549,false],"morenews-medium":["https:\/\/pornuestrolaredo.com\/wp-content\/uploads\/2025\/07\/Stereo91-20250731-1.jpg",590,393,false]},"author_info":{"info":["Redactor"]},"category_info":"<a href=\"https:\/\/pornuestrolaredo.com\/?cat=9\" rel=\"category\">El Mundo<\/a>","tag_info":"El Mundo","comment_count":"0","jetpack_featured_media_url":"https:\/\/pornuestrolaredo.com\/wp-content\/uploads\/2025\/07\/Stereo91-20250731-1.jpg","jetpack_sharing_enabled":true,"_links":{"self":[{"href":"https:\/\/pornuestrolaredo.com\/index.php?rest_route=\/wp\/v2\/posts\/7111","targetHints":{"allow":["GET"]}}],"collection":[{"href":"https:\/\/pornuestrolaredo.com\/index.php?rest_route=\/wp\/v2\/posts"}],"about":[{"href":"https:\/\/pornuestrolaredo.com\/index.php?rest_route=\/wp\/v2\/types\/post"}],"author":[{"embeddable":true,"href":"https:\/\/pornuestrolaredo.com\/index.php?rest_route=\/wp\/v2\/users\/1"}],"replies":[{"embeddable":true,"href":"https:\/\/pornuestrolaredo.com\/index.php?rest_route=%2Fwp%2Fv2%2Fcomments&post=7111"}],"version-history":[{"count":1,"href":"https:\/\/pornuestrolaredo.com\/index.php?rest_route=\/wp\/v2\/posts\/7111\/revisions"}],"predecessor-version":[{"id":7113,"href":"https:\/\/pornuestrolaredo.com\/index.php?rest_route=\/wp\/v2\/posts\/7111\/revisions\/7113"}],"wp:featuredmedia":[{"embeddable":true,"href":"https:\/\/pornuestrolaredo.com\/index.php?rest_route=\/wp\/v2\/media\/7112"}],"wp:attachment":[{"href":"https:\/\/pornuestrolaredo.com\/index.php?rest_route=%2Fwp%2Fv2%2Fmedia&parent=7111"}],"wp:term":[{"taxonomy":"category","embeddable":true,"href":"https:\/\/pornuestrolaredo.com\/index.php?rest_route=%2Fwp%2Fv2%2Fcategories&post=7111"},{"taxonomy":"post_tag","embeddable":true,"href":"https:\/\/pornuestrolaredo.com\/index.php?rest_route=%2Fwp%2Fv2%2Ftags&post=7111"}],"curies":[{"name":"wp","href":"https:\/\/api.w.org\/{rel}","templated":true}]}}