{"id":7114,"date":"2025-07-31T11:16:46","date_gmt":"2025-07-31T16:16:46","guid":{"rendered":"https:\/\/pornuestrolaredo.com\/?p=7114"},"modified":"2025-07-31T11:16:46","modified_gmt":"2025-07-31T16:16:46","slug":"se-forma-en-el-pacifico-la-tormenta-tropical-gil","status":"publish","type":"post","link":"https:\/\/pornuestrolaredo.com\/?p=7114","title":{"rendered":"Se forma en el Pac\u00edfico la tormenta tropical Gil"},"content":{"rendered":"<p><strong>CIUDAD DE M\u00c9XICO.-<\/strong> La tormenta tropical Gil se form\u00f3 en el oc\u00e9ano Pac\u00edfico oriental y no se espera que amenace tierra a medida que se fortalece, informaron los meteor\u00f3logos el jueves.<\/p>\n<p>Seg\u00fan la previsi\u00f3n, el meteoro se mantendr\u00e1 en aguas abiertas y alcanzar\u00e1 la categor\u00eda de hurac\u00e1n el viernes, indic\u00f3 el Centro Nacional de Huracanes de Estados Unidos, con sede en Miami. Ahora est\u00e1 a aproximadamente 1.263 kil\u00f3metros (785 millas) al sur-suroeste de la pen\u00ednsula de Baja California, en M\u00e9xico.<\/p>\n<p>Gil ten\u00eda vientos m\u00e1ximos sostenidos de 72 kil\u00f3metros\/hora (45 millas por hora) y se mov\u00eda en direcci\u00f3n oeste a 24 km\/h (15 mph).<\/p>\n<p>Las autoridades no han activado ninguna alerta ni aviso en la costa. Se espera que la tormenta gire hacia el oeste-noroeste en los pr\u00f3ximos d\u00edas.<\/p>\n<p>Gil se est\u00e1 intensificando durante un per\u00edodo de gran actividad tormentosa en el Pac\u00edfico oriental.<\/p>\n<p>La tormenta tropical Iona avanzaba en direcci\u00f3n oeste y se encontraba a unos 1.384 kil\u00f3metros (860 millas) al suroeste de Honolulu, Hawai, con vientos m\u00e1ximos sostenidos de 80 km\/h (50 mph). El meteoro, que lleg\u00f3 a ser un hurac\u00e1n, se ha debilitado y tampoco supone una amenaza para la costa.<\/p>\n<p>Seg\u00fan los meteor\u00f3logos, en los pr\u00f3ximos d\u00edas podr\u00edan desarrollarse m\u00e1s tormentas en el Pac\u00edfico oriental.<\/p>\n","protected":false},"excerpt":{"rendered":"<p>El Centro Nacional de Huracanes de Estados Unidos se\u00f1ala que no se espera que amenace tierra a medida que se fortalece<\/p>\n","protected":false},"author":1,"featured_media":7115,"comment_status":"closed","ping_status":"closed","sticky":false,"template":"","format":"standard","meta":{"_crdt_document":"","_jetpack_memberships_contains_paid_content":false,"footnotes":"","jetpack_publicize_message":"","jetpack_publicize_feature_enabled":true,"jetpack_social_post_already_shared":true,"jetpack_social_options":{"image_generator_settings":{"template":"highway","default_image_id":0,"font":"","enabled":false},"version":2},"_wpas_customize_per_network":false},"categories":[9],"tags":[],"class_list":["post-7114","post","type-post","status-publish","format-standard","has-post-thumbnail","hentry","category-el-mundo"],"magazineBlocksPostFeaturedMedia":{"thumbnail":"https:\/\/pornuestrolaredo.com\/wp-content\/uploads\/2025\/07\/Captura-de-pantalla-2025-07-31-a-las-11.14.13-a.-m-150x150.png","medium":"https:\/\/pornuestrolaredo.com\/wp-content\/uploads\/2025\/07\/Captura-de-pantalla-2025-07-31-a-las-11.14.13-a.-m-300x117.png","medium_large":"https:\/\/pornuestrolaredo.com\/wp-content\/uploads\/2025\/07\/Captura-de-pantalla-2025-07-31-a-las-11.14.13-a.-m-768x299.png","large":"https:\/\/pornuestrolaredo.com\/wp-content\/uploads\/2025\/07\/Captura-de-pantalla-2025-07-31-a-las-11.14.13-a.-m-1000x389.png","1536x1536":"https:\/\/pornuestrolaredo.com\/wp-content\/uploads\/2025\/07\/Captura-de-pantalla-2025-07-31-a-las-11.14.13-a.-m.png","2048x2048":"https:\/\/pornuestrolaredo.com\/wp-content\/uploads\/2025\/07\/Captura-de-pantalla-2025-07-31-a-las-11.14.13-a.-m.png","morenews-large":"https:\/\/pornuestrolaredo.com\/wp-content\/uploads\/2025\/07\/Captura-de-pantalla-2025-07-31-a-las-11.14.13-a.-m.png","morenews-medium":"https:\/\/pornuestrolaredo.com\/wp-content\/uploads\/2025\/07\/Captura-de-pantalla-2025-07-31-a-las-11.14.13-a.-m.png"},"magazineBlocksPostAuthor":{"name":"Redactor","avatar":"https:\/\/pornuestrolaredo.com\/wp-content\/litespeed\/avatar\/dca1d7ec750c399f025f23b0b314f4cf.jpg?ver=1777612120"},"magazineBlocksPostCommentsNumber":false,"magazineBlocksPostExcerpt":"El Centro Nacional de Huracanes de Estados Unidos se\u00f1ala que no se espera que amenace tierra a medida que se fortalece","magazineBlocksPostCategories":["El Mundo"],"magazineBlocksPostViewCount":138,"magazineBlocksPostReadTime":2,"magazine_blocks_featured_image_url":{"full":["https:\/\/pornuestrolaredo.com\/wp-content\/uploads\/2025\/07\/Captura-de-pantalla-2025-07-31-a-las-11.14.13-a.-m.png",1380,537,false],"medium":["https:\/\/pornuestrolaredo.com\/wp-content\/uploads\/2025\/07\/Captura-de-pantalla-2025-07-31-a-las-11.14.13-a.-m-300x117.png",300,117,true],"thumbnail":["https:\/\/pornuestrolaredo.com\/wp-content\/uploads\/2025\/07\/Captura-de-pantalla-2025-07-31-a-las-11.14.13-a.-m-150x150.png",150,150,true]},"magazine_blocks_author":{"display_name":"Redactor","author_link":"https:\/\/pornuestrolaredo.com\/?author=1"},"magazine_blocks_comment":0,"magazine_blocks_author_image":"https:\/\/pornuestrolaredo.com\/wp-content\/litespeed\/avatar\/dca1d7ec750c399f025f23b0b314f4cf.jpg?ver=1777612120","magazine_blocks_category":"<a href=\"#\" class=\"category-link category-link-9\">El Mundo<\/a>","jetpack_publicize_connections":[],"featured_image_urls":{"full":["https:\/\/pornuestrolaredo.com\/wp-content\/uploads\/2025\/07\/Captura-de-pantalla-2025-07-31-a-las-11.14.13-a.-m.png",1380,537,false],"thumbnail":["https:\/\/pornuestrolaredo.com\/wp-content\/uploads\/2025\/07\/Captura-de-pantalla-2025-07-31-a-las-11.14.13-a.-m-150x150.png",150,150,true],"medium":["https:\/\/pornuestrolaredo.com\/wp-content\/uploads\/2025\/07\/Captura-de-pantalla-2025-07-31-a-las-11.14.13-a.-m-300x117.png",300,117,true],"medium_large":["https:\/\/pornuestrolaredo.com\/wp-content\/uploads\/2025\/07\/Captura-de-pantalla-2025-07-31-a-las-11.14.13-a.-m-768x299.png",640,249,true],"large":["https:\/\/pornuestrolaredo.com\/wp-content\/uploads\/2025\/07\/Captura-de-pantalla-2025-07-31-a-las-11.14.13-a.-m-1000x389.png",640,249,true],"1536x1536":["https:\/\/pornuestrolaredo.com\/wp-content\/uploads\/2025\/07\/Captura-de-pantalla-2025-07-31-a-las-11.14.13-a.-m.png",1380,537,false],"2048x2048":["https:\/\/pornuestrolaredo.com\/wp-content\/uploads\/2025\/07\/Captura-de-pantalla-2025-07-31-a-las-11.14.13-a.-m.png",1380,537,false],"morenews-large":["https:\/\/pornuestrolaredo.com\/wp-content\/uploads\/2025\/07\/Captura-de-pantalla-2025-07-31-a-las-11.14.13-a.-m.png",825,321,false],"morenews-medium":["https:\/\/pornuestrolaredo.com\/wp-content\/uploads\/2025\/07\/Captura-de-pantalla-2025-07-31-a-las-11.14.13-a.-m.png",590,230,false]},"author_info":{"info":["Redactor"]},"category_info":"<a href=\"https:\/\/pornuestrolaredo.com\/?cat=9\" rel=\"category\">El Mundo<\/a>","tag_info":"El Mundo","comment_count":"0","jetpack_featured_media_url":"https:\/\/pornuestrolaredo.com\/wp-content\/uploads\/2025\/07\/Captura-de-pantalla-2025-07-31-a-las-11.14.13-a.-m.png","jetpack_sharing_enabled":true,"_links":{"self":[{"href":"https:\/\/pornuestrolaredo.com\/index.php?rest_route=\/wp\/v2\/posts\/7114","targetHints":{"allow":["GET"]}}],"collection":[{"href":"https:\/\/pornuestrolaredo.com\/index.php?rest_route=\/wp\/v2\/posts"}],"about":[{"href":"https:\/\/pornuestrolaredo.com\/index.php?rest_route=\/wp\/v2\/types\/post"}],"author":[{"embeddable":true,"href":"https:\/\/pornuestrolaredo.com\/index.php?rest_route=\/wp\/v2\/users\/1"}],"replies":[{"embeddable":true,"href":"https:\/\/pornuestrolaredo.com\/index.php?rest_route=%2Fwp%2Fv2%2Fcomments&post=7114"}],"version-history":[{"count":1,"href":"https:\/\/pornuestrolaredo.com\/index.php?rest_route=\/wp\/v2\/posts\/7114\/revisions"}],"predecessor-version":[{"id":7116,"href":"https:\/\/pornuestrolaredo.com\/index.php?rest_route=\/wp\/v2\/posts\/7114\/revisions\/7116"}],"wp:featuredmedia":[{"embeddable":true,"href":"https:\/\/pornuestrolaredo.com\/index.php?rest_route=\/wp\/v2\/media\/7115"}],"wp:attachment":[{"href":"https:\/\/pornuestrolaredo.com\/index.php?rest_route=%2Fwp%2Fv2%2Fmedia&parent=7114"}],"wp:term":[{"taxonomy":"category","embeddable":true,"href":"https:\/\/pornuestrolaredo.com\/index.php?rest_route=%2Fwp%2Fv2%2Fcategories&post=7114"},{"taxonomy":"post_tag","embeddable":true,"href":"https:\/\/pornuestrolaredo.com\/index.php?rest_route=%2Fwp%2Fv2%2Ftags&post=7114"}],"curies":[{"name":"wp","href":"https:\/\/api.w.org\/{rel}","templated":true}]}}