{"id":7119,"date":"2025-08-04T16:29:47","date_gmt":"2025-08-04T21:29:47","guid":{"rendered":"https:\/\/pornuestrolaredo.com\/?p=7119"},"modified":"2025-08-04T16:30:03","modified_gmt":"2025-08-04T21:30:03","slug":"el-atlantico-comienza-a-despertar-y-surge-tormenta-tropical","status":"publish","type":"post","link":"https:\/\/pornuestrolaredo.com\/?p=7119","title":{"rendered":"El Atlantico comienza a despertar y surge tormenta tropical"},"content":{"rendered":"<p><strong>MIAMI<\/strong>.- La temporada de huracanes en el Atl\u00e1ntico ha sido la m\u00e1s lenta en los \u00faltimos 15 a\u00f1os, con apenas tres d\u00e9biles ciclones \u2014Andrea, Barry y\u00a0Chantal\u2014 que fueron bastante ef\u00edmeros. Sin embargo, las cosas podr\u00edan cambiar y mucho.<\/p>\n<p>Y es que este domingo surgi\u00f3 Dexter, la cuarta tormenta, al noroeste de Bermudas, pero pese a que la velocidad de sus vientos es apenas por encima de lo requerido para darle nombre, se espera que tome un poco de fuerza antes de que desaparezca en la parte norte del Atlantico.<\/p>\n<p>Pero el Atlantico suele ser caprichoso en agosto y septiembre. Por ejemplo, ahora el Centro Nacional de Huracanes tambi\u00e9n vigila otras dos zonas para un posible desarrollo tropical en los pr\u00f3ximos d\u00edas, una de ellas frente a la costa del sureste de Estados Unidos.<\/p>\n<p>Aunque se espera que Dexter se mantenga como tormenta tropical a medida que se aleja de Estados Unidos, es imposible saber qu\u00e9 tan fuertes podr\u00edan llegar a ser los otros sistemas tropicales potenciales antes de que se formen, y este frenes\u00ed de actividad es una clara se\u00f1al de que el Atl\u00e1ntico est\u00e1 listo para la acci\u00f3n.<\/p>\n<p>El Atl\u00e1ntico ofreci\u00f3 m\u00e1s un aperitivo que una comida completa hasta finales de julio. Tres tormentas con nombre \u2014Andrea, Barry y\u00a0Chantal\u2014 fueron sistemas desorganizados y de corta duraci\u00f3n que lucharon contra condiciones ambientales hostiles como aire seco, fuertes vientos en niveles altos de la atm\u00f3sfera y polvo del Sahara.<\/p>\n<p>El Atl\u00e1ntico no ten\u00eda un comienzo tan lento en m\u00e1s de 15 a\u00f1os. Aun as\u00ed, la gran mayor\u00eda de los huracanes, incluidos la mayor\u00eda de los grandes \u2013de categor\u00eda 3 o m\u00e1s\u2013 se forman desde agosto hasta mediados de septiembre, el pico estacional.<\/p>\n<p>Muchos de los huracanes m\u00e1s intensos y de mayor trayectoria de la historia \u2014tormentas como Irma, Florence y Andrew\u2014 se desarrollaron precisamente durante este periodo.<\/p>\n<p>Hay indicios de que el desarrollo tropical se intensificar\u00e1 en las pr\u00f3ximas una o dos semanas, ya que el Atl\u00e1ntico est\u00e1 cargado de potencial. Las temperaturas superficiales del mar en lo que los meteor\u00f3logos denominan la \u201cregi\u00f3n principal de desarrollo\u201d \u2014la franja del Atl\u00e1ntico tropical entre \u00c1frica Occidental y el Caribe donde se forman muchos huracanes\u2014 son extremadamente c\u00e1lidas, lo que proporciona una fuente de energ\u00eda a\u00fan sin explotar para el desarrollo de huracanes.<\/p>\n<p>Bastar\u00eda con un ligero cambio en la atm\u00f3sfera para desplazar la capa que ha mantenido a raya las tormentas hasta la fecha.<\/p>\n<p>Y si Dexter y las otras dos zonas de tormentas no bastan para creer que el Atlantico a\u00fan tiene mucha fuerza, \u00bfqu\u00e9 les parece un insual sistema que se lanz\u00f3 sobre escocia este domingo.?<\/p>\n<p>Las autoridades en Escocia cancelaron trenes, cerraron parques y advirtieron a la poblaci\u00f3n que aseguren las camas el\u00e1sticas de sus jardines, ya que una inusual tormenta de verano derrib\u00f3 \u00e1rboles, tumb\u00f3 l\u00edneas el\u00e9ctricas y perturb\u00f3 los viajes en el norte del Reino Unido.<\/p>\n<p>La Oficina Meteorol\u00f3gica del Reino Unido emiti\u00f3 una advertencia de viento \u201c\u00e1mbar\u201d en Escocia por la tormenta Floris, lo que significa que hay un riesgo potencial para vidas y propiedades, especialmente por las grandes olas en las \u00e1reas costeras.<\/p>\n<p>La ferroviaria Network Rail Scotland indic\u00f3 que r\u00e1fagas de viento de hasta 145 km\/h (90 mph) hab\u00edan derribado \u00e1rboles sobre las l\u00edneas el\u00e9ctricas y da\u00f1ado cables a\u00e9reos de alimentaci\u00f3n de energ\u00eda de sus trenes. M\u00e1s de 22 mil propiedades estaban sin electricidad, seg\u00fan el operador Scottish and Southern Electricity Networks.<\/p>\n<p>Despu\u00e9s de reportes de casas m\u00f3viles volcadas en la Isla de Skye, frente a la costa noroeste de Escocia, la polic\u00eda escocesa dijo que \u201ccualquiera con autocaravanas deber\u00eda permanecer estacionado en \u00e1reas protegidas hasta que la velocidad del viento disminuya\u201d.<\/p>\n<p>La tormenta azota en la \u00e9poca m\u00e1s concurrida del a\u00f1o para el turismo, con cientos de miles de personas acudiendo al Festival Fringe de Edimburgo y otros festivales de arte. El Edinburgh Military Tattoo, una de las mayores atracciones tur\u00edsticas de la ciudad, cancel\u00f3 el evento al aire libre programado para el lunes de largas filas de gaiteros y tamborileros en el Castillo de Edimburgo.<\/p>\n<p>Las compa\u00f1\u00edas de trenes cancelaron servicios en gran parte de Escocia y tambi\u00e9n se suspendieron algunos cruces de ferry. La tormenta Floris, nombrada as\u00ed por las autoridades meteorol\u00f3gicas, tambi\u00e9n afect\u00f3 partes de Irlanda del Norte, Gales y el norte de Inglaterra, afirm\u00f3 la Oficina Meteorol\u00f3gica.<\/p>\n<p>La ministra del gobierno escoc\u00e9s, Angela Constance, inst\u00f3 a la poblaci\u00f3n a tener cuidado si viaja y \u201cconsiderar esto como un viaje de invierno en lugar de un viaje de verano\u201d.<\/p>\n","protected":false},"excerpt":{"rendered":"<p>Este ha sido el arranque m\u00e1s lento en 15 a\u00f1os, pero parece que las cosas comienzan a cambiar y se espera que aparezcan m\u00e1s ciclones en agosto y septiembre<\/p>\n","protected":false},"author":1,"featured_media":7120,"comment_status":"closed","ping_status":"closed","sticky":false,"template":"","format":"standard","meta":{"_crdt_document":"","_jetpack_memberships_contains_paid_content":false,"footnotes":"","jetpack_publicize_message":"","jetpack_publicize_feature_enabled":true,"jetpack_social_post_already_shared":true,"jetpack_social_options":{"image_generator_settings":{"template":"highway","default_image_id":0,"font":"","enabled":false},"version":2},"_wpas_customize_per_network":false},"categories":[9],"tags":[],"class_list":["post-7119","post","type-post","status-publish","format-standard","has-post-thumbnail","hentry","category-el-mundo"],"magazineBlocksPostFeaturedMedia":{"thumbnail":"https:\/\/pornuestrolaredo.com\/wp-content\/uploads\/2025\/08\/Captura-de-pantalla-2025-08-04-a-las-4.24.04-p.m-150x150.png","medium":"https:\/\/pornuestrolaredo.com\/wp-content\/uploads\/2025\/08\/Captura-de-pantalla-2025-08-04-a-las-4.24.04-p.m-300x221.png","medium_large":"https:\/\/pornuestrolaredo.com\/wp-content\/uploads\/2025\/08\/Captura-de-pantalla-2025-08-04-a-las-4.24.04-p.m-768x567.png","large":"https:\/\/pornuestrolaredo.com\/wp-content\/uploads\/2025\/08\/Captura-de-pantalla-2025-08-04-a-las-4.24.04-p.m-1000x738.png","1536x1536":"https:\/\/pornuestrolaredo.com\/wp-content\/uploads\/2025\/08\/Captura-de-pantalla-2025-08-04-a-las-4.24.04-p.m-1536x1134.png","2048x2048":"https:\/\/pornuestrolaredo.com\/wp-content\/uploads\/2025\/08\/Captura-de-pantalla-2025-08-04-a-las-4.24.04-p.m.png","morenews-large":"https:\/\/pornuestrolaredo.com\/wp-content\/uploads\/2025\/08\/Captura-de-pantalla-2025-08-04-a-las-4.24.04-p.m.png","morenews-medium":"https:\/\/pornuestrolaredo.com\/wp-content\/uploads\/2025\/08\/Captura-de-pantalla-2025-08-04-a-las-4.24.04-p.m.png"},"magazineBlocksPostAuthor":{"name":"Redactor","avatar":"https:\/\/pornuestrolaredo.com\/wp-content\/litespeed\/avatar\/dca1d7ec750c399f025f23b0b314f4cf.jpg?ver=1777612120"},"magazineBlocksPostCommentsNumber":false,"magazineBlocksPostExcerpt":"Este ha sido el arranque m\u00e1s lento en 15 a\u00f1os, pero parece que las cosas comienzan a cambiar y se espera que aparezcan m\u00e1s ciclones en agosto y septiembre","magazineBlocksPostCategories":["El Mundo"],"magazineBlocksPostViewCount":387,"magazineBlocksPostReadTime":5,"magazine_blocks_featured_image_url":{"full":["https:\/\/pornuestrolaredo.com\/wp-content\/uploads\/2025\/08\/Captura-de-pantalla-2025-08-04-a-las-4.24.04-p.m.png",1802,1330,false],"medium":["https:\/\/pornuestrolaredo.com\/wp-content\/uploads\/2025\/08\/Captura-de-pantalla-2025-08-04-a-las-4.24.04-p.m-300x221.png",300,221,true],"thumbnail":["https:\/\/pornuestrolaredo.com\/wp-content\/uploads\/2025\/08\/Captura-de-pantalla-2025-08-04-a-las-4.24.04-p.m-150x150.png",150,150,true]},"magazine_blocks_author":{"display_name":"Redactor","author_link":"https:\/\/pornuestrolaredo.com\/?author=1"},"magazine_blocks_comment":0,"magazine_blocks_author_image":"https:\/\/pornuestrolaredo.com\/wp-content\/litespeed\/avatar\/dca1d7ec750c399f025f23b0b314f4cf.jpg?ver=1777612120","magazine_blocks_category":"<a href=\"#\" class=\"category-link category-link-9\">El Mundo<\/a>","jetpack_publicize_connections":[],"featured_image_urls":{"full":["https:\/\/pornuestrolaredo.com\/wp-content\/uploads\/2025\/08\/Captura-de-pantalla-2025-08-04-a-las-4.24.04-p.m.png",1802,1330,false],"thumbnail":["https:\/\/pornuestrolaredo.com\/wp-content\/uploads\/2025\/08\/Captura-de-pantalla-2025-08-04-a-las-4.24.04-p.m-150x150.png",150,150,true],"medium":["https:\/\/pornuestrolaredo.com\/wp-content\/uploads\/2025\/08\/Captura-de-pantalla-2025-08-04-a-las-4.24.04-p.m-300x221.png",300,221,true],"medium_large":["https:\/\/pornuestrolaredo.com\/wp-content\/uploads\/2025\/08\/Captura-de-pantalla-2025-08-04-a-las-4.24.04-p.m-768x567.png",640,473,true],"large":["https:\/\/pornuestrolaredo.com\/wp-content\/uploads\/2025\/08\/Captura-de-pantalla-2025-08-04-a-las-4.24.04-p.m-1000x738.png",640,472,true],"1536x1536":["https:\/\/pornuestrolaredo.com\/wp-content\/uploads\/2025\/08\/Captura-de-pantalla-2025-08-04-a-las-4.24.04-p.m-1536x1134.png",1536,1134,true],"2048x2048":["https:\/\/pornuestrolaredo.com\/wp-content\/uploads\/2025\/08\/Captura-de-pantalla-2025-08-04-a-las-4.24.04-p.m.png",1802,1330,false],"morenews-large":["https:\/\/pornuestrolaredo.com\/wp-content\/uploads\/2025\/08\/Captura-de-pantalla-2025-08-04-a-las-4.24.04-p.m.png",779,575,false],"morenews-medium":["https:\/\/pornuestrolaredo.com\/wp-content\/uploads\/2025\/08\/Captura-de-pantalla-2025-08-04-a-las-4.24.04-p.m.png",556,410,false]},"author_info":{"info":["Redactor"]},"category_info":"<a href=\"https:\/\/pornuestrolaredo.com\/?cat=9\" rel=\"category\">El Mundo<\/a>","tag_info":"El Mundo","comment_count":"0","jetpack_featured_media_url":"https:\/\/pornuestrolaredo.com\/wp-content\/uploads\/2025\/08\/Captura-de-pantalla-2025-08-04-a-las-4.24.04-p.m.png","jetpack_sharing_enabled":true,"_links":{"self":[{"href":"https:\/\/pornuestrolaredo.com\/index.php?rest_route=\/wp\/v2\/posts\/7119","targetHints":{"allow":["GET"]}}],"collection":[{"href":"https:\/\/pornuestrolaredo.com\/index.php?rest_route=\/wp\/v2\/posts"}],"about":[{"href":"https:\/\/pornuestrolaredo.com\/index.php?rest_route=\/wp\/v2\/types\/post"}],"author":[{"embeddable":true,"href":"https:\/\/pornuestrolaredo.com\/index.php?rest_route=\/wp\/v2\/users\/1"}],"replies":[{"embeddable":true,"href":"https:\/\/pornuestrolaredo.com\/index.php?rest_route=%2Fwp%2Fv2%2Fcomments&post=7119"}],"version-history":[{"count":1,"href":"https:\/\/pornuestrolaredo.com\/index.php?rest_route=\/wp\/v2\/posts\/7119\/revisions"}],"predecessor-version":[{"id":7121,"href":"https:\/\/pornuestrolaredo.com\/index.php?rest_route=\/wp\/v2\/posts\/7119\/revisions\/7121"}],"wp:featuredmedia":[{"embeddable":true,"href":"https:\/\/pornuestrolaredo.com\/index.php?rest_route=\/wp\/v2\/media\/7120"}],"wp:attachment":[{"href":"https:\/\/pornuestrolaredo.com\/index.php?rest_route=%2Fwp%2Fv2%2Fmedia&parent=7119"}],"wp:term":[{"taxonomy":"category","embeddable":true,"href":"https:\/\/pornuestrolaredo.com\/index.php?rest_route=%2Fwp%2Fv2%2Fcategories&post=7119"},{"taxonomy":"post_tag","embeddable":true,"href":"https:\/\/pornuestrolaredo.com\/index.php?rest_route=%2Fwp%2Fv2%2Ftags&post=7119"}],"curies":[{"name":"wp","href":"https:\/\/api.w.org\/{rel}","templated":true}]}}