{"id":7135,"date":"2025-08-07T15:43:50","date_gmt":"2025-08-07T20:43:50","guid":{"rendered":"https:\/\/pornuestrolaredo.com\/?p=7135"},"modified":"2025-08-07T15:43:50","modified_gmt":"2025-08-07T20:43:50","slug":"sera-nuevo-laredo-sede-de-la-21-reunion-del-semaforo-del-agua","status":"publish","type":"post","link":"https:\/\/pornuestrolaredo.com\/?p=7135","title":{"rendered":"Ser\u00e1 Nuevo Laredo sede de la 21 reuni\u00f3n del sem\u00e1foro del agua"},"content":{"rendered":"<p><strong>NUEVO LAREDO.<\/strong>&#8211;  El secretario de Recursos Hidr\u00e1ulicos para el Desarrollo Social, Ra\u00fal Quiroga \u00c1lvarez, presidir\u00e1 este viernes 8 de agosto la vig\u00e9sima primera reuni\u00f3n ordinaria del Comit\u00e9 de Seguimiento y Evaluaci\u00f3n del Sem\u00e1foro del Cuidado del Agua.<\/p>\n<p>La reuni\u00f3n se llevar\u00e1 a cabo en las instalaciones de la Infoteca Sor Juana In\u00e9s de la Cruz a las 10:00 de la ma\u00f1ana, en donde estar\u00e1n tambi\u00e9n presentes diferentes gerentes de los organismos operadores del estado, representantes de Secretar\u00edas Estatales y Municipales adem\u00e1s de l\u00edderes del sector.<\/p>\n<blockquote><p>Estamos muy contentos de recibirlos y poder ser anfitriones, queremos aprovechar para que la ciudadan\u00eda est\u00e9 informada y tome conciencia con car\u00e1cter urgente del estatus en rojo en el que hemos permanecido desde la implementaci\u00f3n de este sem\u00e1foro en el 2023\u201d, comento la arquitecta Silvia Fern\u00e1ndez, Gerente de COMAPA Nuevo Laredo.<\/p><\/blockquote>\n<p>El tema relevante de la reuni\u00f3n ser\u00e1 la revisi\u00f3n de la situaci\u00f3n de escasez del agua en la regi\u00f3n por el descenso de niveles del agua, que tiene en riesgo de desabasto a la zona y el an\u00e1lisis de las acciones necesarias a tomar.<\/p>\n<p>Luego de este evento, se dar\u00e1 a conocer la actualizaci\u00f3n del Sem\u00e1foro del Cuidado del Agua, una vez que sea publicada oficialmente en el Peri\u00f3dico Oficial del Estado de Tamaulipas.<\/p>\n","protected":false},"excerpt":{"rendered":"<p>El tema relevante de la reuni\u00f3n ser\u00e1 la revisi\u00f3n de la situaci\u00f3n de escasez del agua en la regi\u00f3n<\/p>\n","protected":false},"author":1,"featured_media":7136,"comment_status":"closed","ping_status":"closed","sticky":false,"template":"","format":"standard","meta":{"_crdt_document":"","_jetpack_memberships_contains_paid_content":false,"footnotes":"","jetpack_publicize_message":"","jetpack_publicize_feature_enabled":true,"jetpack_social_post_already_shared":true,"jetpack_social_options":{"image_generator_settings":{"template":"highway","default_image_id":0,"font":"","enabled":false},"version":2},"_wpas_customize_per_network":false},"categories":[4],"tags":[],"class_list":["post-7135","post","type-post","status-publish","format-standard","has-post-thumbnail","hentry","category-los-dos-laredos"],"magazineBlocksPostFeaturedMedia":{"thumbnail":"https:\/\/pornuestrolaredo.com\/wp-content\/uploads\/2025\/08\/Stereo91-20250807-5-150x150.jpg","medium":"https:\/\/pornuestrolaredo.com\/wp-content\/uploads\/2025\/08\/Stereo91-20250807-5-300x200.jpg","medium_large":"https:\/\/pornuestrolaredo.com\/wp-content\/uploads\/2025\/08\/Stereo91-20250807-5-768x511.jpg","large":"https:\/\/pornuestrolaredo.com\/wp-content\/uploads\/2025\/08\/Stereo91-20250807-5-1000x665.jpg","1536x1536":"https:\/\/pornuestrolaredo.com\/wp-content\/uploads\/2025\/08\/Stereo91-20250807-5-1536x1022.jpg","2048x2048":"https:\/\/pornuestrolaredo.com\/wp-content\/uploads\/2025\/08\/Stereo91-20250807-5.jpg","morenews-large":"https:\/\/pornuestrolaredo.com\/wp-content\/uploads\/2025\/08\/Stereo91-20250807-5.jpg","morenews-medium":"https:\/\/pornuestrolaredo.com\/wp-content\/uploads\/2025\/08\/Stereo91-20250807-5.jpg"},"magazineBlocksPostAuthor":{"name":"Redactor","avatar":"https:\/\/pornuestrolaredo.com\/wp-content\/litespeed\/avatar\/dca1d7ec750c399f025f23b0b314f4cf.jpg?ver=1777007253"},"magazineBlocksPostCommentsNumber":false,"magazineBlocksPostExcerpt":"El tema relevante de la reuni\u00f3n ser\u00e1 la revisi\u00f3n de la situaci\u00f3n de escasez del agua en la regi\u00f3n\r\n","magazineBlocksPostCategories":["Los dos Laredos"],"magazineBlocksPostViewCount":178,"magazineBlocksPostReadTime":2,"magazine_blocks_featured_image_url":{"full":["https:\/\/pornuestrolaredo.com\/wp-content\/uploads\/2025\/08\/Stereo91-20250807-5.jpg",1928,1283,false],"medium":["https:\/\/pornuestrolaredo.com\/wp-content\/uploads\/2025\/08\/Stereo91-20250807-5-300x200.jpg",300,200,true],"thumbnail":["https:\/\/pornuestrolaredo.com\/wp-content\/uploads\/2025\/08\/Stereo91-20250807-5-150x150.jpg",150,150,true]},"magazine_blocks_author":{"display_name":"Redactor","author_link":"https:\/\/pornuestrolaredo.com\/?author=1"},"magazine_blocks_comment":0,"magazine_blocks_author_image":"https:\/\/pornuestrolaredo.com\/wp-content\/litespeed\/avatar\/dca1d7ec750c399f025f23b0b314f4cf.jpg?ver=1777007253","magazine_blocks_category":"<a href=\"#\" class=\"category-link category-link-4\">Los dos Laredos<\/a>","jetpack_publicize_connections":[],"featured_image_urls":{"full":["https:\/\/pornuestrolaredo.com\/wp-content\/uploads\/2025\/08\/Stereo91-20250807-5.jpg",1928,1283,false],"thumbnail":["https:\/\/pornuestrolaredo.com\/wp-content\/uploads\/2025\/08\/Stereo91-20250807-5-150x150.jpg",150,150,true],"medium":["https:\/\/pornuestrolaredo.com\/wp-content\/uploads\/2025\/08\/Stereo91-20250807-5-300x200.jpg",300,200,true],"medium_large":["https:\/\/pornuestrolaredo.com\/wp-content\/uploads\/2025\/08\/Stereo91-20250807-5-768x511.jpg",640,426,true],"large":["https:\/\/pornuestrolaredo.com\/wp-content\/uploads\/2025\/08\/Stereo91-20250807-5-1000x665.jpg",640,426,true],"1536x1536":["https:\/\/pornuestrolaredo.com\/wp-content\/uploads\/2025\/08\/Stereo91-20250807-5-1536x1022.jpg",1536,1022,true],"2048x2048":["https:\/\/pornuestrolaredo.com\/wp-content\/uploads\/2025\/08\/Stereo91-20250807-5.jpg",1928,1283,false],"morenews-large":["https:\/\/pornuestrolaredo.com\/wp-content\/uploads\/2025\/08\/Stereo91-20250807-5.jpg",825,549,false],"morenews-medium":["https:\/\/pornuestrolaredo.com\/wp-content\/uploads\/2025\/08\/Stereo91-20250807-5.jpg",590,393,false]},"author_info":{"info":["Redactor"]},"category_info":"<a href=\"https:\/\/pornuestrolaredo.com\/?cat=4\" rel=\"category\">Los dos Laredos<\/a>","tag_info":"Los dos Laredos","comment_count":"0","jetpack_featured_media_url":"https:\/\/pornuestrolaredo.com\/wp-content\/uploads\/2025\/08\/Stereo91-20250807-5.jpg","jetpack_sharing_enabled":true,"_links":{"self":[{"href":"https:\/\/pornuestrolaredo.com\/index.php?rest_route=\/wp\/v2\/posts\/7135","targetHints":{"allow":["GET"]}}],"collection":[{"href":"https:\/\/pornuestrolaredo.com\/index.php?rest_route=\/wp\/v2\/posts"}],"about":[{"href":"https:\/\/pornuestrolaredo.com\/index.php?rest_route=\/wp\/v2\/types\/post"}],"author":[{"embeddable":true,"href":"https:\/\/pornuestrolaredo.com\/index.php?rest_route=\/wp\/v2\/users\/1"}],"replies":[{"embeddable":true,"href":"https:\/\/pornuestrolaredo.com\/index.php?rest_route=%2Fwp%2Fv2%2Fcomments&post=7135"}],"version-history":[{"count":1,"href":"https:\/\/pornuestrolaredo.com\/index.php?rest_route=\/wp\/v2\/posts\/7135\/revisions"}],"predecessor-version":[{"id":7137,"href":"https:\/\/pornuestrolaredo.com\/index.php?rest_route=\/wp\/v2\/posts\/7135\/revisions\/7137"}],"wp:featuredmedia":[{"embeddable":true,"href":"https:\/\/pornuestrolaredo.com\/index.php?rest_route=\/wp\/v2\/media\/7136"}],"wp:attachment":[{"href":"https:\/\/pornuestrolaredo.com\/index.php?rest_route=%2Fwp%2Fv2%2Fmedia&parent=7135"}],"wp:term":[{"taxonomy":"category","embeddable":true,"href":"https:\/\/pornuestrolaredo.com\/index.php?rest_route=%2Fwp%2Fv2%2Fcategories&post=7135"},{"taxonomy":"post_tag","embeddable":true,"href":"https:\/\/pornuestrolaredo.com\/index.php?rest_route=%2Fwp%2Fv2%2Ftags&post=7135"}],"curies":[{"name":"wp","href":"https:\/\/api.w.org\/{rel}","templated":true}]}}