{"id":7138,"date":"2025-08-09T12:01:05","date_gmt":"2025-08-09T17:01:05","guid":{"rendered":"https:\/\/pornuestrolaredo.com\/?p=7138"},"modified":"2025-08-09T12:01:05","modified_gmt":"2025-08-09T17:01:05","slug":"autoriza-trump-ataques-en-territorio-mexicano","status":"publish","type":"post","link":"https:\/\/pornuestrolaredo.com\/?p=7138","title":{"rendered":"Autoriza Trump ataques en territorio mexicano"},"content":{"rendered":"<p><strong><em>WASHINGTON<\/em>.- <\/strong>El Presidente\u00a0Donald Trump\u00a0firm\u00f3 una\u00a0orden secreta\u00a0autorizando al\u00a0Departamento de la Defensa\u00a0estadounidense\u00a0lanzar ataques militares contra los c\u00e1rteles del narcotr\u00e1fico en M\u00e9xico y Am\u00e9rica Latina, incluso, en territorio extranjero, revel\u00f3 ayer The New York Times (NYT).<\/p>\n<p>Sin que se conozca el texto de la orden ni su fecha exacta, fuentes dijeron al peri\u00f3dico que el\u00a0Pent\u00e1gono\u00a0ya est\u00e1 dise\u00f1ando\u00a0opciones de ataque contra seis c\u00e1rteles en M\u00e9xico\u00a0y otros tres grupos en\u00a0Am\u00e9rica Latina\u00a0a los que Trump design\u00f3 como\u00a0organizaciones terroristas extranjeras.<\/p>\n<p>Hasta anoche, la Administraci\u00f3n Trump no hab\u00eda confirmado oficialmente la existencia de la orden, aunque apuntar\u00eda, seg\u00fan el NYT, contra al menos seis c\u00e1rteles que operan en M\u00e9xico.<\/p>\n<blockquote><p>Am\u00e9rica Latina tiene muchos c\u00e1rteles&#8221;, dijo Trump ayer a pregunta directa en la Casa Blanca, sin confirmar o negar haber firmado la orden secreta.<\/p><\/blockquote>\n<blockquote><p>Tienen un gran flujo de drogas. Queremos proteger a nuestro pa\u00eds. Tenemos que protegerlo&#8221;, agreg\u00f3.Y como saben, estamos jugando un partido dif\u00edcil (contra ellos)&#8221;.<\/p><\/blockquote>\n<p>En marzo, el\u00a0Pent\u00e1gono despleg\u00f3 buques destructores equipados con misiles Tomahawk en el Golfo de M\u00e9xico\u00a0y en la costa de California.<\/p>\n<p>Y un mes antes se report\u00f3 que la\u00a0CIA vuela drones MQ-9 Reaper\u00a0sobre el M\u00e9xico y que son capaces de atacar blancos humanos.<\/p>\n<p>Ayer, un funcionario de Estados Unidos asegur\u00f3 a The Wall Street Journal que las opciones bajo discusi\u00f3n en el Pent\u00e1gono han incluido operaciones de fuerzas especiales, apoyo de inteligencia, as\u00ed como ataques de precisi\u00f3n, pero que \u00e9stos ser\u00edan coordinados con M\u00e9xico.<\/p>\n","protected":false},"excerpt":{"rendered":"<p>Revela el The New York Times que el Departamento de la Defensa est\u00e1 listo para operaciones en el extranjero<\/p>\n","protected":false},"author":1,"featured_media":7139,"comment_status":"closed","ping_status":"closed","sticky":false,"template":"","format":"standard","meta":{"_crdt_document":"","_jetpack_memberships_contains_paid_content":false,"footnotes":"","jetpack_publicize_message":"","jetpack_publicize_feature_enabled":true,"jetpack_social_post_already_shared":true,"jetpack_social_options":{"image_generator_settings":{"template":"highway","default_image_id":0,"font":"","enabled":false},"version":2},"_wpas_customize_per_network":false},"categories":[9],"tags":[],"class_list":["post-7138","post","type-post","status-publish","format-standard","has-post-thumbnail","hentry","category-el-mundo"],"magazineBlocksPostFeaturedMedia":{"thumbnail":"https:\/\/pornuestrolaredo.com\/wp-content\/uploads\/2025\/08\/Stereo91-20250809-1-150x150.jpg","medium":"https:\/\/pornuestrolaredo.com\/wp-content\/uploads\/2025\/08\/Stereo91-20250809-1-300x200.jpg","medium_large":"https:\/\/pornuestrolaredo.com\/wp-content\/uploads\/2025\/08\/Stereo91-20250809-1-768x511.jpg","large":"https:\/\/pornuestrolaredo.com\/wp-content\/uploads\/2025\/08\/Stereo91-20250809-1-1000x666.jpg","1536x1536":"https:\/\/pornuestrolaredo.com\/wp-content\/uploads\/2025\/08\/Stereo91-20250809-1-1536x1023.jpg","2048x2048":"https:\/\/pornuestrolaredo.com\/wp-content\/uploads\/2025\/08\/Stereo91-20250809-1.jpg","morenews-large":"https:\/\/pornuestrolaredo.com\/wp-content\/uploads\/2025\/08\/Stereo91-20250809-1.jpg","morenews-medium":"https:\/\/pornuestrolaredo.com\/wp-content\/uploads\/2025\/08\/Stereo91-20250809-1.jpg"},"magazineBlocksPostAuthor":{"name":"Redactor","avatar":"https:\/\/pornuestrolaredo.com\/wp-content\/litespeed\/avatar\/dca1d7ec750c399f025f23b0b314f4cf.jpg?ver=1777007253"},"magazineBlocksPostCommentsNumber":false,"magazineBlocksPostExcerpt":"Revela el The New York Times que el Departamento de la Defensa est\u00e1 listo para operaciones en el extranjero\r\n","magazineBlocksPostCategories":["El Mundo"],"magazineBlocksPostViewCount":192,"magazineBlocksPostReadTime":2,"magazine_blocks_featured_image_url":{"full":["https:\/\/pornuestrolaredo.com\/wp-content\/uploads\/2025\/08\/Stereo91-20250809-1.jpg",1814,1208,false],"medium":["https:\/\/pornuestrolaredo.com\/wp-content\/uploads\/2025\/08\/Stereo91-20250809-1-300x200.jpg",300,200,true],"thumbnail":["https:\/\/pornuestrolaredo.com\/wp-content\/uploads\/2025\/08\/Stereo91-20250809-1-150x150.jpg",150,150,true]},"magazine_blocks_author":{"display_name":"Redactor","author_link":"https:\/\/pornuestrolaredo.com\/?author=1"},"magazine_blocks_comment":0,"magazine_blocks_author_image":"https:\/\/pornuestrolaredo.com\/wp-content\/litespeed\/avatar\/dca1d7ec750c399f025f23b0b314f4cf.jpg?ver=1777007253","magazine_blocks_category":"<a href=\"#\" class=\"category-link category-link-9\">El Mundo<\/a>","jetpack_publicize_connections":[],"featured_image_urls":{"full":["https:\/\/pornuestrolaredo.com\/wp-content\/uploads\/2025\/08\/Stereo91-20250809-1.jpg",1814,1208,false],"thumbnail":["https:\/\/pornuestrolaredo.com\/wp-content\/uploads\/2025\/08\/Stereo91-20250809-1-150x150.jpg",150,150,true],"medium":["https:\/\/pornuestrolaredo.com\/wp-content\/uploads\/2025\/08\/Stereo91-20250809-1-300x200.jpg",300,200,true],"medium_large":["https:\/\/pornuestrolaredo.com\/wp-content\/uploads\/2025\/08\/Stereo91-20250809-1-768x511.jpg",640,426,true],"large":["https:\/\/pornuestrolaredo.com\/wp-content\/uploads\/2025\/08\/Stereo91-20250809-1-1000x666.jpg",640,426,true],"1536x1536":["https:\/\/pornuestrolaredo.com\/wp-content\/uploads\/2025\/08\/Stereo91-20250809-1-1536x1023.jpg",1536,1023,true],"2048x2048":["https:\/\/pornuestrolaredo.com\/wp-content\/uploads\/2025\/08\/Stereo91-20250809-1.jpg",1814,1208,false],"morenews-large":["https:\/\/pornuestrolaredo.com\/wp-content\/uploads\/2025\/08\/Stereo91-20250809-1.jpg",825,549,false],"morenews-medium":["https:\/\/pornuestrolaredo.com\/wp-content\/uploads\/2025\/08\/Stereo91-20250809-1.jpg",590,393,false]},"author_info":{"info":["Redactor"]},"category_info":"<a href=\"https:\/\/pornuestrolaredo.com\/?cat=9\" rel=\"category\">El Mundo<\/a>","tag_info":"El Mundo","comment_count":"0","jetpack_featured_media_url":"https:\/\/pornuestrolaredo.com\/wp-content\/uploads\/2025\/08\/Stereo91-20250809-1.jpg","jetpack_sharing_enabled":true,"_links":{"self":[{"href":"https:\/\/pornuestrolaredo.com\/index.php?rest_route=\/wp\/v2\/posts\/7138","targetHints":{"allow":["GET"]}}],"collection":[{"href":"https:\/\/pornuestrolaredo.com\/index.php?rest_route=\/wp\/v2\/posts"}],"about":[{"href":"https:\/\/pornuestrolaredo.com\/index.php?rest_route=\/wp\/v2\/types\/post"}],"author":[{"embeddable":true,"href":"https:\/\/pornuestrolaredo.com\/index.php?rest_route=\/wp\/v2\/users\/1"}],"replies":[{"embeddable":true,"href":"https:\/\/pornuestrolaredo.com\/index.php?rest_route=%2Fwp%2Fv2%2Fcomments&post=7138"}],"version-history":[{"count":1,"href":"https:\/\/pornuestrolaredo.com\/index.php?rest_route=\/wp\/v2\/posts\/7138\/revisions"}],"predecessor-version":[{"id":7140,"href":"https:\/\/pornuestrolaredo.com\/index.php?rest_route=\/wp\/v2\/posts\/7138\/revisions\/7140"}],"wp:featuredmedia":[{"embeddable":true,"href":"https:\/\/pornuestrolaredo.com\/index.php?rest_route=\/wp\/v2\/media\/7139"}],"wp:attachment":[{"href":"https:\/\/pornuestrolaredo.com\/index.php?rest_route=%2Fwp%2Fv2%2Fmedia&parent=7138"}],"wp:term":[{"taxonomy":"category","embeddable":true,"href":"https:\/\/pornuestrolaredo.com\/index.php?rest_route=%2Fwp%2Fv2%2Fcategories&post=7138"},{"taxonomy":"post_tag","embeddable":true,"href":"https:\/\/pornuestrolaredo.com\/index.php?rest_route=%2Fwp%2Fv2%2Ftags&post=7138"}],"curies":[{"name":"wp","href":"https:\/\/api.w.org\/{rel}","templated":true}]}}