{"id":7143,"date":"2025-08-11T16:16:58","date_gmt":"2025-08-11T21:16:58","guid":{"rendered":"https:\/\/pornuestrolaredo.com\/?p=7143"},"modified":"2025-08-11T16:16:58","modified_gmt":"2025-08-11T21:16:58","slug":"estremece-sismo-a-turquia-y-derrumba-mas-de-10-edificios","status":"publish","type":"post","link":"https:\/\/pornuestrolaredo.com\/?p=7143","title":{"rendered":"Estremece sismo a Turqu\u00eda y derrumba m\u00e1s de 10 edificios"},"content":{"rendered":"<p><strong>ESTAMBUL.\u2014 <\/strong>Un sismo de magnitud 6.1 estremeci\u00f3 el domingo la provincia noroccidental de Balikesir, en Turqu\u00eda, cobrando la vida de por lo menos una persona y provocando el derrumbe de m\u00e1s de una decena de edificios, informaron funcionarios. Al menos 29 personas resultaron heridas.<\/p>\n<p>El terremoto ocurri\u00f3 en la provincia de Balikesir, con epicentro en la ciudad de Sindirgi. Se lleg\u00f3 a sentir a unos 200 kil\u00f3metros (125 millas) de distancia al norte, en Estambul, una ciudad de m\u00e1s de 16 millones de habitantes.<\/p>\n<p>Una anciana muri\u00f3 poco despu\u00e9s de ser rescatada con vida de los escombros de un edificio en Sindirgi, inform\u00f3 el ministro del Interior, Ali Yerlikaya. Otras cuatro personas fueron rescatadas del edificio.<\/p>\n<p>Yerlikaya a\u00f1adi\u00f3 que, en total, 16 edificios se vinieron abajo en la regi\u00f3n, la mayor\u00eda de ellos abandonados. Tambi\u00e9n se derrumbaron dos minaretes de mezquitas, afirm\u00f3.<\/p>\n<p>Ninguna de las personas heridas est\u00e1 en peligro grave, afirm\u00f3 el ministro.<\/p>\n<p>Las im\u00e1genes de televisi\u00f3n mostraron a equipos de rescate mientras ped\u00edan silencio para poder escuchar se\u00f1ales de vida bajo los escombros.<\/p>\n<p>La Agencia de Gesti\u00f3n de Desastres y Emergencias de Turqu\u00eda inform\u00f3 que el terremoto fue seguido por varias r\u00e9plicas, incluida una de magnitud 4.6, y exhort\u00f3 a los ciudadanos a no entrar en edificios da\u00f1ados.<\/p>\n<p>El presidente Recep Tayyip Erdogan emiti\u00f3 un comunicado deseando una pronta recuperaci\u00f3n a todos los ciudadanos afectados.<\/p>\n<blockquote><p>Que Dios proteja a nuestro pa\u00eds de cualquier tipo de desastre\u201d, escribi\u00f3 en X.<\/p><\/blockquote>\n<p>Turqu\u00eda se encuentra sobre importantes l\u00edneas de falla y los temblores son frecuentes.<\/p>\n<p>En 2023, un terremoto de magnitud 7.8 mat\u00f3 a m\u00e1s de 53 mil personas en Turqu\u00eda y destruy\u00f3 o da\u00f1\u00f3 cientos de miles de edificios en 11 provincias del sur y sureste. Otras 6 mil personas murieron en las partes del norte de la vecina Siria.<\/p>\n","protected":false},"excerpt":{"rendered":"<p>Por lo menos hay un deceso y otras 29 personas resultaron heridas durante el temblor de 6.1 grados, en la provincia noroccidental de Balikesir, en Turqu\u00eda<\/p>\n","protected":false},"author":1,"featured_media":7144,"comment_status":"closed","ping_status":"closed","sticky":false,"template":"","format":"standard","meta":{"_crdt_document":"","_jetpack_memberships_contains_paid_content":false,"footnotes":"","jetpack_publicize_message":"","jetpack_publicize_feature_enabled":true,"jetpack_social_post_already_shared":true,"jetpack_social_options":{"image_generator_settings":{"template":"highway","default_image_id":0,"font":"","enabled":false},"version":2},"_wpas_customize_per_network":false},"categories":[9],"tags":[],"class_list":["post-7143","post","type-post","status-publish","format-standard","has-post-thumbnail","hentry","category-el-mundo"],"magazineBlocksPostFeaturedMedia":{"thumbnail":"https:\/\/pornuestrolaredo.com\/wp-content\/uploads\/2025\/08\/Stereo91-20250811-5-150x150.jpg","medium":"https:\/\/pornuestrolaredo.com\/wp-content\/uploads\/2025\/08\/Stereo91-20250811-5-300x200.jpg","medium_large":"https:\/\/pornuestrolaredo.com\/wp-content\/uploads\/2025\/08\/Stereo91-20250811-5-768x512.jpg","large":"https:\/\/pornuestrolaredo.com\/wp-content\/uploads\/2025\/08\/Stereo91-20250811-5-1000x667.jpg","1536x1536":"https:\/\/pornuestrolaredo.com\/wp-content\/uploads\/2025\/08\/Stereo91-20250811-5.jpg","2048x2048":"https:\/\/pornuestrolaredo.com\/wp-content\/uploads\/2025\/08\/Stereo91-20250811-5.jpg","morenews-large":"https:\/\/pornuestrolaredo.com\/wp-content\/uploads\/2025\/08\/Stereo91-20250811-5.jpg","morenews-medium":"https:\/\/pornuestrolaredo.com\/wp-content\/uploads\/2025\/08\/Stereo91-20250811-5.jpg"},"magazineBlocksPostAuthor":{"name":"Redactor","avatar":"https:\/\/pornuestrolaredo.com\/wp-content\/litespeed\/avatar\/dca1d7ec750c399f025f23b0b314f4cf.jpg?ver=1777007253"},"magazineBlocksPostCommentsNumber":false,"magazineBlocksPostExcerpt":"Por lo menos hay un deceso y otras 29 personas resultaron heridas durante el temblor de 6.1 grados, en la provincia noroccidental de Balikesir, en Turqu\u00eda","magazineBlocksPostCategories":["El Mundo"],"magazineBlocksPostViewCount":174,"magazineBlocksPostReadTime":2,"magazine_blocks_featured_image_url":{"full":["https:\/\/pornuestrolaredo.com\/wp-content\/uploads\/2025\/08\/Stereo91-20250811-5.jpg",1440,960,false],"medium":["https:\/\/pornuestrolaredo.com\/wp-content\/uploads\/2025\/08\/Stereo91-20250811-5-300x200.jpg",300,200,true],"thumbnail":["https:\/\/pornuestrolaredo.com\/wp-content\/uploads\/2025\/08\/Stereo91-20250811-5-150x150.jpg",150,150,true]},"magazine_blocks_author":{"display_name":"Redactor","author_link":"https:\/\/pornuestrolaredo.com\/?author=1"},"magazine_blocks_comment":0,"magazine_blocks_author_image":"https:\/\/pornuestrolaredo.com\/wp-content\/litespeed\/avatar\/dca1d7ec750c399f025f23b0b314f4cf.jpg?ver=1777007253","magazine_blocks_category":"<a href=\"#\" class=\"category-link category-link-9\">El Mundo<\/a>","jetpack_publicize_connections":[],"featured_image_urls":{"full":["https:\/\/pornuestrolaredo.com\/wp-content\/uploads\/2025\/08\/Stereo91-20250811-5.jpg",1440,960,false],"thumbnail":["https:\/\/pornuestrolaredo.com\/wp-content\/uploads\/2025\/08\/Stereo91-20250811-5-150x150.jpg",150,150,true],"medium":["https:\/\/pornuestrolaredo.com\/wp-content\/uploads\/2025\/08\/Stereo91-20250811-5-300x200.jpg",300,200,true],"medium_large":["https:\/\/pornuestrolaredo.com\/wp-content\/uploads\/2025\/08\/Stereo91-20250811-5-768x512.jpg",640,427,true],"large":["https:\/\/pornuestrolaredo.com\/wp-content\/uploads\/2025\/08\/Stereo91-20250811-5-1000x667.jpg",640,427,true],"1536x1536":["https:\/\/pornuestrolaredo.com\/wp-content\/uploads\/2025\/08\/Stereo91-20250811-5.jpg",1440,960,false],"2048x2048":["https:\/\/pornuestrolaredo.com\/wp-content\/uploads\/2025\/08\/Stereo91-20250811-5.jpg",1440,960,false],"morenews-large":["https:\/\/pornuestrolaredo.com\/wp-content\/uploads\/2025\/08\/Stereo91-20250811-5.jpg",825,550,false],"morenews-medium":["https:\/\/pornuestrolaredo.com\/wp-content\/uploads\/2025\/08\/Stereo91-20250811-5.jpg",590,393,false]},"author_info":{"info":["Redactor"]},"category_info":"<a href=\"https:\/\/pornuestrolaredo.com\/?cat=9\" rel=\"category\">El Mundo<\/a>","tag_info":"El Mundo","comment_count":"0","jetpack_featured_media_url":"https:\/\/pornuestrolaredo.com\/wp-content\/uploads\/2025\/08\/Stereo91-20250811-5.jpg","jetpack_sharing_enabled":true,"_links":{"self":[{"href":"https:\/\/pornuestrolaredo.com\/index.php?rest_route=\/wp\/v2\/posts\/7143","targetHints":{"allow":["GET"]}}],"collection":[{"href":"https:\/\/pornuestrolaredo.com\/index.php?rest_route=\/wp\/v2\/posts"}],"about":[{"href":"https:\/\/pornuestrolaredo.com\/index.php?rest_route=\/wp\/v2\/types\/post"}],"author":[{"embeddable":true,"href":"https:\/\/pornuestrolaredo.com\/index.php?rest_route=\/wp\/v2\/users\/1"}],"replies":[{"embeddable":true,"href":"https:\/\/pornuestrolaredo.com\/index.php?rest_route=%2Fwp%2Fv2%2Fcomments&post=7143"}],"version-history":[{"count":1,"href":"https:\/\/pornuestrolaredo.com\/index.php?rest_route=\/wp\/v2\/posts\/7143\/revisions"}],"predecessor-version":[{"id":7145,"href":"https:\/\/pornuestrolaredo.com\/index.php?rest_route=\/wp\/v2\/posts\/7143\/revisions\/7145"}],"wp:featuredmedia":[{"embeddable":true,"href":"https:\/\/pornuestrolaredo.com\/index.php?rest_route=\/wp\/v2\/media\/7144"}],"wp:attachment":[{"href":"https:\/\/pornuestrolaredo.com\/index.php?rest_route=%2Fwp%2Fv2%2Fmedia&parent=7143"}],"wp:term":[{"taxonomy":"category","embeddable":true,"href":"https:\/\/pornuestrolaredo.com\/index.php?rest_route=%2Fwp%2Fv2%2Fcategories&post=7143"},{"taxonomy":"post_tag","embeddable":true,"href":"https:\/\/pornuestrolaredo.com\/index.php?rest_route=%2Fwp%2Fv2%2Ftags&post=7143"}],"curies":[{"name":"wp","href":"https:\/\/api.w.org\/{rel}","templated":true}]}}