{"id":7162,"date":"2025-08-18T13:18:52","date_gmt":"2025-08-18T18:18:52","guid":{"rendered":"https:\/\/pornuestrolaredo.com\/?p=7162"},"modified":"2025-08-18T13:18:52","modified_gmt":"2025-08-18T18:18:52","slug":"otorgan-a-nld-la-mas-alta-calificacion-crediticia","status":"publish","type":"post","link":"https:\/\/pornuestrolaredo.com\/?p=7162","title":{"rendered":"Otorgan a NLD la m\u00e1s alta calificaci\u00f3n crediticia"},"content":{"rendered":"<p>Nuevo Laredo vuelve a hacer historia en materia financiera, por tercer a\u00f1o consecutivo la calificadora internacional Fitch Ratings ratific\u00f3 al gobierno municipal con la calificaci\u00f3n nacional de largo plazo \u201cAAA\u201d, la m\u00e1s alta que se otorga en M\u00e9xico y que solo un n\u00famero muy reducido de ciudades poseen.<\/p>\n<p>Este 2025, adem\u00e1s de refrendar su solidez en la escala nacional, Nuevo Laredo decidi\u00f3 evaluarse por primera vez a nivel internacional, obteniendo una calificaci\u00f3n de \u201cBBB\u201d, nivel que est\u00e1 limitado por la propia calificaci\u00f3n de la entidad soberana, es decir, del Gobierno Federal, ya que ning\u00fan municipio puede rebasar ese rango.<\/p>\n<p>La alcaldesa Carmen Lilia Canturosas Villarreal destac\u00f3 que esta calificaci\u00f3n no es un hecho aislado, sino el reflejo del manejo responsable de las finanzas, la transparencia en el gasto p\u00fablico y el compromiso de un gobierno que est\u00e1 transformando a la ciudad.<\/p>\n<blockquote><p>Hoy demostramos que Nuevo Laredo no solo es referente en M\u00e9xico, sino que ya tiene un lugar en el escenario internacional. Esta fortaleza financiera es una garant\u00eda de confianza para nuestra gente y para quienes ven en nuestra ciudad un espacio seguro para invertir y crecer\u201d, se\u00f1al\u00f3.<\/p><\/blockquote>\n<p>De manera sobresaliente, al perfil crediticio individual del municipio se le asign\u00f3 la nota \u201cA+\u201d, lo que coloca a Nuevo Laredo en el segundo lugar a nivel nacional, solo un escal\u00f3n por debajo de San Pedro Garza Garc\u00eda, superando a ciudades de gran desarrollo como Quer\u00e9taro (Corregidora y El Marqu\u00e9s), Puebla, Saltillo, Chihuahua, Zapopan, Irapuato y Apodaca.<\/p>\n<p>La trascendencia de este resultado va m\u00e1s all\u00e1 de M\u00e9xico. Seg\u00fan la comparaci\u00f3n internacional realizada por Fitch Ratings, la solidez financiera de Nuevo Laredo es equiparable a la de ciudades como Poznan en Polonia y Niter\u00f3i en Brasil, lo que abre una nueva etapa en el posicionamiento global del municipio.<\/p>\n<p>Este precedente significa que, a partir de ahora, Nuevo Laredo figura en las listas internacionales de evaluaci\u00f3n crediticia, brindando mayor certeza, confianza y seguridad a futuros inversionistas extranjeros interesados en la frontera m\u00e1s din\u00e1mica de Am\u00e9rica Latina.<\/p>\n<p>Con esta ratificaci\u00f3n y su incursi\u00f3n en la evaluaci\u00f3n global, Nuevo Laredo se consolida como uno de los municipios m\u00e1s s\u00f3lidos del pa\u00eds, marcando un parteaguas en la forma en que se perciben las ciudades fronterizas a nivel internacional.<\/p>\n","protected":false},"excerpt":{"rendered":"<p>De manera sobresaliente, al perfil crediticio individual de Nuevo Laredo se le asign\u00f3 la nota \u201cA+\u201d, lo que coloca a Nuevo Laredo en el segundo lugar a nivel nacional, solo un escal\u00f3n por debajo de San Pedro Garza Garc\u00eda<\/p>\n","protected":false},"author":1,"featured_media":7163,"comment_status":"closed","ping_status":"closed","sticky":false,"template":"","format":"standard","meta":{"_crdt_document":"","_jetpack_memberships_contains_paid_content":false,"footnotes":"","jetpack_publicize_message":"","jetpack_publicize_feature_enabled":true,"jetpack_social_post_already_shared":true,"jetpack_social_options":{"image_generator_settings":{"template":"highway","default_image_id":0,"font":"","enabled":false},"version":2},"_wpas_customize_per_network":false},"categories":[4],"tags":[],"class_list":["post-7162","post","type-post","status-publish","format-standard","has-post-thumbnail","hentry","category-los-dos-laredos"],"magazineBlocksPostFeaturedMedia":{"thumbnail":"https:\/\/pornuestrolaredo.com\/wp-content\/uploads\/2025\/08\/Stereo91-20250818-1-150x150.jpg","medium":"https:\/\/pornuestrolaredo.com\/wp-content\/uploads\/2025\/08\/Stereo91-20250818-1-300x200.jpg","medium_large":"https:\/\/pornuestrolaredo.com\/wp-content\/uploads\/2025\/08\/Stereo91-20250818-1-768x511.jpg","large":"https:\/\/pornuestrolaredo.com\/wp-content\/uploads\/2025\/08\/Stereo91-20250818-1.jpg","1536x1536":"https:\/\/pornuestrolaredo.com\/wp-content\/uploads\/2025\/08\/Stereo91-20250818-1.jpg","2048x2048":"https:\/\/pornuestrolaredo.com\/wp-content\/uploads\/2025\/08\/Stereo91-20250818-1.jpg","morenews-large":"https:\/\/pornuestrolaredo.com\/wp-content\/uploads\/2025\/08\/Stereo91-20250818-1.jpg","morenews-medium":"https:\/\/pornuestrolaredo.com\/wp-content\/uploads\/2025\/08\/Stereo91-20250818-1.jpg"},"magazineBlocksPostAuthor":{"name":"Redactor","avatar":"https:\/\/pornuestrolaredo.com\/wp-content\/litespeed\/avatar\/dca1d7ec750c399f025f23b0b314f4cf.jpg?ver=1777612120"},"magazineBlocksPostCommentsNumber":false,"magazineBlocksPostExcerpt":"De manera sobresaliente, al perfil crediticio individual de Nuevo Laredo se le asign\u00f3 la nota \u201cA+\u201d, lo que coloca a Nuevo Laredo en el segundo lugar a nivel nacional, solo un escal\u00f3n por debajo de San Pedro Garza Garc\u00eda","magazineBlocksPostCategories":["Los dos Laredos"],"magazineBlocksPostViewCount":155,"magazineBlocksPostReadTime":3,"magazine_blocks_featured_image_url":{"full":["https:\/\/pornuestrolaredo.com\/wp-content\/uploads\/2025\/08\/Stereo91-20250818-1.jpg",964,642,false],"medium":["https:\/\/pornuestrolaredo.com\/wp-content\/uploads\/2025\/08\/Stereo91-20250818-1-300x200.jpg",300,200,true],"thumbnail":["https:\/\/pornuestrolaredo.com\/wp-content\/uploads\/2025\/08\/Stereo91-20250818-1-150x150.jpg",150,150,true]},"magazine_blocks_author":{"display_name":"Redactor","author_link":"https:\/\/pornuestrolaredo.com\/?author=1"},"magazine_blocks_comment":0,"magazine_blocks_author_image":"https:\/\/pornuestrolaredo.com\/wp-content\/litespeed\/avatar\/dca1d7ec750c399f025f23b0b314f4cf.jpg?ver=1777612120","magazine_blocks_category":"<a href=\"#\" class=\"category-link category-link-4\">Los dos Laredos<\/a>","jetpack_publicize_connections":[],"featured_image_urls":{"full":["https:\/\/pornuestrolaredo.com\/wp-content\/uploads\/2025\/08\/Stereo91-20250818-1.jpg",964,642,false],"thumbnail":["https:\/\/pornuestrolaredo.com\/wp-content\/uploads\/2025\/08\/Stereo91-20250818-1-150x150.jpg",150,150,true],"medium":["https:\/\/pornuestrolaredo.com\/wp-content\/uploads\/2025\/08\/Stereo91-20250818-1-300x200.jpg",300,200,true],"medium_large":["https:\/\/pornuestrolaredo.com\/wp-content\/uploads\/2025\/08\/Stereo91-20250818-1-768x511.jpg",640,426,true],"large":["https:\/\/pornuestrolaredo.com\/wp-content\/uploads\/2025\/08\/Stereo91-20250818-1.jpg",640,426,false],"1536x1536":["https:\/\/pornuestrolaredo.com\/wp-content\/uploads\/2025\/08\/Stereo91-20250818-1.jpg",964,642,false],"2048x2048":["https:\/\/pornuestrolaredo.com\/wp-content\/uploads\/2025\/08\/Stereo91-20250818-1.jpg",964,642,false],"morenews-large":["https:\/\/pornuestrolaredo.com\/wp-content\/uploads\/2025\/08\/Stereo91-20250818-1.jpg",825,549,false],"morenews-medium":["https:\/\/pornuestrolaredo.com\/wp-content\/uploads\/2025\/08\/Stereo91-20250818-1.jpg",590,393,false]},"author_info":{"info":["Redactor"]},"category_info":"<a href=\"https:\/\/pornuestrolaredo.com\/?cat=4\" rel=\"category\">Los dos Laredos<\/a>","tag_info":"Los dos Laredos","comment_count":"0","jetpack_featured_media_url":"https:\/\/pornuestrolaredo.com\/wp-content\/uploads\/2025\/08\/Stereo91-20250818-1.jpg","jetpack_sharing_enabled":true,"_links":{"self":[{"href":"https:\/\/pornuestrolaredo.com\/index.php?rest_route=\/wp\/v2\/posts\/7162","targetHints":{"allow":["GET"]}}],"collection":[{"href":"https:\/\/pornuestrolaredo.com\/index.php?rest_route=\/wp\/v2\/posts"}],"about":[{"href":"https:\/\/pornuestrolaredo.com\/index.php?rest_route=\/wp\/v2\/types\/post"}],"author":[{"embeddable":true,"href":"https:\/\/pornuestrolaredo.com\/index.php?rest_route=\/wp\/v2\/users\/1"}],"replies":[{"embeddable":true,"href":"https:\/\/pornuestrolaredo.com\/index.php?rest_route=%2Fwp%2Fv2%2Fcomments&post=7162"}],"version-history":[{"count":1,"href":"https:\/\/pornuestrolaredo.com\/index.php?rest_route=\/wp\/v2\/posts\/7162\/revisions"}],"predecessor-version":[{"id":7164,"href":"https:\/\/pornuestrolaredo.com\/index.php?rest_route=\/wp\/v2\/posts\/7162\/revisions\/7164"}],"wp:featuredmedia":[{"embeddable":true,"href":"https:\/\/pornuestrolaredo.com\/index.php?rest_route=\/wp\/v2\/media\/7163"}],"wp:attachment":[{"href":"https:\/\/pornuestrolaredo.com\/index.php?rest_route=%2Fwp%2Fv2%2Fmedia&parent=7162"}],"wp:term":[{"taxonomy":"category","embeddable":true,"href":"https:\/\/pornuestrolaredo.com\/index.php?rest_route=%2Fwp%2Fv2%2Fcategories&post=7162"},{"taxonomy":"post_tag","embeddable":true,"href":"https:\/\/pornuestrolaredo.com\/index.php?rest_route=%2Fwp%2Fv2%2Ftags&post=7162"}],"curies":[{"name":"wp","href":"https:\/\/api.w.org\/{rel}","templated":true}]}}