{"id":7166,"date":"2025-08-20T13:11:18","date_gmt":"2025-08-20T18:11:18","guid":{"rendered":"https:\/\/pornuestrolaredo.com\/?p=7166"},"modified":"2025-08-20T13:11:18","modified_gmt":"2025-08-20T18:11:18","slug":"rio-colorado-dara-menos-agua-a-arizona-nevada-y-mexico","status":"publish","type":"post","link":"https:\/\/pornuestrolaredo.com\/?p=7166","title":{"rendered":"R\u00edo Colorado dar\u00e1 menos agua a Arizona, Nevada y M\u00e9xico"},"content":{"rendered":"<p><strong>DENVER.- <\/strong>Arizona, Nevada y M\u00e9xico volver\u00e1n a vivir con menos agua del r\u00edo Colorado mientras persiste la sequ\u00eda en el oeste de Estados Unidos, anunciaron el viernes autoridades federales.<\/p>\n<p>El r\u00edo Colorado es una l\u00ednea vital cr\u00edtica para siete estados de Estados Unidos, 30 tribus nativas estadounidenses y dos estados mexicanos. Los recortes se basan en proyecciones de niveles en embalses federales, principalmente el lago Powell y el lago Mead, las cuales se publican cada mes de agosto por la Oficina de Recuperaci\u00f3n de Estados Unidos.<\/p>\n<p>Arizona nuevamente se quedar\u00e1 sin el 18% de su asignaci\u00f3n total del r\u00edo Colorado, mientras que M\u00e9xico perder\u00e1 un 5%. La reducci\u00f3n para Nevada \u2014que recibe mucho menos agua que Arizona, California o M\u00e9xico\u2014 se mantendr\u00e1 en un 7%. California no enfrentar\u00e1 recortes porque tiene derechos de agua prioritarios y es la \u00faltima en perder en tiempos de escasez.<\/p>\n<p>D\u00e9cadas de uso excesivo y los efectos de una prolongada sequ\u00eda, agravada por el cambio clim\u00e1tico, significan que hay mucha m\u00e1s demanda de agua de la que fluye realmente a trav\u00e9s del r\u00edo. Los bajos niveles de los embalses en el lago Mead han provocado recortes obligatorios todos los a\u00f1os desde 2022, y los m\u00e1s profundos, que afectaron m\u00e1s a los agricultores en Arizona, ocurrieron en 2023.<\/p>\n<p>Mientras tanto, los estados trabajan para llegar a un acuerdo el pr\u00f3ximo a\u00f1o sobre nuevas reglas a largo plazo para gobernar el r\u00edo en a\u00f1os de sequ\u00eda. El gobierno del presidente Donald Trump dio un plazo a mediados de noviembre para que los estados alcancen un convenio preliminar, o se arriesguen a una intervenci\u00f3n federal. Las negociaciones han enfrentado retrasos debido a que los estados se resisten a ceder la cantidad de agua que deber\u00edan.<\/p>\n<p>Originalmente, el Pacto del R\u00edo Colorado de 1922 se calcul\u00f3 con base en una cantidad de agua que no existe en el clima actual. Eso hace que los estados de la Cuenca Alta \u2014Nuevo M\u00e9xico, Colorado, Wyoming y Utah\u2014 tengan mucha menos agua que compartir despu\u00e9s de que se env\u00eda la cantidad requerida a los estados de la \u201cCuenca Baja\u201d: Nevada, Arizona y California. Mucha agua tambi\u00e9n se pierde por evaporaci\u00f3n y fugas en la infraestructura.<\/p>\n<p>Durante a\u00f1os, dividir equitativamente el agua del r\u00edo en la era del cambio clim\u00e1tico ha sido un desaf\u00edo, ya que todos los usuarios principales son reacios a ceder mientras anticipan un futuro m\u00e1s seco. Tiene que haber suficiente agua en los embalses para que llegue a los t\u00faneles que conducen el agua r\u00edo abajo, y la infraestructura clave, como la presa Hoover, depende de ciertos niveles de agua en el lago Mead para generar electricidad.<\/p>\n<p>Los recortes obligatorios y las liberaciones de agua de emergencia son medidas \u201creactivas\u201d, dijo John Berggren, gerente de pol\u00edticas regionales de Western Resource Advocates, una organizaci\u00f3n sin fines de lucro enfocada en el cambio clim\u00e1tico.<\/p>\n<blockquote><p>Si queremos tener un r\u00edo Colorado sostenible y no solo responder a una crisis tras otra, necesitamos incorporar grandes cantidades de flexibilidad en este nuevo conjunto de directrices\u201d, afirm\u00f3.<\/p><\/blockquote>\n<p>Los estados analizan un enfoque llamado flujo natural para gestionar el r\u00edo, donde la Cuenca Baja recibir\u00eda un cierto porcentaje del flujo natural promedio de los \u00faltimos a\u00f1os.<\/p>\n<p>Los estados de la Cuenca Baja han ayudado a evitar recortes m\u00e1s profundos al idear planes de conservaci\u00f3n voluntarios. En los \u00faltimos a\u00f1os, Arizona, Nevada y California han ahorrado casi la mitad de lo que usan anualmente a trav\u00e9s de programas financiados en gran parte durante la administraci\u00f3n del expresidente Joe Biden.<\/p>\n<blockquote><p>Sin todas esas medidas, el r\u00edo estar\u00eda en una situaci\u00f3n muy mala\u201d, dijo J.B. Hamby, presidente de la Junta del R\u00edo Colorado de California y miembro de la junta del Distrito de Riego Imperial, el mayor usuario del agua del r\u00edo. Aun as\u00ed, sabe que California, al igual que otros lugares, tendr\u00e1 que ceder m\u00e1s en las negociaciones en curso.<\/p><\/blockquote>\n<p>Docenas de proyectos de conservaci\u00f3n para los estados de la Cuenca Alta y las tribus est\u00e1n en el limbo. En su primer d\u00eda en el cargo, Trump congel\u00f3 los fondos de la Ley de Reducci\u00f3n de la Inflaci\u00f3n a\u00fan no distribuidos que inclu\u00edan casi 400 millones de d\u00f3lares para esos proyectos. A principios de este mes, toda la delegaci\u00f3n del Congreso de Colorado firm\u00f3 una carta en la que exhorta a liberar su parte de esos fondos.<\/p>\n","protected":false},"excerpt":{"rendered":"<p>D\u00e9cadas de uso excesivo y los efectos de una prolongada sequ\u00eda, agravada por el cambio clim\u00e1tico, significan que hay mucha m\u00e1s demanda de agua de la que fluye a trav\u00e9s del r\u00edo<\/p>\n","protected":false},"author":1,"featured_media":7167,"comment_status":"closed","ping_status":"closed","sticky":false,"template":"","format":"standard","meta":{"_crdt_document":"","_jetpack_memberships_contains_paid_content":false,"footnotes":"","jetpack_publicize_message":"","jetpack_publicize_feature_enabled":true,"jetpack_social_post_already_shared":true,"jetpack_social_options":{"image_generator_settings":{"template":"highway","default_image_id":0,"font":"","enabled":false},"version":2},"_wpas_customize_per_network":false},"categories":[9],"tags":[],"class_list":["post-7166","post","type-post","status-publish","format-standard","has-post-thumbnail","hentry","category-el-mundo"],"magazineBlocksPostFeaturedMedia":{"thumbnail":"https:\/\/pornuestrolaredo.com\/wp-content\/uploads\/2025\/08\/PNL-20250820-1-150x150.jpg","medium":"https:\/\/pornuestrolaredo.com\/wp-content\/uploads\/2025\/08\/PNL-20250820-1-300x169.jpg","medium_large":"https:\/\/pornuestrolaredo.com\/wp-content\/uploads\/2025\/08\/PNL-20250820-1-768x432.jpg","large":"https:\/\/pornuestrolaredo.com\/wp-content\/uploads\/2025\/08\/PNL-20250820-1-1000x563.jpg","1536x1536":"https:\/\/pornuestrolaredo.com\/wp-content\/uploads\/2025\/08\/PNL-20250820-1-1536x864.jpg","2048x2048":"https:\/\/pornuestrolaredo.com\/wp-content\/uploads\/2025\/08\/PNL-20250820-1-2048x1152.jpg","morenews-large":"https:\/\/pornuestrolaredo.com\/wp-content\/uploads\/2025\/08\/PNL-20250820-1-scaled.jpg","morenews-medium":"https:\/\/pornuestrolaredo.com\/wp-content\/uploads\/2025\/08\/PNL-20250820-1-scaled.jpg"},"magazineBlocksPostAuthor":{"name":"Redactor","avatar":"https:\/\/pornuestrolaredo.com\/wp-content\/litespeed\/avatar\/dca1d7ec750c399f025f23b0b314f4cf.jpg?ver=1777612120"},"magazineBlocksPostCommentsNumber":false,"magazineBlocksPostExcerpt":"D\u00e9cadas de uso excesivo y los efectos de una prolongada sequ\u00eda, agravada por el cambio clim\u00e1tico, significan que hay mucha m\u00e1s demanda de agua de la que fluye a trav\u00e9s del r\u00edo","magazineBlocksPostCategories":["El Mundo"],"magazineBlocksPostViewCount":154,"magazineBlocksPostReadTime":4,"magazine_blocks_featured_image_url":{"full":["https:\/\/pornuestrolaredo.com\/wp-content\/uploads\/2025\/08\/PNL-20250820-1-scaled.jpg",2560,1440,false],"medium":["https:\/\/pornuestrolaredo.com\/wp-content\/uploads\/2025\/08\/PNL-20250820-1-300x169.jpg",300,169,true],"thumbnail":["https:\/\/pornuestrolaredo.com\/wp-content\/uploads\/2025\/08\/PNL-20250820-1-150x150.jpg",150,150,true]},"magazine_blocks_author":{"display_name":"Redactor","author_link":"https:\/\/pornuestrolaredo.com\/?author=1"},"magazine_blocks_comment":0,"magazine_blocks_author_image":"https:\/\/pornuestrolaredo.com\/wp-content\/litespeed\/avatar\/dca1d7ec750c399f025f23b0b314f4cf.jpg?ver=1777612120","magazine_blocks_category":"<a href=\"#\" class=\"category-link category-link-9\">El Mundo<\/a>","jetpack_publicize_connections":[],"featured_image_urls":{"full":["https:\/\/pornuestrolaredo.com\/wp-content\/uploads\/2025\/08\/PNL-20250820-1-scaled.jpg",2560,1440,false],"thumbnail":["https:\/\/pornuestrolaredo.com\/wp-content\/uploads\/2025\/08\/PNL-20250820-1-150x150.jpg",150,150,true],"medium":["https:\/\/pornuestrolaredo.com\/wp-content\/uploads\/2025\/08\/PNL-20250820-1-300x169.jpg",300,169,true],"medium_large":["https:\/\/pornuestrolaredo.com\/wp-content\/uploads\/2025\/08\/PNL-20250820-1-768x432.jpg",640,360,true],"large":["https:\/\/pornuestrolaredo.com\/wp-content\/uploads\/2025\/08\/PNL-20250820-1-1000x563.jpg",640,360,true],"1536x1536":["https:\/\/pornuestrolaredo.com\/wp-content\/uploads\/2025\/08\/PNL-20250820-1-1536x864.jpg",1536,864,true],"2048x2048":["https:\/\/pornuestrolaredo.com\/wp-content\/uploads\/2025\/08\/PNL-20250820-1-2048x1152.jpg",2048,1152,true],"morenews-large":["https:\/\/pornuestrolaredo.com\/wp-content\/uploads\/2025\/08\/PNL-20250820-1-scaled.jpg",825,464,false],"morenews-medium":["https:\/\/pornuestrolaredo.com\/wp-content\/uploads\/2025\/08\/PNL-20250820-1-scaled.jpg",590,332,false]},"author_info":{"info":["Redactor"]},"category_info":"<a href=\"https:\/\/pornuestrolaredo.com\/?cat=9\" rel=\"category\">El Mundo<\/a>","tag_info":"El Mundo","comment_count":"0","jetpack_featured_media_url":"https:\/\/pornuestrolaredo.com\/wp-content\/uploads\/2025\/08\/PNL-20250820-1-scaled.jpg","jetpack_sharing_enabled":true,"_links":{"self":[{"href":"https:\/\/pornuestrolaredo.com\/index.php?rest_route=\/wp\/v2\/posts\/7166","targetHints":{"allow":["GET"]}}],"collection":[{"href":"https:\/\/pornuestrolaredo.com\/index.php?rest_route=\/wp\/v2\/posts"}],"about":[{"href":"https:\/\/pornuestrolaredo.com\/index.php?rest_route=\/wp\/v2\/types\/post"}],"author":[{"embeddable":true,"href":"https:\/\/pornuestrolaredo.com\/index.php?rest_route=\/wp\/v2\/users\/1"}],"replies":[{"embeddable":true,"href":"https:\/\/pornuestrolaredo.com\/index.php?rest_route=%2Fwp%2Fv2%2Fcomments&post=7166"}],"version-history":[{"count":1,"href":"https:\/\/pornuestrolaredo.com\/index.php?rest_route=\/wp\/v2\/posts\/7166\/revisions"}],"predecessor-version":[{"id":7168,"href":"https:\/\/pornuestrolaredo.com\/index.php?rest_route=\/wp\/v2\/posts\/7166\/revisions\/7168"}],"wp:featuredmedia":[{"embeddable":true,"href":"https:\/\/pornuestrolaredo.com\/index.php?rest_route=\/wp\/v2\/media\/7167"}],"wp:attachment":[{"href":"https:\/\/pornuestrolaredo.com\/index.php?rest_route=%2Fwp%2Fv2%2Fmedia&parent=7166"}],"wp:term":[{"taxonomy":"category","embeddable":true,"href":"https:\/\/pornuestrolaredo.com\/index.php?rest_route=%2Fwp%2Fv2%2Fcategories&post=7166"},{"taxonomy":"post_tag","embeddable":true,"href":"https:\/\/pornuestrolaredo.com\/index.php?rest_route=%2Fwp%2Fv2%2Ftags&post=7166"}],"curies":[{"name":"wp","href":"https:\/\/api.w.org\/{rel}","templated":true}]}}