{"id":7184,"date":"2025-08-24T16:04:20","date_gmt":"2025-08-24T21:04:20","guid":{"rendered":"https:\/\/pornuestrolaredo.com\/?p=7184"},"modified":"2025-08-24T16:04:20","modified_gmt":"2025-08-24T21:04:20","slug":"lanza-israel-ataque-contra-capital-de-yemen","status":"publish","type":"post","link":"https:\/\/pornuestrolaredo.com\/?p=7184","title":{"rendered":"Lanza Israel ataque contra capital de Yemen"},"content":{"rendered":"<p><strong><em>EL CAIRO.-<\/em> <\/strong>Ataques a\u00e9reos israel\u00edes impactaron la capital de Yemen el domingo, d\u00edas despu\u00e9s que los rebeldes hut\u00edes dispararan un misil hacia Israel &#8211;cuyo ej\u00e9rcito describi\u00f3 como la primera bomba de racimo que los rebeldes han lanzado contra su pa\u00eds desde 2023.<\/p>\n<p>Los hut\u00edes, respaldados por Ir\u00e1n, se\u00f1alaron que los ataques impactaron en distintas \u00e1reas de San\u00e1. El Ministerio de Salud dirigido por los hut\u00edes se\u00f1al\u00f3 que al menos dos personas murieron y otras 35 resultaron heridas.<\/p>\n<p>La televisora satelital rebelde Al-Masirah report\u00f3 un ataque contra una compa\u00f1\u00eda petrolera, y un video difundido en las redes sociales mostr\u00f3 una bola de fuego saliendo de ese sitio.<\/p>\n<p>El ej\u00e9rcito de Israel indic\u00f3 que atac\u00f3 las plantas de energ\u00eda Asar e Hizaz, calific\u00e1ndolas como \u201cuna instalaci\u00f3n de suministro el\u00e9ctrico significativa para actividades militares\u201d, junto con un sitio militar donde se encuentra el palacio presidencial.<\/p>\n<p>Residentes de San\u00e1 dijeron a The Associated Press que escucharon fuertes explosiones cerca de una academia militar cerrada y el palacio presidencial. A\u00f1adieron que pod\u00edan ver columnas de humo cerca de la Plaza Sabeen, un lugar de reuni\u00f3n central en la capital.<\/p>\n<p>El ruido de las explosiones fue muy fuerte\u201d, resalt\u00f3 Hussein Mohamed, quien vive cerca del palacio presidencial.<\/p>\n<p>Ahmed al-Mekhlafy declar\u00f3 haber sentido la fuerza abrumadora de los ataques.<\/p>\n<blockquote><p>La casa se sacudi\u00f3 y las ventanas se rompieron\u201d, dijo a la AP por tel\u00e9fono.<\/p><\/blockquote>\n<p>Los hut\u00edes han lanzado misiles y drones hacia Israel y han atacado barcos en el Mar Rojo durante m\u00e1s de 22 meses, bajo el argumento de que est\u00e1n atacando en solidaridad con los palestinos en medio de la guerra en Gaza.<\/p>\n<p>Nasruddin Amer, subdirector de la oficina de medios hut\u00edes, afirm\u00f3 que los \u00faltimos ataques a\u00e9reos no disuadir\u00e1n a los rebeldes y prometi\u00f3 continuar la ofensiva contra Israel.<\/p>\n<blockquote><p>Nuestras operaciones militares en apoyo a Gaza no se detendr\u00e1n, si Dios quiere, a menos que se detenga la agresi\u00f3n y se levante el asedio\u201d, escribi\u00f3 en las redes sociales.<\/p><\/blockquote>\n","protected":false},"excerpt":{"rendered":"<p>Advierten que se trata de represalias por el lanzamiento de un misil de rebeldes hut\u00edes contra el estado jud\u00edo<\/p>\n","protected":false},"author":1,"featured_media":7185,"comment_status":"closed","ping_status":"closed","sticky":false,"template":"","format":"standard","meta":{"_crdt_document":"","_jetpack_memberships_contains_paid_content":false,"footnotes":"","jetpack_publicize_message":"","jetpack_publicize_feature_enabled":true,"jetpack_social_post_already_shared":true,"jetpack_social_options":{"image_generator_settings":{"template":"highway","default_image_id":0,"font":"","enabled":false},"version":2},"_wpas_customize_per_network":false},"categories":[9],"tags":[],"class_list":["post-7184","post","type-post","status-publish","format-standard","has-post-thumbnail","hentry","category-el-mundo"],"magazineBlocksPostFeaturedMedia":{"thumbnail":"https:\/\/pornuestrolaredo.com\/wp-content\/uploads\/2025\/08\/Stere91-20250824-1-150x150.jpg","medium":"https:\/\/pornuestrolaredo.com\/wp-content\/uploads\/2025\/08\/Stere91-20250824-1-300x200.jpg","medium_large":"https:\/\/pornuestrolaredo.com\/wp-content\/uploads\/2025\/08\/Stere91-20250824-1-768x512.jpg","large":"https:\/\/pornuestrolaredo.com\/wp-content\/uploads\/2025\/08\/Stere91-20250824-1-1000x667.jpg","1536x1536":"https:\/\/pornuestrolaredo.com\/wp-content\/uploads\/2025\/08\/Stere91-20250824-1.jpg","2048x2048":"https:\/\/pornuestrolaredo.com\/wp-content\/uploads\/2025\/08\/Stere91-20250824-1.jpg","morenews-large":"https:\/\/pornuestrolaredo.com\/wp-content\/uploads\/2025\/08\/Stere91-20250824-1.jpg","morenews-medium":"https:\/\/pornuestrolaredo.com\/wp-content\/uploads\/2025\/08\/Stere91-20250824-1.jpg"},"magazineBlocksPostAuthor":{"name":"Redactor","avatar":"https:\/\/pornuestrolaredo.com\/wp-content\/litespeed\/avatar\/dca1d7ec750c399f025f23b0b314f4cf.jpg?ver=1777612120"},"magazineBlocksPostCommentsNumber":false,"magazineBlocksPostExcerpt":"Advierten que se trata de represalias por el lanzamiento de un misil de rebeldes hut\u00edes contra el estado jud\u00edo","magazineBlocksPostCategories":["El Mundo"],"magazineBlocksPostViewCount":164,"magazineBlocksPostReadTime":2,"magazine_blocks_featured_image_url":{"full":["https:\/\/pornuestrolaredo.com\/wp-content\/uploads\/2025\/08\/Stere91-20250824-1.jpg",1440,960,false],"medium":["https:\/\/pornuestrolaredo.com\/wp-content\/uploads\/2025\/08\/Stere91-20250824-1-300x200.jpg",300,200,true],"thumbnail":["https:\/\/pornuestrolaredo.com\/wp-content\/uploads\/2025\/08\/Stere91-20250824-1-150x150.jpg",150,150,true]},"magazine_blocks_author":{"display_name":"Redactor","author_link":"https:\/\/pornuestrolaredo.com\/?author=1"},"magazine_blocks_comment":0,"magazine_blocks_author_image":"https:\/\/pornuestrolaredo.com\/wp-content\/litespeed\/avatar\/dca1d7ec750c399f025f23b0b314f4cf.jpg?ver=1777612120","magazine_blocks_category":"<a href=\"#\" class=\"category-link category-link-9\">El Mundo<\/a>","jetpack_publicize_connections":[],"featured_image_urls":{"full":["https:\/\/pornuestrolaredo.com\/wp-content\/uploads\/2025\/08\/Stere91-20250824-1.jpg",1440,960,false],"thumbnail":["https:\/\/pornuestrolaredo.com\/wp-content\/uploads\/2025\/08\/Stere91-20250824-1-150x150.jpg",150,150,true],"medium":["https:\/\/pornuestrolaredo.com\/wp-content\/uploads\/2025\/08\/Stere91-20250824-1-300x200.jpg",300,200,true],"medium_large":["https:\/\/pornuestrolaredo.com\/wp-content\/uploads\/2025\/08\/Stere91-20250824-1-768x512.jpg",640,427,true],"large":["https:\/\/pornuestrolaredo.com\/wp-content\/uploads\/2025\/08\/Stere91-20250824-1-1000x667.jpg",640,427,true],"1536x1536":["https:\/\/pornuestrolaredo.com\/wp-content\/uploads\/2025\/08\/Stere91-20250824-1.jpg",1440,960,false],"2048x2048":["https:\/\/pornuestrolaredo.com\/wp-content\/uploads\/2025\/08\/Stere91-20250824-1.jpg",1440,960,false],"morenews-large":["https:\/\/pornuestrolaredo.com\/wp-content\/uploads\/2025\/08\/Stere91-20250824-1.jpg",825,550,false],"morenews-medium":["https:\/\/pornuestrolaredo.com\/wp-content\/uploads\/2025\/08\/Stere91-20250824-1.jpg",590,393,false]},"author_info":{"info":["Redactor"]},"category_info":"<a href=\"https:\/\/pornuestrolaredo.com\/?cat=9\" rel=\"category\">El Mundo<\/a>","tag_info":"El Mundo","comment_count":"0","jetpack_featured_media_url":"https:\/\/pornuestrolaredo.com\/wp-content\/uploads\/2025\/08\/Stere91-20250824-1.jpg","jetpack_sharing_enabled":true,"_links":{"self":[{"href":"https:\/\/pornuestrolaredo.com\/index.php?rest_route=\/wp\/v2\/posts\/7184","targetHints":{"allow":["GET"]}}],"collection":[{"href":"https:\/\/pornuestrolaredo.com\/index.php?rest_route=\/wp\/v2\/posts"}],"about":[{"href":"https:\/\/pornuestrolaredo.com\/index.php?rest_route=\/wp\/v2\/types\/post"}],"author":[{"embeddable":true,"href":"https:\/\/pornuestrolaredo.com\/index.php?rest_route=\/wp\/v2\/users\/1"}],"replies":[{"embeddable":true,"href":"https:\/\/pornuestrolaredo.com\/index.php?rest_route=%2Fwp%2Fv2%2Fcomments&post=7184"}],"version-history":[{"count":1,"href":"https:\/\/pornuestrolaredo.com\/index.php?rest_route=\/wp\/v2\/posts\/7184\/revisions"}],"predecessor-version":[{"id":7186,"href":"https:\/\/pornuestrolaredo.com\/index.php?rest_route=\/wp\/v2\/posts\/7184\/revisions\/7186"}],"wp:featuredmedia":[{"embeddable":true,"href":"https:\/\/pornuestrolaredo.com\/index.php?rest_route=\/wp\/v2\/media\/7185"}],"wp:attachment":[{"href":"https:\/\/pornuestrolaredo.com\/index.php?rest_route=%2Fwp%2Fv2%2Fmedia&parent=7184"}],"wp:term":[{"taxonomy":"category","embeddable":true,"href":"https:\/\/pornuestrolaredo.com\/index.php?rest_route=%2Fwp%2Fv2%2Fcategories&post=7184"},{"taxonomy":"post_tag","embeddable":true,"href":"https:\/\/pornuestrolaredo.com\/index.php?rest_route=%2Fwp%2Fv2%2Ftags&post=7184"}],"curies":[{"name":"wp","href":"https:\/\/api.w.org\/{rel}","templated":true}]}}