{"id":7187,"date":"2025-08-24T16:10:16","date_gmt":"2025-08-24T21:10:16","guid":{"rendered":"https:\/\/pornuestrolaredo.com\/?p=7187"},"modified":"2025-08-24T16:10:16","modified_gmt":"2025-08-24T21:10:16","slug":"entregan-mas-de-mil-certificados-medicos-en-clinicas-une","status":"publish","type":"post","link":"https:\/\/pornuestrolaredo.com\/?p=7187","title":{"rendered":"Entregan m\u00e1s de mil certificados m\u00e9dicos en Cl\u00ednicas UNE"},"content":{"rendered":"<p><strong>NUEVO LAREDO.-<\/strong> Desde el pasado 1 de agosto, el Gobierno Municipal que encabeza Carmen Lilia Canturosas Villarreal puso en marcha la campa\u00f1a de expedici\u00f3n gratuita de certificados m\u00e9dicos en las 11 cl\u00ednicas de Farmacias UNE, con el prop\u00f3sito de respaldar la econom\u00eda de las familias neolaredenses en esta temporada de preparaci\u00f3n para el ciclo escolar 2025-2026.<\/p>\n<p>La respuesta de la ciudadan\u00eda ha sido contundente; en lo que va del mes ya se han tramitado m\u00e1s de mil certificados m\u00e9dicos, lo que representa un ahorro importante para las madres y padres de familia que buscan cumplir con este requisito escolar sin afectar su bolsillo.<\/p>\n<p>La alcaldesa reiter\u00f3 que este tipo de acciones se enmarcan dentro de la visi\u00f3n humanista de su gobierno, siempre enfocado en apoyar a quienes m\u00e1s lo necesitan y brindarles facilidades en momentos clave del a\u00f1o, como el regreso a clases.<\/p>\n<blockquote><p>Tenemos 11 cl\u00ednicas UNE que est\u00e1n trabajando en los certificados m\u00e9dicos para que se acerquen los padres de familia a tramitarlos. Para nosotros es un gusto apoyarlos con estas herramientas que hacen m\u00e1s ligero el regreso a clases\u201d, expres\u00f3 la presidenta municipal.<\/p><\/blockquote>\n<p>Con una semana de anticipaci\u00f3n al regreso a clases, la presidenta municipal hizo un llamado a la ciudadan\u00eda para que aproveche los \u00faltimos d\u00edas de la campa\u00f1a, acerc\u00e1ndose a la cl\u00ednica UNE m\u00e1s cercana y accediendo a este beneficio que representa ahorro, tranquilidad y respaldo en la preparaci\u00f3n de las y los estudiantes.<\/p>\n<p>El servicio estar\u00e1 disponible de lunes a viernes, en un horario de 8:00 de la ma\u00f1ana a 3:30 de la tarde en las cl\u00ednicas ubicadas en las colonias Valles del Para\u00edso, Campanario, Nueva Era, Los Toboganes, Santa Cecilia, Los Olivos II, El Progreso, Palmares, 1ero de Mayo, Valles de An\u00e1huac y La Joya.<\/p>\n<p>Destac\u00f3 que adem\u00e1s de esta campa\u00f1a, el Gobierno Municipal trabaja en el mantenimiento de escuelas p\u00fablicas, para que en este regreso a clases, los estudiantes encuentren planteles limpios y listos.<\/p>\n","protected":false},"excerpt":{"rendered":"<p>Llama alcaldesa, Carmen Lilia Canturosas, a aprovechar esta opci\u00f3n y de paso ahorrar dinero a la hora del regreso a clases<\/p>\n","protected":false},"author":1,"featured_media":7188,"comment_status":"closed","ping_status":"closed","sticky":false,"template":"","format":"standard","meta":{"_crdt_document":"","_jetpack_memberships_contains_paid_content":false,"footnotes":"","jetpack_publicize_message":"","jetpack_publicize_feature_enabled":true,"jetpack_social_post_already_shared":true,"jetpack_social_options":{"image_generator_settings":{"template":"highway","default_image_id":0,"font":"","enabled":false},"version":2},"_wpas_customize_per_network":false},"categories":[4],"tags":[],"class_list":["post-7187","post","type-post","status-publish","format-standard","has-post-thumbnail","hentry","category-los-dos-laredos"],"magazineBlocksPostFeaturedMedia":{"thumbnail":"https:\/\/pornuestrolaredo.com\/wp-content\/uploads\/2025\/08\/Stere91-20250824-2-150x150.jpg","medium":"https:\/\/pornuestrolaredo.com\/wp-content\/uploads\/2025\/08\/Stere91-20250824-2-300x200.jpg","medium_large":"https:\/\/pornuestrolaredo.com\/wp-content\/uploads\/2025\/08\/Stere91-20250824-2-768x512.jpg","large":"https:\/\/pornuestrolaredo.com\/wp-content\/uploads\/2025\/08\/Stere91-20250824-2-1000x667.jpg","1536x1536":"https:\/\/pornuestrolaredo.com\/wp-content\/uploads\/2025\/08\/Stere91-20250824-2-1536x1024.jpg","2048x2048":"https:\/\/pornuestrolaredo.com\/wp-content\/uploads\/2025\/08\/Stere91-20250824-2.jpg","morenews-large":"https:\/\/pornuestrolaredo.com\/wp-content\/uploads\/2025\/08\/Stere91-20250824-2.jpg","morenews-medium":"https:\/\/pornuestrolaredo.com\/wp-content\/uploads\/2025\/08\/Stere91-20250824-2.jpg"},"magazineBlocksPostAuthor":{"name":"Redactor","avatar":"https:\/\/pornuestrolaredo.com\/wp-content\/litespeed\/avatar\/dca1d7ec750c399f025f23b0b314f4cf.jpg?ver=1777612120"},"magazineBlocksPostCommentsNumber":false,"magazineBlocksPostExcerpt":"Llama alcaldesa, Carmen Lilia Canturosas, a aprovechar esta opci\u00f3n y de paso ahorrar dinero a la hora del regreso a clases","magazineBlocksPostCategories":["Los dos Laredos"],"magazineBlocksPostViewCount":160,"magazineBlocksPostReadTime":2,"magazine_blocks_featured_image_url":{"full":["https:\/\/pornuestrolaredo.com\/wp-content\/uploads\/2025\/08\/Stere91-20250824-2.jpg",1600,1067,false],"medium":["https:\/\/pornuestrolaredo.com\/wp-content\/uploads\/2025\/08\/Stere91-20250824-2-300x200.jpg",300,200,true],"thumbnail":["https:\/\/pornuestrolaredo.com\/wp-content\/uploads\/2025\/08\/Stere91-20250824-2-150x150.jpg",150,150,true]},"magazine_blocks_author":{"display_name":"Redactor","author_link":"https:\/\/pornuestrolaredo.com\/?author=1"},"magazine_blocks_comment":0,"magazine_blocks_author_image":"https:\/\/pornuestrolaredo.com\/wp-content\/litespeed\/avatar\/dca1d7ec750c399f025f23b0b314f4cf.jpg?ver=1777612120","magazine_blocks_category":"<a href=\"#\" class=\"category-link category-link-4\">Los dos Laredos<\/a>","jetpack_publicize_connections":[],"featured_image_urls":{"full":["https:\/\/pornuestrolaredo.com\/wp-content\/uploads\/2025\/08\/Stere91-20250824-2.jpg",1600,1067,false],"thumbnail":["https:\/\/pornuestrolaredo.com\/wp-content\/uploads\/2025\/08\/Stere91-20250824-2-150x150.jpg",150,150,true],"medium":["https:\/\/pornuestrolaredo.com\/wp-content\/uploads\/2025\/08\/Stere91-20250824-2-300x200.jpg",300,200,true],"medium_large":["https:\/\/pornuestrolaredo.com\/wp-content\/uploads\/2025\/08\/Stere91-20250824-2-768x512.jpg",640,427,true],"large":["https:\/\/pornuestrolaredo.com\/wp-content\/uploads\/2025\/08\/Stere91-20250824-2-1000x667.jpg",640,427,true],"1536x1536":["https:\/\/pornuestrolaredo.com\/wp-content\/uploads\/2025\/08\/Stere91-20250824-2-1536x1024.jpg",1536,1024,true],"2048x2048":["https:\/\/pornuestrolaredo.com\/wp-content\/uploads\/2025\/08\/Stere91-20250824-2.jpg",1600,1067,false],"morenews-large":["https:\/\/pornuestrolaredo.com\/wp-content\/uploads\/2025\/08\/Stere91-20250824-2.jpg",825,550,false],"morenews-medium":["https:\/\/pornuestrolaredo.com\/wp-content\/uploads\/2025\/08\/Stere91-20250824-2.jpg",590,393,false]},"author_info":{"info":["Redactor"]},"category_info":"<a href=\"https:\/\/pornuestrolaredo.com\/?cat=4\" rel=\"category\">Los dos Laredos<\/a>","tag_info":"Los dos Laredos","comment_count":"0","jetpack_featured_media_url":"https:\/\/pornuestrolaredo.com\/wp-content\/uploads\/2025\/08\/Stere91-20250824-2.jpg","jetpack_sharing_enabled":true,"_links":{"self":[{"href":"https:\/\/pornuestrolaredo.com\/index.php?rest_route=\/wp\/v2\/posts\/7187","targetHints":{"allow":["GET"]}}],"collection":[{"href":"https:\/\/pornuestrolaredo.com\/index.php?rest_route=\/wp\/v2\/posts"}],"about":[{"href":"https:\/\/pornuestrolaredo.com\/index.php?rest_route=\/wp\/v2\/types\/post"}],"author":[{"embeddable":true,"href":"https:\/\/pornuestrolaredo.com\/index.php?rest_route=\/wp\/v2\/users\/1"}],"replies":[{"embeddable":true,"href":"https:\/\/pornuestrolaredo.com\/index.php?rest_route=%2Fwp%2Fv2%2Fcomments&post=7187"}],"version-history":[{"count":1,"href":"https:\/\/pornuestrolaredo.com\/index.php?rest_route=\/wp\/v2\/posts\/7187\/revisions"}],"predecessor-version":[{"id":7189,"href":"https:\/\/pornuestrolaredo.com\/index.php?rest_route=\/wp\/v2\/posts\/7187\/revisions\/7189"}],"wp:featuredmedia":[{"embeddable":true,"href":"https:\/\/pornuestrolaredo.com\/index.php?rest_route=\/wp\/v2\/media\/7188"}],"wp:attachment":[{"href":"https:\/\/pornuestrolaredo.com\/index.php?rest_route=%2Fwp%2Fv2%2Fmedia&parent=7187"}],"wp:term":[{"taxonomy":"category","embeddable":true,"href":"https:\/\/pornuestrolaredo.com\/index.php?rest_route=%2Fwp%2Fv2%2Fcategories&post=7187"},{"taxonomy":"post_tag","embeddable":true,"href":"https:\/\/pornuestrolaredo.com\/index.php?rest_route=%2Fwp%2Fv2%2Ftags&post=7187"}],"curies":[{"name":"wp","href":"https:\/\/api.w.org\/{rel}","templated":true}]}}