{"id":7200,"date":"2025-08-27T13:49:46","date_gmt":"2025-08-27T18:49:46","guid":{"rendered":"https:\/\/pornuestrolaredo.com\/?p=7200"},"modified":"2025-08-27T13:49:46","modified_gmt":"2025-08-27T18:49:46","slug":"ofreceran-descuentos-y-convenios-en-servicios-municipales","status":"publish","type":"post","link":"https:\/\/pornuestrolaredo.com\/?p=7200","title":{"rendered":"Ofrecer\u00e1n descuentos y convenios en servicios municipales"},"content":{"rendered":"<p><strong>NUEVO LAREDO.-<\/strong>  Este viernes 29 de agosto, el Gobierno Municipal de Nuevo Laredo llevar\u00e1 a cabo una nueva edici\u00f3n del programa Presidencia Cerquita de Ti, acercando a las familias de la colonia Francisco Villa la oportunidad de obtener convenios y descuentos en el pago de servicios municipales, as\u00ed como otros tr\u00e1mites de manera directa y sencilla.<\/p>\n<p>La jornada se realizar\u00e1 de 9:00 de la ma\u00f1ana a 2:00 de la tarde, en el parque ubicado en calle Iglesias Calder\u00f3n, entre Doroteo Arango y Huasteco, donde se instalar\u00e1n m\u00f3dulos de atenci\u00f3n ciudadana para apoyar a los vecinos en la regularizaci\u00f3n de pagos, asesor\u00eda legal, reportes y denuncias.<\/p>\n<p>Entre los beneficios m\u00e1s destacados se encuentran convenios de pago y descuentos en servicios municipales, asesor\u00eda y tr\u00e1mites en ventanilla \u00fanica, audiencia ciudadana con dependencias municipales, servicios del DIF como credenciales para personas con discapacidad, trabajo social y \u00e1rea jur\u00eddica<\/p>\n<p>Adem\u00e1s, se ofrecer\u00e1n de manera gratuita Consultas m\u00e9dicas generales y especializadas a trav\u00e9s de las Brigadas de Salud, as\u00ed como cortes de cabello; registro y entrega de apoyo alimentario, informaci\u00f3n sobre talleres culturales, actividades deportivas y programas sociales<\/p>\n<p>Con este esfuerzo, el Gobierno Municipal reafirma su compromiso de facilitar el acceso a tr\u00e1mites y servicios para las familias de Nuevo Laredo, apoyando su econom\u00eda y bienestar con acciones que realmente marcan la diferencia en cada colonia.<\/p>\n","protected":false},"excerpt":{"rendered":"<p>La ciudadan\u00eda puede acceder a estos y otros servicios en el evento de este viernes, Presidencia Cerquita de Ti, en la colonia Francisco Villa<\/p>\n","protected":false},"author":1,"featured_media":7201,"comment_status":"closed","ping_status":"closed","sticky":false,"template":"","format":"standard","meta":{"_crdt_document":"","_jetpack_memberships_contains_paid_content":false,"footnotes":"","jetpack_publicize_message":"","jetpack_publicize_feature_enabled":true,"jetpack_social_post_already_shared":true,"jetpack_social_options":{"image_generator_settings":{"template":"highway","default_image_id":0,"font":"","enabled":false},"version":2},"_wpas_customize_per_network":false},"categories":[4],"tags":[],"class_list":["post-7200","post","type-post","status-publish","format-standard","has-post-thumbnail","hentry","category-los-dos-laredos"],"magazineBlocksPostFeaturedMedia":{"thumbnail":"https:\/\/pornuestrolaredo.com\/wp-content\/uploads\/2025\/08\/Stereo91-20250827-2-150x150.jpg","medium":"https:\/\/pornuestrolaredo.com\/wp-content\/uploads\/2025\/08\/Stereo91-20250827-2-300x200.jpg","medium_large":"https:\/\/pornuestrolaredo.com\/wp-content\/uploads\/2025\/08\/Stereo91-20250827-2-768x513.jpg","large":"https:\/\/pornuestrolaredo.com\/wp-content\/uploads\/2025\/08\/Stereo91-20250827-2-1000x668.jpg","1536x1536":"https:\/\/pornuestrolaredo.com\/wp-content\/uploads\/2025\/08\/Stereo91-20250827-2-1536x1026.jpg","2048x2048":"https:\/\/pornuestrolaredo.com\/wp-content\/uploads\/2025\/08\/Stereo91-20250827-2-2048x1368.jpg","morenews-large":"https:\/\/pornuestrolaredo.com\/wp-content\/uploads\/2025\/08\/Stereo91-20250827-2-scaled.jpg","morenews-medium":"https:\/\/pornuestrolaredo.com\/wp-content\/uploads\/2025\/08\/Stereo91-20250827-2-scaled.jpg"},"magazineBlocksPostAuthor":{"name":"Redactor","avatar":"https:\/\/pornuestrolaredo.com\/wp-content\/litespeed\/avatar\/dca1d7ec750c399f025f23b0b314f4cf.jpg?ver=1777612120"},"magazineBlocksPostCommentsNumber":false,"magazineBlocksPostExcerpt":"La ciudadan\u00eda puede acceder a estos y otros servicios en el evento de este viernes, Presidencia Cerquita de Ti, en la colonia Francisco Villa","magazineBlocksPostCategories":["Los dos Laredos"],"magazineBlocksPostViewCount":144,"magazineBlocksPostReadTime":2,"magazine_blocks_featured_image_url":{"full":["https:\/\/pornuestrolaredo.com\/wp-content\/uploads\/2025\/08\/Stereo91-20250827-2-scaled.jpg",2560,1710,false],"medium":["https:\/\/pornuestrolaredo.com\/wp-content\/uploads\/2025\/08\/Stereo91-20250827-2-300x200.jpg",300,200,true],"thumbnail":["https:\/\/pornuestrolaredo.com\/wp-content\/uploads\/2025\/08\/Stereo91-20250827-2-150x150.jpg",150,150,true]},"magazine_blocks_author":{"display_name":"Redactor","author_link":"https:\/\/pornuestrolaredo.com\/?author=1"},"magazine_blocks_comment":0,"magazine_blocks_author_image":"https:\/\/pornuestrolaredo.com\/wp-content\/litespeed\/avatar\/dca1d7ec750c399f025f23b0b314f4cf.jpg?ver=1777612120","magazine_blocks_category":"<a href=\"#\" class=\"category-link category-link-4\">Los dos Laredos<\/a>","jetpack_publicize_connections":[],"featured_image_urls":{"full":["https:\/\/pornuestrolaredo.com\/wp-content\/uploads\/2025\/08\/Stereo91-20250827-2-scaled.jpg",2560,1710,false],"thumbnail":["https:\/\/pornuestrolaredo.com\/wp-content\/uploads\/2025\/08\/Stereo91-20250827-2-150x150.jpg",150,150,true],"medium":["https:\/\/pornuestrolaredo.com\/wp-content\/uploads\/2025\/08\/Stereo91-20250827-2-300x200.jpg",300,200,true],"medium_large":["https:\/\/pornuestrolaredo.com\/wp-content\/uploads\/2025\/08\/Stereo91-20250827-2-768x513.jpg",640,428,true],"large":["https:\/\/pornuestrolaredo.com\/wp-content\/uploads\/2025\/08\/Stereo91-20250827-2-1000x668.jpg",640,428,true],"1536x1536":["https:\/\/pornuestrolaredo.com\/wp-content\/uploads\/2025\/08\/Stereo91-20250827-2-1536x1026.jpg",1536,1026,true],"2048x2048":["https:\/\/pornuestrolaredo.com\/wp-content\/uploads\/2025\/08\/Stereo91-20250827-2-2048x1368.jpg",2048,1368,true],"morenews-large":["https:\/\/pornuestrolaredo.com\/wp-content\/uploads\/2025\/08\/Stereo91-20250827-2-scaled.jpg",825,551,false],"morenews-medium":["https:\/\/pornuestrolaredo.com\/wp-content\/uploads\/2025\/08\/Stereo91-20250827-2-scaled.jpg",590,394,false]},"author_info":{"info":["Redactor"]},"category_info":"<a href=\"https:\/\/pornuestrolaredo.com\/?cat=4\" rel=\"category\">Los dos Laredos<\/a>","tag_info":"Los dos Laredos","comment_count":"0","jetpack_featured_media_url":"https:\/\/pornuestrolaredo.com\/wp-content\/uploads\/2025\/08\/Stereo91-20250827-2-scaled.jpg","jetpack_sharing_enabled":true,"_links":{"self":[{"href":"https:\/\/pornuestrolaredo.com\/index.php?rest_route=\/wp\/v2\/posts\/7200","targetHints":{"allow":["GET"]}}],"collection":[{"href":"https:\/\/pornuestrolaredo.com\/index.php?rest_route=\/wp\/v2\/posts"}],"about":[{"href":"https:\/\/pornuestrolaredo.com\/index.php?rest_route=\/wp\/v2\/types\/post"}],"author":[{"embeddable":true,"href":"https:\/\/pornuestrolaredo.com\/index.php?rest_route=\/wp\/v2\/users\/1"}],"replies":[{"embeddable":true,"href":"https:\/\/pornuestrolaredo.com\/index.php?rest_route=%2Fwp%2Fv2%2Fcomments&post=7200"}],"version-history":[{"count":1,"href":"https:\/\/pornuestrolaredo.com\/index.php?rest_route=\/wp\/v2\/posts\/7200\/revisions"}],"predecessor-version":[{"id":7202,"href":"https:\/\/pornuestrolaredo.com\/index.php?rest_route=\/wp\/v2\/posts\/7200\/revisions\/7202"}],"wp:featuredmedia":[{"embeddable":true,"href":"https:\/\/pornuestrolaredo.com\/index.php?rest_route=\/wp\/v2\/media\/7201"}],"wp:attachment":[{"href":"https:\/\/pornuestrolaredo.com\/index.php?rest_route=%2Fwp%2Fv2%2Fmedia&parent=7200"}],"wp:term":[{"taxonomy":"category","embeddable":true,"href":"https:\/\/pornuestrolaredo.com\/index.php?rest_route=%2Fwp%2Fv2%2Fcategories&post=7200"},{"taxonomy":"post_tag","embeddable":true,"href":"https:\/\/pornuestrolaredo.com\/index.php?rest_route=%2Fwp%2Fv2%2Ftags&post=7200"}],"curies":[{"name":"wp","href":"https:\/\/api.w.org\/{rel}","templated":true}]}}