{"id":7206,"date":"2025-08-27T14:04:50","date_gmt":"2025-08-27T19:04:50","guid":{"rendered":"https:\/\/pornuestrolaredo.com\/?p=7206"},"modified":"2025-08-27T14:04:50","modified_gmt":"2025-08-27T19:04:50","slug":"acercan-platicas-de-salud-mental-a-plazas-publicas","status":"publish","type":"post","link":"https:\/\/pornuestrolaredo.com\/?p=7206","title":{"rendered":"Acercan pl\u00e1ticas de salud mental a plazas p\u00fablicas"},"content":{"rendered":"<p><strong><em>NUEVO LAREDO.-<\/em><\/strong> Con el objetivo de llegar a m\u00e1s personas y fomentar la conciencia sobre la importancia de la salud mental, el Instituto Municipal de Prevenci\u00f3n de Adicciones, Conductas y Tendencias Antisociales (IMPACTA) llev\u00f3 a cabo la jornada \u201cA platicar a la plaza\u201d en uno de los espacios p\u00fablicos m\u00e1s concurridos de Nuevo Laredo; la Plaza Hidalgo.<\/p>\n<p>Durante esta actividad, los ciudadanos tuvieron acceso a orientaci\u00f3n psicol\u00f3gica gratuita en el momento, adem\u00e1s de recibir informaci\u00f3n sobre temas de gran relevancia como la ansiedad, depresi\u00f3n, bullying, adicciones, salud mental y prevenci\u00f3n de conductas suicidas.<\/p>\n<p>La din\u00e1mica permiti\u00f3 que las familias y transe\u00fantes que disfrutaban de la plaza pudieran acercarse de manera directa y sencilla a los especialistas de IMPACTA, quienes ofrecieron pl\u00e1ticas y material informativo para reforzar la cultura de la prevenci\u00f3n.<\/p>\n<p>Con estas acciones, el Gobierno Municipal reafirma su compromiso de acercar los programas de prevenci\u00f3n y apoyo emocional a todos los sectores de la poblaci\u00f3n, llevando la atenci\u00f3n m\u00e1s all\u00e1 de las oficinas y llegando directamente a la comunidad.<\/p>\n","protected":false},"excerpt":{"rendered":"<p>Cualquier persona se puede acercar a promotores del programa \u201cA platicar a la plaza\u201d de IMPACTA<\/p>\n","protected":false},"author":1,"featured_media":7207,"comment_status":"closed","ping_status":"closed","sticky":false,"template":"","format":"standard","meta":{"_crdt_document":"","_jetpack_memberships_contains_paid_content":false,"footnotes":"","jetpack_publicize_message":"","jetpack_publicize_feature_enabled":true,"jetpack_social_post_already_shared":true,"jetpack_social_options":{"image_generator_settings":{"template":"highway","default_image_id":0,"font":"","enabled":false},"version":2},"_wpas_customize_per_network":false},"categories":[4],"tags":[],"class_list":["post-7206","post","type-post","status-publish","format-standard","has-post-thumbnail","hentry","category-los-dos-laredos"],"magazineBlocksPostFeaturedMedia":{"thumbnail":"https:\/\/pornuestrolaredo.com\/wp-content\/uploads\/2025\/08\/Stereo91-20250827-3-150x150.jpg","medium":"https:\/\/pornuestrolaredo.com\/wp-content\/uploads\/2025\/08\/Stereo91-20250827-3-300x200.jpg","medium_large":"https:\/\/pornuestrolaredo.com\/wp-content\/uploads\/2025\/08\/Stereo91-20250827-3-768x512.jpg","large":"https:\/\/pornuestrolaredo.com\/wp-content\/uploads\/2025\/08\/Stereo91-20250827-3-1000x666.jpg","1536x1536":"https:\/\/pornuestrolaredo.com\/wp-content\/uploads\/2025\/08\/Stereo91-20250827-3-1536x1023.jpg","2048x2048":"https:\/\/pornuestrolaredo.com\/wp-content\/uploads\/2025\/08\/Stereo91-20250827-3.jpg","morenews-large":"https:\/\/pornuestrolaredo.com\/wp-content\/uploads\/2025\/08\/Stereo91-20250827-3.jpg","morenews-medium":"https:\/\/pornuestrolaredo.com\/wp-content\/uploads\/2025\/08\/Stereo91-20250827-3.jpg"},"magazineBlocksPostAuthor":{"name":"Redactor","avatar":"https:\/\/pornuestrolaredo.com\/wp-content\/litespeed\/avatar\/dca1d7ec750c399f025f23b0b314f4cf.jpg?ver=1777612120"},"magazineBlocksPostCommentsNumber":false,"magazineBlocksPostExcerpt":"Cualquier persona se puede acercar a promotores del programa \u201cA platicar a la plaza\u201d de IMPACTA","magazineBlocksPostCategories":["Los dos Laredos"],"magazineBlocksPostViewCount":150,"magazineBlocksPostReadTime":1,"magazine_blocks_featured_image_url":{"full":["https:\/\/pornuestrolaredo.com\/wp-content\/uploads\/2025\/08\/Stereo91-20250827-3.jpg",1600,1066,false],"medium":["https:\/\/pornuestrolaredo.com\/wp-content\/uploads\/2025\/08\/Stereo91-20250827-3-300x200.jpg",300,200,true],"thumbnail":["https:\/\/pornuestrolaredo.com\/wp-content\/uploads\/2025\/08\/Stereo91-20250827-3-150x150.jpg",150,150,true]},"magazine_blocks_author":{"display_name":"Redactor","author_link":"https:\/\/pornuestrolaredo.com\/?author=1"},"magazine_blocks_comment":0,"magazine_blocks_author_image":"https:\/\/pornuestrolaredo.com\/wp-content\/litespeed\/avatar\/dca1d7ec750c399f025f23b0b314f4cf.jpg?ver=1777612120","magazine_blocks_category":"<a href=\"#\" class=\"category-link category-link-4\">Los dos Laredos<\/a>","jetpack_publicize_connections":[],"featured_image_urls":{"full":["https:\/\/pornuestrolaredo.com\/wp-content\/uploads\/2025\/08\/Stereo91-20250827-3.jpg",1600,1066,false],"thumbnail":["https:\/\/pornuestrolaredo.com\/wp-content\/uploads\/2025\/08\/Stereo91-20250827-3-150x150.jpg",150,150,true],"medium":["https:\/\/pornuestrolaredo.com\/wp-content\/uploads\/2025\/08\/Stereo91-20250827-3-300x200.jpg",300,200,true],"medium_large":["https:\/\/pornuestrolaredo.com\/wp-content\/uploads\/2025\/08\/Stereo91-20250827-3-768x512.jpg",640,427,true],"large":["https:\/\/pornuestrolaredo.com\/wp-content\/uploads\/2025\/08\/Stereo91-20250827-3-1000x666.jpg",640,426,true],"1536x1536":["https:\/\/pornuestrolaredo.com\/wp-content\/uploads\/2025\/08\/Stereo91-20250827-3-1536x1023.jpg",1536,1023,true],"2048x2048":["https:\/\/pornuestrolaredo.com\/wp-content\/uploads\/2025\/08\/Stereo91-20250827-3.jpg",1600,1066,false],"morenews-large":["https:\/\/pornuestrolaredo.com\/wp-content\/uploads\/2025\/08\/Stereo91-20250827-3.jpg",825,550,false],"morenews-medium":["https:\/\/pornuestrolaredo.com\/wp-content\/uploads\/2025\/08\/Stereo91-20250827-3.jpg",590,393,false]},"author_info":{"info":["Redactor"]},"category_info":"<a href=\"https:\/\/pornuestrolaredo.com\/?cat=4\" rel=\"category\">Los dos Laredos<\/a>","tag_info":"Los dos Laredos","comment_count":"0","jetpack_featured_media_url":"https:\/\/pornuestrolaredo.com\/wp-content\/uploads\/2025\/08\/Stereo91-20250827-3.jpg","jetpack_sharing_enabled":true,"_links":{"self":[{"href":"https:\/\/pornuestrolaredo.com\/index.php?rest_route=\/wp\/v2\/posts\/7206","targetHints":{"allow":["GET"]}}],"collection":[{"href":"https:\/\/pornuestrolaredo.com\/index.php?rest_route=\/wp\/v2\/posts"}],"about":[{"href":"https:\/\/pornuestrolaredo.com\/index.php?rest_route=\/wp\/v2\/types\/post"}],"author":[{"embeddable":true,"href":"https:\/\/pornuestrolaredo.com\/index.php?rest_route=\/wp\/v2\/users\/1"}],"replies":[{"embeddable":true,"href":"https:\/\/pornuestrolaredo.com\/index.php?rest_route=%2Fwp%2Fv2%2Fcomments&post=7206"}],"version-history":[{"count":1,"href":"https:\/\/pornuestrolaredo.com\/index.php?rest_route=\/wp\/v2\/posts\/7206\/revisions"}],"predecessor-version":[{"id":7208,"href":"https:\/\/pornuestrolaredo.com\/index.php?rest_route=\/wp\/v2\/posts\/7206\/revisions\/7208"}],"wp:featuredmedia":[{"embeddable":true,"href":"https:\/\/pornuestrolaredo.com\/index.php?rest_route=\/wp\/v2\/media\/7207"}],"wp:attachment":[{"href":"https:\/\/pornuestrolaredo.com\/index.php?rest_route=%2Fwp%2Fv2%2Fmedia&parent=7206"}],"wp:term":[{"taxonomy":"category","embeddable":true,"href":"https:\/\/pornuestrolaredo.com\/index.php?rest_route=%2Fwp%2Fv2%2Fcategories&post=7206"},{"taxonomy":"post_tag","embeddable":true,"href":"https:\/\/pornuestrolaredo.com\/index.php?rest_route=%2Fwp%2Fv2%2Ftags&post=7206"}],"curies":[{"name":"wp","href":"https:\/\/api.w.org\/{rel}","templated":true}]}}