{"id":7212,"date":"2025-08-28T13:41:14","date_gmt":"2025-08-28T18:41:14","guid":{"rendered":"https:\/\/pornuestrolaredo.com\/?p=7212"},"modified":"2025-08-28T13:41:14","modified_gmt":"2025-08-28T18:41:14","slug":"dinero-de-autos-chocolate-va-para-repavimentar-calles","status":"publish","type":"post","link":"https:\/\/pornuestrolaredo.com\/?p=7212","title":{"rendered":"Dinero de autos \u2018chocolate\u2019 va para repavimentar calles"},"content":{"rendered":"<p><strong>NUEVO LAREDO.- <\/strong>Con el compromiso de seguir transformando la infraestructura urbana y mejorar la calidad de vida de las familias neolaredenses, la presidenta municipal Carmen Lilia Canturosas Villarreal y el Cabildo aprobaron la aplicaci\u00f3n de recursos provenientes del programa de regularizaci\u00f3n de veh\u00edculos extranjeros para financiar nuevas obras de pavimentaci\u00f3n en la colonia Campestre.<\/p>\n<p>El paquete aprobado contempla una inversi\u00f3n total de 3 millones 491 mil 505 pesos, provenientes de lo recaudado por la nacionalizaci\u00f3n de autos \u201cchocolate\u201d a trav\u00e9s del Repuve, de enero a marzo de este a\u00f1o.<\/p>\n<p>Dichas obras son las siguientes; pavimentaci\u00f3n de la Privada 6 de Noviembre, entre las calles Pedro J. M\u00e9ndez y R\u00edo P\u00e1nuco, con una inversi\u00f3n de 383 mil 697.60 pesos y la pavimentaci\u00f3n de la calle 15 de Septiembre, entre calle Reynosa, Luis Echeverr\u00eda y calle Reforma, con una superficie superior a 6 mil metros cuadrados y una inversi\u00f3n de 3 millones 107 mil 807.40 pesos.<\/p>\n<p>La alcaldesa destac\u00f3 que estos trabajos son posibles gracias a la confianza de la ciudadan\u00eda que ha participado en el proceso de regularizaci\u00f3n.<\/p>\n<blockquote><p>Cada peso que ingresa por la nacionalizaci\u00f3n de veh\u00edculos se queda en Nuevo Laredo y se traduce en obras que mejoran directamente nuestras colonias. Hoy, la colonia Campestre ser\u00e1 beneficiada con calles dignas y seguras\u201d, expres\u00f3 Canturosas Villarreal.<\/p><\/blockquote>\n<p>En esta frontera se han legalizado m\u00e1s de 65 mil veh\u00edculos, lo que ha reflejado un considerable apoyo econ\u00f3mico a la ciudad por parte del Gobierno Federal, el cual se ha invertido en obras de infraestructura social y urbana. <\/p>\n<p>En estos momentos, la plataforma es actualizada por parte de la federaci\u00f3n por tal motivo, el programa de regularizaci\u00f3n se encuentra en pausa, de todas formas contin\u00faa vigente el registro por medio de la p\u00e1gina https:\/\/regularizaauto.sspc.gob.mx.<\/p>\n","protected":false},"excerpt":{"rendered":"<p>Aprueba Cabildo de Nuevo Laredo mejorar dos calles en la colonia Campestre<\/p>\n","protected":false},"author":1,"featured_media":7213,"comment_status":"closed","ping_status":"closed","sticky":false,"template":"","format":"standard","meta":{"_crdt_document":"","_jetpack_memberships_contains_paid_content":false,"footnotes":"","jetpack_publicize_message":"","jetpack_publicize_feature_enabled":true,"jetpack_social_post_already_shared":true,"jetpack_social_options":{"image_generator_settings":{"template":"highway","default_image_id":0,"font":"","enabled":false},"version":2},"_wpas_customize_per_network":false},"categories":[4],"tags":[],"class_list":["post-7212","post","type-post","status-publish","format-standard","has-post-thumbnail","hentry","category-los-dos-laredos"],"magazineBlocksPostFeaturedMedia":{"thumbnail":"https:\/\/pornuestrolaredo.com\/wp-content\/uploads\/2025\/08\/Stereo91-20250828-3-150x150.jpg","medium":"https:\/\/pornuestrolaredo.com\/wp-content\/uploads\/2025\/08\/Stereo91-20250828-3-300x200.jpg","medium_large":"https:\/\/pornuestrolaredo.com\/wp-content\/uploads\/2025\/08\/Stereo91-20250828-3-768x513.jpg","large":"https:\/\/pornuestrolaredo.com\/wp-content\/uploads\/2025\/08\/Stereo91-20250828-3-1000x668.jpg","1536x1536":"https:\/\/pornuestrolaredo.com\/wp-content\/uploads\/2025\/08\/Stereo91-20250828-3.jpg","2048x2048":"https:\/\/pornuestrolaredo.com\/wp-content\/uploads\/2025\/08\/Stereo91-20250828-3.jpg","morenews-large":"https:\/\/pornuestrolaredo.com\/wp-content\/uploads\/2025\/08\/Stereo91-20250828-3.jpg","morenews-medium":"https:\/\/pornuestrolaredo.com\/wp-content\/uploads\/2025\/08\/Stereo91-20250828-3.jpg"},"magazineBlocksPostAuthor":{"name":"Redactor","avatar":"https:\/\/pornuestrolaredo.com\/wp-content\/litespeed\/avatar\/dca1d7ec750c399f025f23b0b314f4cf.jpg?ver=1777612120"},"magazineBlocksPostCommentsNumber":false,"magazineBlocksPostExcerpt":"Aprueba Cabildo de Nuevo Laredo mejorar dos calles en la colonia Campestre","magazineBlocksPostCategories":["Los dos Laredos"],"magazineBlocksPostViewCount":130,"magazineBlocksPostReadTime":2,"magazine_blocks_featured_image_url":{"full":["https:\/\/pornuestrolaredo.com\/wp-content\/uploads\/2025\/08\/Stereo91-20250828-3.jpg",1361,909,false],"medium":["https:\/\/pornuestrolaredo.com\/wp-content\/uploads\/2025\/08\/Stereo91-20250828-3-300x200.jpg",300,200,true],"thumbnail":["https:\/\/pornuestrolaredo.com\/wp-content\/uploads\/2025\/08\/Stereo91-20250828-3-150x150.jpg",150,150,true]},"magazine_blocks_author":{"display_name":"Redactor","author_link":"https:\/\/pornuestrolaredo.com\/?author=1"},"magazine_blocks_comment":0,"magazine_blocks_author_image":"https:\/\/pornuestrolaredo.com\/wp-content\/litespeed\/avatar\/dca1d7ec750c399f025f23b0b314f4cf.jpg?ver=1777612120","magazine_blocks_category":"<a href=\"#\" class=\"category-link category-link-4\">Los dos Laredos<\/a>","jetpack_publicize_connections":[],"featured_image_urls":{"full":["https:\/\/pornuestrolaredo.com\/wp-content\/uploads\/2025\/08\/Stereo91-20250828-3.jpg",1361,909,false],"thumbnail":["https:\/\/pornuestrolaredo.com\/wp-content\/uploads\/2025\/08\/Stereo91-20250828-3-150x150.jpg",150,150,true],"medium":["https:\/\/pornuestrolaredo.com\/wp-content\/uploads\/2025\/08\/Stereo91-20250828-3-300x200.jpg",300,200,true],"medium_large":["https:\/\/pornuestrolaredo.com\/wp-content\/uploads\/2025\/08\/Stereo91-20250828-3-768x513.jpg",640,428,true],"large":["https:\/\/pornuestrolaredo.com\/wp-content\/uploads\/2025\/08\/Stereo91-20250828-3-1000x668.jpg",640,428,true],"1536x1536":["https:\/\/pornuestrolaredo.com\/wp-content\/uploads\/2025\/08\/Stereo91-20250828-3.jpg",1361,909,false],"2048x2048":["https:\/\/pornuestrolaredo.com\/wp-content\/uploads\/2025\/08\/Stereo91-20250828-3.jpg",1361,909,false],"morenews-large":["https:\/\/pornuestrolaredo.com\/wp-content\/uploads\/2025\/08\/Stereo91-20250828-3.jpg",825,551,false],"morenews-medium":["https:\/\/pornuestrolaredo.com\/wp-content\/uploads\/2025\/08\/Stereo91-20250828-3.jpg",590,394,false]},"author_info":{"info":["Redactor"]},"category_info":"<a href=\"https:\/\/pornuestrolaredo.com\/?cat=4\" rel=\"category\">Los dos Laredos<\/a>","tag_info":"Los dos Laredos","comment_count":"0","jetpack_featured_media_url":"https:\/\/pornuestrolaredo.com\/wp-content\/uploads\/2025\/08\/Stereo91-20250828-3.jpg","jetpack_sharing_enabled":true,"_links":{"self":[{"href":"https:\/\/pornuestrolaredo.com\/index.php?rest_route=\/wp\/v2\/posts\/7212","targetHints":{"allow":["GET"]}}],"collection":[{"href":"https:\/\/pornuestrolaredo.com\/index.php?rest_route=\/wp\/v2\/posts"}],"about":[{"href":"https:\/\/pornuestrolaredo.com\/index.php?rest_route=\/wp\/v2\/types\/post"}],"author":[{"embeddable":true,"href":"https:\/\/pornuestrolaredo.com\/index.php?rest_route=\/wp\/v2\/users\/1"}],"replies":[{"embeddable":true,"href":"https:\/\/pornuestrolaredo.com\/index.php?rest_route=%2Fwp%2Fv2%2Fcomments&post=7212"}],"version-history":[{"count":1,"href":"https:\/\/pornuestrolaredo.com\/index.php?rest_route=\/wp\/v2\/posts\/7212\/revisions"}],"predecessor-version":[{"id":7214,"href":"https:\/\/pornuestrolaredo.com\/index.php?rest_route=\/wp\/v2\/posts\/7212\/revisions\/7214"}],"wp:featuredmedia":[{"embeddable":true,"href":"https:\/\/pornuestrolaredo.com\/index.php?rest_route=\/wp\/v2\/media\/7213"}],"wp:attachment":[{"href":"https:\/\/pornuestrolaredo.com\/index.php?rest_route=%2Fwp%2Fv2%2Fmedia&parent=7212"}],"wp:term":[{"taxonomy":"category","embeddable":true,"href":"https:\/\/pornuestrolaredo.com\/index.php?rest_route=%2Fwp%2Fv2%2Fcategories&post=7212"},{"taxonomy":"post_tag","embeddable":true,"href":"https:\/\/pornuestrolaredo.com\/index.php?rest_route=%2Fwp%2Fv2%2Ftags&post=7212"}],"curies":[{"name":"wp","href":"https:\/\/api.w.org\/{rel}","templated":true}]}}