{"id":725,"date":"2022-10-24T22:42:40","date_gmt":"2022-10-24T22:42:40","guid":{"rendered":"https:\/\/pornuestrolaredo.com\/?p=725"},"modified":"2022-10-24T22:42:42","modified_gmt":"2022-10-24T22:42:42","slug":"tiroteo-en-escuela-deja-tres-fallecidos","status":"publish","type":"post","link":"https:\/\/pornuestrolaredo.com\/?p=725","title":{"rendered":"Tiroteo en escuela deja tres fallecidos"},"content":{"rendered":"\n<p class=\"wp-block-paragraph\"><strong><em>SAN LUIS.- <\/em><\/strong>Un hombre armado irrumpi\u00f3 en una escuela secundaria de San Luis el lunes por la ma\u00f1ana, causando la muerte de una mujer y una adolescente y heridas a seis personas m\u00e1s, y posteriormente falleci\u00f3 tras ser abatido por la polic\u00eda en un enfrentamiento a tiros.<\/p>\n\n\n\n<p class=\"wp-block-paragraph\">El tiroteo registrado despu\u00e9s de las 9 de la ma\u00f1ana en la escuela secundaria de Artes Visuales y Esc\u00e9nicas oblig\u00f3 a los estudiantes a hacer barricadas en las puertas y a amontonarse en los rincones de las aulas, a saltar por las ventanas y a salir corriendo del edificio en busca de seguridad. Una chica aterrorizada dijo que estuvo cara a cara con el tirador antes de que su arma se atascara y pudiera salir corriendo.<\/p>\n\n\n\n<p class=\"wp-block-paragraph\">En una conferencia de prensa, el comisionado de la polic\u00eda Michael Sack dijo que el tirador ten\u00eda unos 20 a\u00f1os, pero no dio a conocer su nombre ni el de las v\u00edctimas. Rechaz\u00f3 decir si la mujer que hab\u00eda fallecido era profesora.<\/p>\n\n\n\n<p class=\"wp-block-paragraph\">El superintendente de las escuelas de San Luis, Kelvin Adams, dijo que siete guardias de seguridad se encontraban en la escuela al momento del tiroteo, cada uno en una entrada del edificio cerrado. Uno de los guardias se dio cuenta que el joven estaba tratando de abrir una puerta cerrada, pero no pudo. El guardia notific\u00f3 a las autoridades de la escuela y se asegur\u00f3 de que se contactara a la polic\u00eda, se\u00f1al\u00f3 Sack.<\/p>\n\n\n\n<blockquote class=\"wp-block-quote is-layout-flow wp-block-quote-is-layout-flow\"><p>Fue esa respuesta oportuna del agente de seguridad, el hecho de que la puerta provocara una pausa al sospechoso, lo que nos hizo ganar algo de tiempo\u201d, dijo Sack.<\/p><\/blockquote>\n\n\n\n<p class=\"wp-block-paragraph\">Sack no quiso decir c\u00f3mo entr\u00f3 finalmente el hombre, armado con lo que describi\u00f3 como un arma larga.<\/p>\n\n\n\n<p class=\"wp-block-paragraph\">Los polic\u00edas trabajaron para sacar a los estudiantes del edificio de ladrillo de tres pisos, y luego \u201ccorrieron hacia donde se escuchaban los disparos, localizaron al tirador y se enfrentaron a \u00e9l en un intercambio de disparos\u201d, mat\u00e1ndolo, dijo Sack.<\/p>\n\n\n\n<p class=\"wp-block-paragraph\">Algunas de las seis personas hospitalizadas sufrieron heridas de bala, mientras que otras fueron alcanzadas por metralla, dijo Sack. No proporcion\u00f3 ninguna informaci\u00f3n sobre su estado.<\/p>\n\n\n\n<p class=\"wp-block-paragraph\">Una estudiante, Taniya Gholston de 16 a\u00f1os de edad, dijo al St. Louis Post-Dispatch que estaba en un aula cuando el agresor entr\u00f3.<\/p>\n\n\n\n<blockquote class=\"wp-block-quote is-layout-flow wp-block-quote-is-layout-flow\"><p>Todo lo que escuch\u00e9 fueron dos disparos y entr\u00f3 con un arma\u201d, coment\u00f3 Gholston. \u201cTrataba de correr pero no pod\u00eda. Hicimos contacto visual pero logr\u00e9 salir porque su pistola se atasc\u00f3. Pero vimos sangre en el piso\u201d, a\u00f1adi\u00f3.<\/p><\/blockquote>\n\n\n\n<p class=\"wp-block-paragraph\">Otra estudiante, Nylah Jones, de noveno grado, dijo al Post-Dispatch que estaba en la clase de matem\u00e1ticas cuando el agresor dispar\u00f3 al aula desde el pasillo. El tirador no pudo entrar en el aula y golpe\u00f3 la puerta mientras los estudiantes se amontonaban en una esquina, dijo.<\/p>\n\n\n\n<p class=\"wp-block-paragraph\">La hija de 15 a\u00f1os de edad de Janay Douglas se qued\u00f3 atrapada en un pasillo cuando la escuela fue cerrada. Douglas dijo que recibi\u00f3 una llamada de su hija, haci\u00e9ndole saber que hab\u00eda escuchado disparos.<\/p>\n\n\n\n<blockquote class=\"wp-block-quote is-layout-flow wp-block-quote-is-layout-flow\"><p>Uno de sus amigos sali\u00f3 de una puerta, recibi\u00f3 un disparo en la mano, y entonces ella y sus amigos salieron corriendo. El tel\u00e9fono se desconect\u00f3\u201d, dijo Douglas. \u201cYa iba en camino\u201d.<\/p><\/blockquote>\n\n\n\n<p class=\"wp-block-paragraph\">El incidente dej\u00f3 a la alcaldesa de San Luis, Tishaura Jones, conmocionada.<\/p>\n\n\n\n<blockquote class=\"wp-block-quote is-layout-flow wp-block-quote-is-layout-flow\"><p>Nuestros ni\u00f1os no deber\u00edan vivir esto\u201d, dijo Jones en una conferencia de prensa. \u201cNo deber\u00edan tener que hacer simulacros de tirador activo por si ocurre algo. Y de<\/p><\/blockquote>\n","protected":false},"excerpt":{"rendered":"<p>SAN LUIS.- Un hombre armado irrumpi\u00f3 en una escuela secundaria de San Luis el lunes por la ma\u00f1ana,<\/p>\n","protected":false},"author":1,"featured_media":726,"comment_status":"open","ping_status":"open","sticky":false,"template":"","format":"standard","meta":{"_crdt_document":"","_jetpack_memberships_contains_paid_content":false,"footnotes":"","jetpack_publicize_message":"Una mujer y una adolescente fueron asesinadas por un hombre que ingres\u00f3 armado a una secundaria; polic\u00edas de San Luis abaten al agresor","jetpack_publicize_feature_enabled":true,"jetpack_social_post_already_shared":true,"jetpack_social_options":{"image_generator_settings":{"template":"highway","default_image_id":0,"font":"","enabled":false},"version":2},"_wpas_customize_per_network":false},"categories":[9],"tags":[],"class_list":["post-725","post","type-post","status-publish","format-standard","has-post-thumbnail","hentry","category-el-mundo"],"magazineBlocksPostFeaturedMedia":{"thumbnail":"https:\/\/pornuestrolaredo.com\/wp-content\/uploads\/2022\/10\/Tiroteo-150x150.jpeg","medium":"https:\/\/pornuestrolaredo.com\/wp-content\/uploads\/2022\/10\/Tiroteo-300x219.jpeg","medium_large":"https:\/\/pornuestrolaredo.com\/wp-content\/uploads\/2022\/10\/Tiroteo.jpeg","large":"https:\/\/pornuestrolaredo.com\/wp-content\/uploads\/2022\/10\/Tiroteo.jpeg","1536x1536":"https:\/\/pornuestrolaredo.com\/wp-content\/uploads\/2022\/10\/Tiroteo.jpeg","2048x2048":"https:\/\/pornuestrolaredo.com\/wp-content\/uploads\/2022\/10\/Tiroteo.jpeg","morenews-large":"https:\/\/pornuestrolaredo.com\/wp-content\/uploads\/2022\/10\/Tiroteo.jpeg","morenews-medium":"https:\/\/pornuestrolaredo.com\/wp-content\/uploads\/2022\/10\/Tiroteo.jpeg"},"magazineBlocksPostAuthor":{"name":"Redactor","avatar":"https:\/\/pornuestrolaredo.com\/wp-content\/litespeed\/avatar\/dca1d7ec750c399f025f23b0b314f4cf.jpg?ver=1777612120"},"magazineBlocksPostCommentsNumber":false,"magazineBlocksPostExcerpt":"SAN LUIS.- Un hombre armado irrumpi\u00f3 en una escuela secundaria de San Luis el lunes por la ma\u00f1ana,","magazineBlocksPostCategories":["El Mundo"],"magazineBlocksPostViewCount":128,"magazineBlocksPostReadTime":3,"magazine_blocks_featured_image_url":{"full":["https:\/\/pornuestrolaredo.com\/wp-content\/uploads\/2022\/10\/Tiroteo.jpeg",739,540,false],"medium":["https:\/\/pornuestrolaredo.com\/wp-content\/uploads\/2022\/10\/Tiroteo-300x219.jpeg",300,219,true],"thumbnail":["https:\/\/pornuestrolaredo.com\/wp-content\/uploads\/2022\/10\/Tiroteo-150x150.jpeg",150,150,true]},"magazine_blocks_author":{"display_name":"Redactor","author_link":"https:\/\/pornuestrolaredo.com\/?author=1"},"magazine_blocks_comment":0,"magazine_blocks_author_image":"https:\/\/pornuestrolaredo.com\/wp-content\/litespeed\/avatar\/dca1d7ec750c399f025f23b0b314f4cf.jpg?ver=1777612120","magazine_blocks_category":"<a href=\"#\" class=\"category-link category-link-9\">El Mundo<\/a>","jetpack_publicize_connections":[],"featured_image_urls":{"full":["https:\/\/pornuestrolaredo.com\/wp-content\/uploads\/2022\/10\/Tiroteo.jpeg",739,540,false],"thumbnail":["https:\/\/pornuestrolaredo.com\/wp-content\/uploads\/2022\/10\/Tiroteo-150x150.jpeg",150,150,true],"medium":["https:\/\/pornuestrolaredo.com\/wp-content\/uploads\/2022\/10\/Tiroteo-300x219.jpeg",300,219,true],"medium_large":["https:\/\/pornuestrolaredo.com\/wp-content\/uploads\/2022\/10\/Tiroteo.jpeg",640,468,false],"large":["https:\/\/pornuestrolaredo.com\/wp-content\/uploads\/2022\/10\/Tiroteo.jpeg",640,468,false],"1536x1536":["https:\/\/pornuestrolaredo.com\/wp-content\/uploads\/2022\/10\/Tiroteo.jpeg",739,540,false],"2048x2048":["https:\/\/pornuestrolaredo.com\/wp-content\/uploads\/2022\/10\/Tiroteo.jpeg",739,540,false],"morenews-large":["https:\/\/pornuestrolaredo.com\/wp-content\/uploads\/2022\/10\/Tiroteo.jpeg",739,540,false],"morenews-medium":["https:\/\/pornuestrolaredo.com\/wp-content\/uploads\/2022\/10\/Tiroteo.jpeg",561,410,false]},"author_info":{"info":["Redactor"]},"category_info":"<a href=\"https:\/\/pornuestrolaredo.com\/?cat=9\" rel=\"category\">El Mundo<\/a>","tag_info":"El Mundo","comment_count":"0","jetpack_featured_media_url":"https:\/\/pornuestrolaredo.com\/wp-content\/uploads\/2022\/10\/Tiroteo.jpeg","jetpack_sharing_enabled":true,"_links":{"self":[{"href":"https:\/\/pornuestrolaredo.com\/index.php?rest_route=\/wp\/v2\/posts\/725","targetHints":{"allow":["GET"]}}],"collection":[{"href":"https:\/\/pornuestrolaredo.com\/index.php?rest_route=\/wp\/v2\/posts"}],"about":[{"href":"https:\/\/pornuestrolaredo.com\/index.php?rest_route=\/wp\/v2\/types\/post"}],"author":[{"embeddable":true,"href":"https:\/\/pornuestrolaredo.com\/index.php?rest_route=\/wp\/v2\/users\/1"}],"replies":[{"embeddable":true,"href":"https:\/\/pornuestrolaredo.com\/index.php?rest_route=%2Fwp%2Fv2%2Fcomments&post=725"}],"version-history":[{"count":1,"href":"https:\/\/pornuestrolaredo.com\/index.php?rest_route=\/wp\/v2\/posts\/725\/revisions"}],"predecessor-version":[{"id":727,"href":"https:\/\/pornuestrolaredo.com\/index.php?rest_route=\/wp\/v2\/posts\/725\/revisions\/727"}],"wp:featuredmedia":[{"embeddable":true,"href":"https:\/\/pornuestrolaredo.com\/index.php?rest_route=\/wp\/v2\/media\/726"}],"wp:attachment":[{"href":"https:\/\/pornuestrolaredo.com\/index.php?rest_route=%2Fwp%2Fv2%2Fmedia&parent=725"}],"wp:term":[{"taxonomy":"category","embeddable":true,"href":"https:\/\/pornuestrolaredo.com\/index.php?rest_route=%2Fwp%2Fv2%2Fcategories&post=725"},{"taxonomy":"post_tag","embeddable":true,"href":"https:\/\/pornuestrolaredo.com\/index.php?rest_route=%2Fwp%2Fv2%2Ftags&post=725"}],"curies":[{"name":"wp","href":"https:\/\/api.w.org\/{rel}","templated":true}]}}