{"id":728,"date":"2022-10-24T22:59:10","date_gmt":"2022-10-24T22:59:10","guid":{"rendered":"https:\/\/pornuestrolaredo.com\/?p=728"},"modified":"2022-10-24T22:59:12","modified_gmt":"2022-10-24T22:59:12","slug":"hospitalizan-y-operan-a-laredo-kid","status":"publish","type":"post","link":"https:\/\/pornuestrolaredo.com\/?p=728","title":{"rendered":"Hospitalizan y operan a Laredo Kid"},"content":{"rendered":"\n<p class=\"wp-block-paragraph\"><strong><em>MONTERREY.- <\/em><\/strong>El luchador neolaredense Laredo Kid tuvo que ser hospitalizado de emergencia tras ofrecer una funci\u00f3n en Monterrey el domingo. Con motivo de la gran final del Torneo Show Center AAA, el gladiador se present\u00f3 como parte de la cartelera, donde derrot\u00f3 al Hijo del Vikingo.<\/p>\n\n\n\n<p class=\"wp-block-paragraph\">Una publicaci\u00f3n desde su cuenta oficial de Facebook mostr\u00f3 al luchador luego de que se le realizara una intervenci\u00f3n quir\u00fargica de emergencia. La publicaci\u00f3n indica que Laredo Kid tuvo que ser trasladado de emergencia al terminar su compromiso arriba del cuadril\u00e1tero.<\/p>\n\n\n\n<p class=\"wp-block-paragraph\">Si bien no detallaron a qu\u00e9 se debi\u00f3 la operaci\u00f3n, la imagen del gladiador en el hospital sugiere que pudo haber sido intervenido en la zona abdominal.<\/p>\n\n\n\n<blockquote class=\"wp-block-quote is-layout-flow wp-block-quote-is-layout-flow\"><p>El d\u00eda de ayer lamentablemente @laredokidpro tuvo que ser trasladado en ambulancia al hospital al terminar la pelea por el campeonato en Monterrey. Tuvo que ser intervenido quir\u00fargicamente en la madrugada de emergencia\u201d, refirieron en la publicaci\u00f3n.<\/p><\/blockquote>\n\n\n\n<p class=\"wp-block-paragraph\">Laredo Kid atraves\u00f3 por un fin de semana con agenda llena debido a causas laborales. El combatiente mexicano form\u00f3 parte de las grabaciones de Impact Wrestling el s\u00e1bado, donde se midi\u00f3 ante Black Taurus. Solo un d\u00eda despu\u00e9s, el  domingo, apareci\u00f3 dentro de la caravana de Lucha Libre AAA, donde enfrent\u00f3 al Hijo del Vikingo en una lucha individual, as\u00ed como a Toscano y Villano V Jr. en una triple amenaza. <\/p>\n\n\n\n<p class=\"wp-block-paragraph\">De acuerdo con el portal \u201cSolo Wrestling\u201d, Laredo Kid pudo haber sufrido alg\u00fan tipo de lesi\u00f3n durante el combate contra el poblano Hijo del Vikingo, que fue la batalla m\u00e1s exigente arriba del cuadril\u00e1tero.<\/p>\n","protected":false},"excerpt":{"rendered":"<p>MONTERREY.- El luchador neolaredense Laredo Kid tuvo que ser hospitalizado de emergencia tras ofrecer una funci\u00f3n en Monterrey<\/p>\n","protected":false},"author":1,"featured_media":729,"comment_status":"open","ping_status":"open","sticky":false,"template":"","format":"standard","meta":{"_crdt_document":"","_jetpack_memberships_contains_paid_content":false,"footnotes":"","jetpack_publicize_message":"El luchador neolaredense fue intervenido de emergencia en un hospital, luego de ser trasladado en una ambulancia","jetpack_publicize_feature_enabled":true,"jetpack_social_post_already_shared":true,"jetpack_social_options":{"image_generator_settings":{"template":"highway","default_image_id":0,"font":"","enabled":false},"version":2},"_wpas_customize_per_network":false},"categories":[10],"tags":[],"class_list":["post-728","post","type-post","status-publish","format-standard","has-post-thumbnail","hentry","category-deportes"],"magazineBlocksPostFeaturedMedia":{"thumbnail":"https:\/\/pornuestrolaredo.com\/wp-content\/uploads\/2022\/10\/Laredo-150x150.jpg","medium":"https:\/\/pornuestrolaredo.com\/wp-content\/uploads\/2022\/10\/Laredo-300x166.jpg","medium_large":"https:\/\/pornuestrolaredo.com\/wp-content\/uploads\/2022\/10\/Laredo-768x425.jpg","large":"https:\/\/pornuestrolaredo.com\/wp-content\/uploads\/2022\/10\/Laredo-1024x567.jpg","1536x1536":"https:\/\/pornuestrolaredo.com\/wp-content\/uploads\/2022\/10\/Laredo-1536x851.jpg","2048x2048":"https:\/\/pornuestrolaredo.com\/wp-content\/uploads\/2022\/10\/Laredo-2048x1134.jpg","morenews-large":"https:\/\/pornuestrolaredo.com\/wp-content\/uploads\/2022\/10\/Laredo-scaled.jpg","morenews-medium":"https:\/\/pornuestrolaredo.com\/wp-content\/uploads\/2022\/10\/Laredo-scaled.jpg"},"magazineBlocksPostAuthor":{"name":"Redactor","avatar":"https:\/\/pornuestrolaredo.com\/wp-content\/litespeed\/avatar\/dca1d7ec750c399f025f23b0b314f4cf.jpg?ver=1777612120"},"magazineBlocksPostCommentsNumber":false,"magazineBlocksPostExcerpt":"MONTERREY.- El luchador neolaredense Laredo Kid tuvo que ser hospitalizado de emergencia tras ofrecer una funci\u00f3n en Monterrey","magazineBlocksPostCategories":["Deportes"],"magazineBlocksPostViewCount":132,"magazineBlocksPostReadTime":2,"magazine_blocks_featured_image_url":{"full":["https:\/\/pornuestrolaredo.com\/wp-content\/uploads\/2022\/10\/Laredo-scaled.jpg",2560,1418,false],"medium":["https:\/\/pornuestrolaredo.com\/wp-content\/uploads\/2022\/10\/Laredo-300x166.jpg",300,166,true],"thumbnail":["https:\/\/pornuestrolaredo.com\/wp-content\/uploads\/2022\/10\/Laredo-150x150.jpg",150,150,true]},"magazine_blocks_author":{"display_name":"Redactor","author_link":"https:\/\/pornuestrolaredo.com\/?author=1"},"magazine_blocks_comment":0,"magazine_blocks_author_image":"https:\/\/pornuestrolaredo.com\/wp-content\/litespeed\/avatar\/dca1d7ec750c399f025f23b0b314f4cf.jpg?ver=1777612120","magazine_blocks_category":"<a href=\"#\" class=\"category-link category-link-10\">Deportes<\/a>","jetpack_publicize_connections":[],"featured_image_urls":{"full":["https:\/\/pornuestrolaredo.com\/wp-content\/uploads\/2022\/10\/Laredo-scaled.jpg",2560,1418,false],"thumbnail":["https:\/\/pornuestrolaredo.com\/wp-content\/uploads\/2022\/10\/Laredo-150x150.jpg",150,150,true],"medium":["https:\/\/pornuestrolaredo.com\/wp-content\/uploads\/2022\/10\/Laredo-300x166.jpg",300,166,true],"medium_large":["https:\/\/pornuestrolaredo.com\/wp-content\/uploads\/2022\/10\/Laredo-768x425.jpg",640,354,true],"large":["https:\/\/pornuestrolaredo.com\/wp-content\/uploads\/2022\/10\/Laredo-1024x567.jpg",640,354,true],"1536x1536":["https:\/\/pornuestrolaredo.com\/wp-content\/uploads\/2022\/10\/Laredo-1536x851.jpg",1536,851,true],"2048x2048":["https:\/\/pornuestrolaredo.com\/wp-content\/uploads\/2022\/10\/Laredo-2048x1134.jpg",2048,1134,true],"morenews-large":["https:\/\/pornuestrolaredo.com\/wp-content\/uploads\/2022\/10\/Laredo-scaled.jpg",825,457,false],"morenews-medium":["https:\/\/pornuestrolaredo.com\/wp-content\/uploads\/2022\/10\/Laredo-scaled.jpg",590,327,false]},"author_info":{"info":["Redactor"]},"category_info":"<a href=\"https:\/\/pornuestrolaredo.com\/?cat=10\" rel=\"category\">Deportes<\/a>","tag_info":"Deportes","comment_count":"0","jetpack_featured_media_url":"https:\/\/pornuestrolaredo.com\/wp-content\/uploads\/2022\/10\/Laredo-scaled.jpg","jetpack_sharing_enabled":true,"_links":{"self":[{"href":"https:\/\/pornuestrolaredo.com\/index.php?rest_route=\/wp\/v2\/posts\/728","targetHints":{"allow":["GET"]}}],"collection":[{"href":"https:\/\/pornuestrolaredo.com\/index.php?rest_route=\/wp\/v2\/posts"}],"about":[{"href":"https:\/\/pornuestrolaredo.com\/index.php?rest_route=\/wp\/v2\/types\/post"}],"author":[{"embeddable":true,"href":"https:\/\/pornuestrolaredo.com\/index.php?rest_route=\/wp\/v2\/users\/1"}],"replies":[{"embeddable":true,"href":"https:\/\/pornuestrolaredo.com\/index.php?rest_route=%2Fwp%2Fv2%2Fcomments&post=728"}],"version-history":[{"count":1,"href":"https:\/\/pornuestrolaredo.com\/index.php?rest_route=\/wp\/v2\/posts\/728\/revisions"}],"predecessor-version":[{"id":730,"href":"https:\/\/pornuestrolaredo.com\/index.php?rest_route=\/wp\/v2\/posts\/728\/revisions\/730"}],"wp:featuredmedia":[{"embeddable":true,"href":"https:\/\/pornuestrolaredo.com\/index.php?rest_route=\/wp\/v2\/media\/729"}],"wp:attachment":[{"href":"https:\/\/pornuestrolaredo.com\/index.php?rest_route=%2Fwp%2Fv2%2Fmedia&parent=728"}],"wp:term":[{"taxonomy":"category","embeddable":true,"href":"https:\/\/pornuestrolaredo.com\/index.php?rest_route=%2Fwp%2Fv2%2Fcategories&post=728"},{"taxonomy":"post_tag","embeddable":true,"href":"https:\/\/pornuestrolaredo.com\/index.php?rest_route=%2Fwp%2Fv2%2Ftags&post=728"}],"curies":[{"name":"wp","href":"https:\/\/api.w.org\/{rel}","templated":true}]}}