{"id":7309,"date":"2025-09-21T17:26:54","date_gmt":"2025-09-21T22:26:54","guid":{"rendered":"https:\/\/pornuestrolaredo.com\/?p=7309"},"modified":"2025-09-21T17:44:16","modified_gmt":"2025-09-21T22:44:16","slug":"gabriella-se-convierte-en-huracan-en-el-atlantico","status":"publish","type":"post","link":"https:\/\/pornuestrolaredo.com\/?p=7309","title":{"rendered":"Gabrielle se convierte en hurac\u00e1n en el Atl\u00e1ntico"},"content":{"rendered":"<p><strong>MIAMI.-<\/strong> La tormenta tropical Gabrielle se intensific\u00f3 el domingo en el Atl\u00e1ntico, convirti\u00e9ndose en hurac\u00e1n al sureste de Bermudas, informaron los meteor\u00f3logos.<\/p>\n<p>Los vientos m\u00e1ximos sostenidos de Gabrielle alcanzaron los 120 km\/h (75 mph), un aumento de 16 km\/h (10 mph) en cuesti\u00f3n de horas, convirti\u00e9ndola en un hurac\u00e1n de categor\u00eda 1, inform\u00f3 el Centro Nacional de Huracanes de Estados Unidos (NHC por sus iniciales en ingl\u00e9s), con sede en Miami.<\/p>\n<p>El v\u00f3rtice de la tormenta se ubicaba a unos 515 kil\u00f3metros (320 millas) al sureste de Bermudas y se desplazaba en direcci\u00f3n norte-noroeste a 17 km\/h (10 mph).<\/p>\n<p>El NHC indic\u00f3 que Gabriell podr\u00eda alcanzar categor\u00eda tres o mayor en los pr\u00f3ximos d\u00edas, debido a que se tiene previsto que se intensifique constantemente.<\/p>\n<p>De acuerdo con los pron\u00f3sticos de trayectoria actuales, se tiene previsto que Gabrielle pase al este de Bermudas el lunes.<\/p>\n<p>Un avi\u00f3n cazahuracanes encontr\u00f3 la tormenta con fuerza de hurac\u00e1n y con una trayectoria m\u00e1s hacia el norte-noroeste. Sin embargo, el NHC inform\u00f3 que se ten\u00eda previsto un recorrido m\u00e1s hacia el norte a partir del lunes.<\/p>\n<p>No hay avisos ni advertencias costeras en efecto, pero los meteor\u00f3logos instaron a los habitantes de Bermudas a mantener una estrecha vigilancia sobre el progreso de la tormenta.<\/p>\n<p>Los vientos con fuerza de hurac\u00e1n se extienden por un radio e 40,2 kil\u00f3metros (25 millas) desde el ojo de la tormenta, mientras que los vientos con fuerza de tormenta tropical se resienten a distancias de hasta 280 kil\u00f3metros (175 millas), se\u00f1al\u00f3 el NHC.<\/p>\n<p>El centro de huracanes dijo que los fuertes oleajes provocados por Gabrielle est\u00e1n afectando a Bermudas y se tiene previsto que lleguen a la costa este desde Carolina del Norte hacia el norte hasta Canad\u00e1 durante los pr\u00f3ximos d\u00edas.<\/p>\n<p>En tanto, La tormenta tropical Narda se form\u00f3 la tarde del domingo en las costas del Pac\u00edfico frente al sur de M\u00e9xico.<\/p>\n<p>Narda ten\u00eda vientos m\u00e1ximos sostenidos de 65 km\/h (40 mph) y su v\u00f3rtice se encontraba a unos 390 kil\u00f3metros (240 millas) al sur-sureste de Zihuatanejo, M\u00e9xico.<\/p>\n<p>El NHC indic\u00f3 que Narda se mueve hacia el norte-noroeste a 17 km\/h (10 mph).<\/p>\n<p>Los meteor\u00f3logos tienen previsto que Narda se fortalezca en las pr\u00f3ximas 48 horas y podr\u00eda convertirse en hurac\u00e1n para el martes. Sin embargo, se pronostica que la tormenta permanezca en altamar, y no hay avisos ni advertencias costeras en vigor.<\/p>\n","protected":false},"excerpt":{"rendered":"<p>Y en el Pac\u00edfico, frente a las cosas de Zihuatanejo, surge la tormenta tropical Narda<\/p>\n","protected":false},"author":1,"featured_media":7311,"comment_status":"closed","ping_status":"closed","sticky":false,"template":"","format":"standard","meta":{"_crdt_document":"","_jetpack_memberships_contains_paid_content":false,"footnotes":"","jetpack_publicize_message":"","jetpack_publicize_feature_enabled":true,"jetpack_social_post_already_shared":true,"jetpack_social_options":{"image_generator_settings":{"template":"highway","default_image_id":0,"font":"","enabled":false},"version":2},"_wpas_customize_per_network":false},"categories":[9],"tags":[],"class_list":["post-7309","post","type-post","status-publish","format-standard","has-post-thumbnail","hentry","category-el-mundo"],"magazineBlocksPostFeaturedMedia":{"thumbnail":"https:\/\/pornuestrolaredo.com\/wp-content\/uploads\/2025\/09\/Stereo91-20250921-1-150x150.jpg","medium":"https:\/\/pornuestrolaredo.com\/wp-content\/uploads\/2025\/09\/Stereo91-20250921-1-300x140.jpg","medium_large":"https:\/\/pornuestrolaredo.com\/wp-content\/uploads\/2025\/09\/Stereo91-20250921-1-768x360.jpg","large":"https:\/\/pornuestrolaredo.com\/wp-content\/uploads\/2025\/09\/Stereo91-20250921-1-1000x468.jpg","1536x1536":"https:\/\/pornuestrolaredo.com\/wp-content\/uploads\/2025\/09\/Stereo91-20250921-1-1536x719.jpg","2048x2048":"https:\/\/pornuestrolaredo.com\/wp-content\/uploads\/2025\/09\/Stereo91-20250921-1.jpg","morenews-large":"https:\/\/pornuestrolaredo.com\/wp-content\/uploads\/2025\/09\/Stereo91-20250921-1.jpg","morenews-medium":"https:\/\/pornuestrolaredo.com\/wp-content\/uploads\/2025\/09\/Stereo91-20250921-1.jpg"},"magazineBlocksPostAuthor":{"name":"Redactor","avatar":"https:\/\/pornuestrolaredo.com\/wp-content\/litespeed\/avatar\/dca1d7ec750c399f025f23b0b314f4cf.jpg?ver=1777007253"},"magazineBlocksPostCommentsNumber":false,"magazineBlocksPostExcerpt":"Y en el Pac\u00edfico, frente a las cosas de Zihuatanejo, surge la tormenta tropical Narda","magazineBlocksPostCategories":["El Mundo"],"magazineBlocksPostViewCount":196,"magazineBlocksPostReadTime":3,"magazine_blocks_featured_image_url":{"full":["https:\/\/pornuestrolaredo.com\/wp-content\/uploads\/2025\/09\/Stereo91-20250921-1.jpg",1984,929,false],"medium":["https:\/\/pornuestrolaredo.com\/wp-content\/uploads\/2025\/09\/Stereo91-20250921-1-300x140.jpg",300,140,true],"thumbnail":["https:\/\/pornuestrolaredo.com\/wp-content\/uploads\/2025\/09\/Stereo91-20250921-1-150x150.jpg",150,150,true]},"magazine_blocks_author":{"display_name":"Redactor","author_link":"https:\/\/pornuestrolaredo.com\/?author=1"},"magazine_blocks_comment":0,"magazine_blocks_author_image":"https:\/\/pornuestrolaredo.com\/wp-content\/litespeed\/avatar\/dca1d7ec750c399f025f23b0b314f4cf.jpg?ver=1777007253","magazine_blocks_category":"<a href=\"#\" class=\"category-link category-link-9\">El Mundo<\/a>","jetpack_publicize_connections":[],"featured_image_urls":{"full":["https:\/\/pornuestrolaredo.com\/wp-content\/uploads\/2025\/09\/Stereo91-20250921-1.jpg",1984,929,false],"thumbnail":["https:\/\/pornuestrolaredo.com\/wp-content\/uploads\/2025\/09\/Stereo91-20250921-1-150x150.jpg",150,150,true],"medium":["https:\/\/pornuestrolaredo.com\/wp-content\/uploads\/2025\/09\/Stereo91-20250921-1-300x140.jpg",300,140,true],"medium_large":["https:\/\/pornuestrolaredo.com\/wp-content\/uploads\/2025\/09\/Stereo91-20250921-1-768x360.jpg",640,300,true],"large":["https:\/\/pornuestrolaredo.com\/wp-content\/uploads\/2025\/09\/Stereo91-20250921-1-1000x468.jpg",640,300,true],"1536x1536":["https:\/\/pornuestrolaredo.com\/wp-content\/uploads\/2025\/09\/Stereo91-20250921-1-1536x719.jpg",1536,719,true],"2048x2048":["https:\/\/pornuestrolaredo.com\/wp-content\/uploads\/2025\/09\/Stereo91-20250921-1.jpg",1984,929,false],"morenews-large":["https:\/\/pornuestrolaredo.com\/wp-content\/uploads\/2025\/09\/Stereo91-20250921-1.jpg",825,386,false],"morenews-medium":["https:\/\/pornuestrolaredo.com\/wp-content\/uploads\/2025\/09\/Stereo91-20250921-1.jpg",590,276,false]},"author_info":{"info":["Redactor"]},"category_info":"<a href=\"https:\/\/pornuestrolaredo.com\/?cat=9\" rel=\"category\">El Mundo<\/a>","tag_info":"El Mundo","comment_count":"0","jetpack_featured_media_url":"https:\/\/pornuestrolaredo.com\/wp-content\/uploads\/2025\/09\/Stereo91-20250921-1.jpg","jetpack_sharing_enabled":true,"_links":{"self":[{"href":"https:\/\/pornuestrolaredo.com\/index.php?rest_route=\/wp\/v2\/posts\/7309","targetHints":{"allow":["GET"]}}],"collection":[{"href":"https:\/\/pornuestrolaredo.com\/index.php?rest_route=\/wp\/v2\/posts"}],"about":[{"href":"https:\/\/pornuestrolaredo.com\/index.php?rest_route=\/wp\/v2\/types\/post"}],"author":[{"embeddable":true,"href":"https:\/\/pornuestrolaredo.com\/index.php?rest_route=\/wp\/v2\/users\/1"}],"replies":[{"embeddable":true,"href":"https:\/\/pornuestrolaredo.com\/index.php?rest_route=%2Fwp%2Fv2%2Fcomments&post=7309"}],"version-history":[{"count":2,"href":"https:\/\/pornuestrolaredo.com\/index.php?rest_route=\/wp\/v2\/posts\/7309\/revisions"}],"predecessor-version":[{"id":7313,"href":"https:\/\/pornuestrolaredo.com\/index.php?rest_route=\/wp\/v2\/posts\/7309\/revisions\/7313"}],"wp:featuredmedia":[{"embeddable":true,"href":"https:\/\/pornuestrolaredo.com\/index.php?rest_route=\/wp\/v2\/media\/7311"}],"wp:attachment":[{"href":"https:\/\/pornuestrolaredo.com\/index.php?rest_route=%2Fwp%2Fv2%2Fmedia&parent=7309"}],"wp:term":[{"taxonomy":"category","embeddable":true,"href":"https:\/\/pornuestrolaredo.com\/index.php?rest_route=%2Fwp%2Fv2%2Fcategories&post=7309"},{"taxonomy":"post_tag","embeddable":true,"href":"https:\/\/pornuestrolaredo.com\/index.php?rest_route=%2Fwp%2Fv2%2Ftags&post=7309"}],"curies":[{"name":"wp","href":"https:\/\/api.w.org\/{rel}","templated":true}]}}