{"id":7330,"date":"2025-09-22T22:17:57","date_gmt":"2025-09-23T03:17:57","guid":{"rendered":"https:\/\/pornuestrolaredo.com\/?p=7330"},"modified":"2025-09-22T22:17:57","modified_gmt":"2025-09-23T03:17:57","slug":"gabrielle-se-convierte-en-un-megahuracan","status":"publish","type":"post","link":"https:\/\/pornuestrolaredo.com\/?p=7330","title":{"rendered":"Gabrielle se convierte en un megahurac\u00e1n"},"content":{"rendered":"<p><strong>MIAMI.-<\/strong> Las personas que viven en el archipi\u00e9lago de las Azores deben estar atentas al progreso del hurac\u00e1n Gabrielle, que ahora es un cicl\u00f3n de categor\u00eda 4 en el oc\u00e9ano Atl\u00e1ntico, recomend\u00f3 el lunes el Centro Nacional de Huracanes de Estados Unidos (NHC, por sus siglas en ingl\u00e9s).<\/p>\n<p>Gabrielle ten\u00eda vientos m\u00e1ximos sostenidos de 220 km\/h (140 mph) el lunes por la tarde mientras se desplazaba hacia el este-sureste de las Bermudas, seg\u00fan un aviso del NHC. Su v\u00f3rtice se ubicaba a 290 kil\u00f3metros (180 millas) de distancia de las Bermudas y se mov\u00eda hacia el nor-noreste a 19 km\/h (12 mph).<\/p>\n<p>El hurac\u00e1n todav\u00eda se encontraba a m\u00e1s de 3 mil 230 kil\u00f3metros (2 mil millas) al oeste de las Azores; sin embargo, los meteor\u00f3logos proyectan que el sistema contin\u00fae hacia el norte y el este durante los pr\u00f3ximos d\u00edas. El hurac\u00e1n podr\u00eda acercarse a las islas para el fin de semana.<\/p>\n<p>Los meteor\u00f3logos dijeron en el aviso que se prev\u00e9n pocos cambios en la fuerza del viento de Gabrielle el lunes por la noche, y que el sistema podr\u00eda debilitarse gradualmente el martes y mi\u00e9rcoles. Tambi\u00e9n se esperaba que el sistema aumentara su velocidad de avance en los pr\u00f3ximos dos d\u00edas.<\/p>\n<p>Gabrielle se hab\u00eda convertido en un hurac\u00e1n de categor\u00eda 1 el domingo antes de experimentar una r\u00e1pida intensificaci\u00f3n en las c\u00e1lidas aguas del Atl\u00e1ntico. La trayectoria de la tormenta la estaba llevando al este de las Bermudas.<\/p>\n<p>Las marejadas provocadas por la tormenta llegaron a las Bermudas el domingo, y estaban afectando la costa este de Estados Unidos, desde Carolina del Norte hacia el norte hasta la costa atl\u00e1ntica de Canad\u00e1. Los meteor\u00f3logos dijeron que era probable que las marejadas causaran fuerte oleaje y corrientes de resaca peligrosas.<\/p>\n<p>La temporada de huracanes en el Atl\u00e1ntico de este a\u00f1o ha sido relativamente tranquila, y antes de Gabrielle s\u00f3lo hubo un hurac\u00e1n con nombre en ese oc\u00e9ano. Los expertos dicen que hay algunas razones para eso, pero no significa que no se formar\u00e1n sistemas peligrosos m\u00e1s adelante.<\/p>\n<p>La temporada de huracanes en el Atl\u00e1ntico termina el 30 de noviembre.<\/p>\n<p>En el Pac\u00edfico, la tormenta tropical Narda se form\u00f3 frente a las costas de M\u00e9xico el domingo. Los meteor\u00f3logos dijeron que partes costeras del pa\u00eds podr\u00edan recibir hasta 10 cent\u00edmetros (4 pulgadas) de lluvia el lunes por la noche .<\/p>\n<p>El NHC indic\u00f3 que Narda ten\u00eda vientos m\u00e1ximos sostenidos de aproximadamente 97 km\/h (60 mph), pero se pronostica que se intensificar\u00e1 hasta convertirse en hurac\u00e1n el martes. Se ubicaba a unos 314 kil\u00f3metros (195 millas) al sur de Manzanillo, M\u00e9xico, mientras se mov\u00eda hacia el oeste-noroeste a 20 km\/h (13 mph).<\/p>\n<p>Se prev\u00e9 que Narda vire hacia el oeste el lunes por la noche, dirigi\u00e9ndose hacia mar adentro, inform\u00f3 el NHC.<\/p>\n","protected":false},"excerpt":{"rendered":"<p>Alcanza categor\u00eda 4 mientras avanza por el Atl\u00e1ntico y esperan que se acerque al archipi\u00e9lago de las Azores<\/p>\n","protected":false},"author":1,"featured_media":7331,"comment_status":"closed","ping_status":"closed","sticky":false,"template":"","format":"standard","meta":{"_crdt_document":"","_jetpack_memberships_contains_paid_content":false,"footnotes":"","jetpack_publicize_message":"","jetpack_publicize_feature_enabled":true,"jetpack_social_post_already_shared":true,"jetpack_social_options":{"image_generator_settings":{"template":"highway","default_image_id":0,"font":"","enabled":false},"version":2},"_wpas_customize_per_network":false},"categories":[9],"tags":[],"class_list":["post-7330","post","type-post","status-publish","format-standard","has-post-thumbnail","hentry","category-el-mundo"],"magazineBlocksPostFeaturedMedia":{"thumbnail":"https:\/\/pornuestrolaredo.com\/wp-content\/uploads\/2025\/09\/Stereo91-20250922-4-150x150.jpg","medium":"https:\/\/pornuestrolaredo.com\/wp-content\/uploads\/2025\/09\/Stereo91-20250922-4-300x139.jpg","medium_large":"https:\/\/pornuestrolaredo.com\/wp-content\/uploads\/2025\/09\/Stereo91-20250922-4-768x355.jpg","large":"https:\/\/pornuestrolaredo.com\/wp-content\/uploads\/2025\/09\/Stereo91-20250922-4.jpg","1536x1536":"https:\/\/pornuestrolaredo.com\/wp-content\/uploads\/2025\/09\/Stereo91-20250922-4.jpg","2048x2048":"https:\/\/pornuestrolaredo.com\/wp-content\/uploads\/2025\/09\/Stereo91-20250922-4.jpg","morenews-large":"https:\/\/pornuestrolaredo.com\/wp-content\/uploads\/2025\/09\/Stereo91-20250922-4.jpg","morenews-medium":"https:\/\/pornuestrolaredo.com\/wp-content\/uploads\/2025\/09\/Stereo91-20250922-4.jpg"},"magazineBlocksPostAuthor":{"name":"Redactor","avatar":"https:\/\/pornuestrolaredo.com\/wp-content\/litespeed\/avatar\/dca1d7ec750c399f025f23b0b314f4cf.jpg?ver=1777612120"},"magazineBlocksPostCommentsNumber":false,"magazineBlocksPostExcerpt":"Alcanza categor\u00eda 4 mientras avanza por el Atl\u00e1ntico y esperan que se acerque al archipi\u00e9lago de las Azores","magazineBlocksPostCategories":["El Mundo"],"magazineBlocksPostViewCount":205,"magazineBlocksPostReadTime":3,"magazine_blocks_featured_image_url":{"full":["https:\/\/pornuestrolaredo.com\/wp-content\/uploads\/2025\/09\/Stereo91-20250922-4.jpg",964,446,false],"medium":["https:\/\/pornuestrolaredo.com\/wp-content\/uploads\/2025\/09\/Stereo91-20250922-4-300x139.jpg",300,139,true],"thumbnail":["https:\/\/pornuestrolaredo.com\/wp-content\/uploads\/2025\/09\/Stereo91-20250922-4-150x150.jpg",150,150,true]},"magazine_blocks_author":{"display_name":"Redactor","author_link":"https:\/\/pornuestrolaredo.com\/?author=1"},"magazine_blocks_comment":0,"magazine_blocks_author_image":"https:\/\/pornuestrolaredo.com\/wp-content\/litespeed\/avatar\/dca1d7ec750c399f025f23b0b314f4cf.jpg?ver=1777612120","magazine_blocks_category":"<a href=\"#\" class=\"category-link category-link-9\">El Mundo<\/a>","jetpack_publicize_connections":[],"featured_image_urls":{"full":["https:\/\/pornuestrolaredo.com\/wp-content\/uploads\/2025\/09\/Stereo91-20250922-4.jpg",964,446,false],"thumbnail":["https:\/\/pornuestrolaredo.com\/wp-content\/uploads\/2025\/09\/Stereo91-20250922-4-150x150.jpg",150,150,true],"medium":["https:\/\/pornuestrolaredo.com\/wp-content\/uploads\/2025\/09\/Stereo91-20250922-4-300x139.jpg",300,139,true],"medium_large":["https:\/\/pornuestrolaredo.com\/wp-content\/uploads\/2025\/09\/Stereo91-20250922-4-768x355.jpg",640,296,true],"large":["https:\/\/pornuestrolaredo.com\/wp-content\/uploads\/2025\/09\/Stereo91-20250922-4.jpg",640,296,false],"1536x1536":["https:\/\/pornuestrolaredo.com\/wp-content\/uploads\/2025\/09\/Stereo91-20250922-4.jpg",964,446,false],"2048x2048":["https:\/\/pornuestrolaredo.com\/wp-content\/uploads\/2025\/09\/Stereo91-20250922-4.jpg",964,446,false],"morenews-large":["https:\/\/pornuestrolaredo.com\/wp-content\/uploads\/2025\/09\/Stereo91-20250922-4.jpg",825,382,false],"morenews-medium":["https:\/\/pornuestrolaredo.com\/wp-content\/uploads\/2025\/09\/Stereo91-20250922-4.jpg",590,273,false]},"author_info":{"info":["Redactor"]},"category_info":"<a href=\"https:\/\/pornuestrolaredo.com\/?cat=9\" rel=\"category\">El Mundo<\/a>","tag_info":"El Mundo","comment_count":"0","jetpack_featured_media_url":"https:\/\/pornuestrolaredo.com\/wp-content\/uploads\/2025\/09\/Stereo91-20250922-4.jpg","jetpack_sharing_enabled":true,"_links":{"self":[{"href":"https:\/\/pornuestrolaredo.com\/index.php?rest_route=\/wp\/v2\/posts\/7330","targetHints":{"allow":["GET"]}}],"collection":[{"href":"https:\/\/pornuestrolaredo.com\/index.php?rest_route=\/wp\/v2\/posts"}],"about":[{"href":"https:\/\/pornuestrolaredo.com\/index.php?rest_route=\/wp\/v2\/types\/post"}],"author":[{"embeddable":true,"href":"https:\/\/pornuestrolaredo.com\/index.php?rest_route=\/wp\/v2\/users\/1"}],"replies":[{"embeddable":true,"href":"https:\/\/pornuestrolaredo.com\/index.php?rest_route=%2Fwp%2Fv2%2Fcomments&post=7330"}],"version-history":[{"count":1,"href":"https:\/\/pornuestrolaredo.com\/index.php?rest_route=\/wp\/v2\/posts\/7330\/revisions"}],"predecessor-version":[{"id":7332,"href":"https:\/\/pornuestrolaredo.com\/index.php?rest_route=\/wp\/v2\/posts\/7330\/revisions\/7332"}],"wp:featuredmedia":[{"embeddable":true,"href":"https:\/\/pornuestrolaredo.com\/index.php?rest_route=\/wp\/v2\/media\/7331"}],"wp:attachment":[{"href":"https:\/\/pornuestrolaredo.com\/index.php?rest_route=%2Fwp%2Fv2%2Fmedia&parent=7330"}],"wp:term":[{"taxonomy":"category","embeddable":true,"href":"https:\/\/pornuestrolaredo.com\/index.php?rest_route=%2Fwp%2Fv2%2Fcategories&post=7330"},{"taxonomy":"post_tag","embeddable":true,"href":"https:\/\/pornuestrolaredo.com\/index.php?rest_route=%2Fwp%2Fv2%2Ftags&post=7330"}],"curies":[{"name":"wp","href":"https:\/\/api.w.org\/{rel}","templated":true}]}}