{"id":7336,"date":"2025-09-23T12:47:45","date_gmt":"2025-09-23T17:47:45","guid":{"rendered":"https:\/\/pornuestrolaredo.com\/?p=7336"},"modified":"2025-09-23T12:47:54","modified_gmt":"2025-09-23T17:47:54","slug":"ataca-donald-trump-a-la-onu","status":"publish","type":"post","link":"https:\/\/pornuestrolaredo.com\/?p=7336","title":{"rendered":"Ataca Donald Trump a la ONU"},"content":{"rendered":"<p><strong><em>NUEVA YORK.-<\/em> <\/strong>El presidente de Estados Unidos, Donald Trump, atac\u00f3 a las Naciones Unidas durante su intervenci\u00f3n ante la Asamblea General, en donde tambi\u00e9n critic\u00f3 el reconocimiento de Palestina como Estado por parte de un grupo de aliados de Washington y tach\u00f3 el cambio clim\u00e1tico como el fraude m\u00e1s grande de la historia impulsado por la ONU.<\/p>\n<p>Trump asever\u00f3 que hab\u00eda resuelto conflictos en todo el mundo mientras la ONU no hab\u00eda hecho nada y cuestionando su prop\u00f3sito.<\/p>\n<blockquote><p>Lamentablemente, en todos los casos, las Naciones Unidas ni siquiera intentaron ayudar en ninguno de ellos&#8221;, declar\u00f3 Trump.<\/p><\/blockquote>\n<p>Tambi\u00e9n se\u00f1al\u00f3 que el reconocimiento de Palestina como Estado por parte de un grupo de aliados de Washington es una &#8220;recompensa&#8221; para el grupo armado Hamas por &#8220;atrocidades horribles&#8221;.<\/p>\n<blockquote><p>Esto ser\u00eda una recompensa por las horribles atrocidades de (Hamas), incluyendo las del 7 de octubre, mientras se niegan a liberar a los rehenes o aceptar un alto el fuego&#8221;, declar\u00f3 Trump.<\/p><\/blockquote>\n<p>Tambi\u00e9n se\u00f1al\u00f3 los n\u00fameros de inmigraci\u00f3n en toda Europa e inst\u00f3 a sus aliados a aprender de su trabajo en Estados Unidos.<\/p>\n<blockquote><p>Hemos tomado medidas audaces para frenar r\u00e1pidamente la migraci\u00f3n descontrolada. Una vez que empezamos a detener y deportar a todos los que cruzaban la frontera y a expulsar a los inmigrantes ilegales de Estados Unidos, simplemente dejaron de venir&#8221;, dijo.<\/p><\/blockquote>\n<blockquote><p>Es hora de poner fin al fallido experimento de las fronteras abiertas. Tienen que acabar con \u00e9l ya. Sus pa\u00edses se est\u00e1n yendo al infierno&#8221;, asegur\u00f3.<\/p><\/blockquote>\n","protected":false},"excerpt":{"rendered":"<p>NUEVA YORK.- El presidente de Estados Unidos, Donald Trump, atac\u00f3 a las Naciones Unidas durante su intervenci\u00f3n ante<\/p>\n","protected":false},"author":1,"featured_media":0,"comment_status":"open","ping_status":"open","sticky":false,"template":"","format":"standard","meta":{"_crdt_document":"","_jetpack_memberships_contains_paid_content":false,"footnotes":"","jetpack_publicize_message":"","jetpack_publicize_feature_enabled":true,"jetpack_social_post_already_shared":true,"jetpack_social_options":{"image_generator_settings":{"template":"highway","default_image_id":0,"font":"","enabled":false},"version":2},"_wpas_customize_per_network":false},"categories":[9],"tags":[],"class_list":["post-7336","post","type-post","status-publish","format-standard","hentry","category-el-mundo"],"magazineBlocksPostFeaturedMedia":{"thumbnail":false,"medium":false,"medium_large":false,"large":false,"1536x1536":false,"2048x2048":false,"morenews-large":false,"morenews-medium":false},"magazineBlocksPostAuthor":{"name":"Redactor","avatar":"https:\/\/pornuestrolaredo.com\/wp-content\/litespeed\/avatar\/dca1d7ec750c399f025f23b0b314f4cf.jpg?ver=1777612120"},"magazineBlocksPostCommentsNumber":false,"magazineBlocksPostExcerpt":"NUEVA YORK.- El presidente de Estados Unidos, Donald Trump, atac\u00f3 a las Naciones Unidas durante su intervenci\u00f3n ante","magazineBlocksPostCategories":["El Mundo"],"magazineBlocksPostViewCount":67,"magazineBlocksPostReadTime":2,"magazine_blocks_featured_image_url":{"full":false,"medium":false,"thumbnail":false},"magazine_blocks_author":{"display_name":"Redactor","author_link":"https:\/\/pornuestrolaredo.com\/?author=1"},"magazine_blocks_comment":0,"magazine_blocks_author_image":"https:\/\/pornuestrolaredo.com\/wp-content\/litespeed\/avatar\/dca1d7ec750c399f025f23b0b314f4cf.jpg?ver=1777612120","magazine_blocks_category":"<a href=\"#\" class=\"category-link category-link-9\">El Mundo<\/a>","jetpack_publicize_connections":[],"featured_image_urls":{"full":"","thumbnail":"","medium":"","medium_large":"","large":"","1536x1536":"","2048x2048":"","morenews-large":"","morenews-medium":""},"author_info":{"info":["Redactor"]},"category_info":"<a href=\"https:\/\/pornuestrolaredo.com\/?cat=9\" rel=\"category\">El Mundo<\/a>","tag_info":"El Mundo","comment_count":"0","jetpack_featured_media_url":"","jetpack_sharing_enabled":true,"_links":{"self":[{"href":"https:\/\/pornuestrolaredo.com\/index.php?rest_route=\/wp\/v2\/posts\/7336","targetHints":{"allow":["GET"]}}],"collection":[{"href":"https:\/\/pornuestrolaredo.com\/index.php?rest_route=\/wp\/v2\/posts"}],"about":[{"href":"https:\/\/pornuestrolaredo.com\/index.php?rest_route=\/wp\/v2\/types\/post"}],"author":[{"embeddable":true,"href":"https:\/\/pornuestrolaredo.com\/index.php?rest_route=\/wp\/v2\/users\/1"}],"replies":[{"embeddable":true,"href":"https:\/\/pornuestrolaredo.com\/index.php?rest_route=%2Fwp%2Fv2%2Fcomments&post=7336"}],"version-history":[{"count":1,"href":"https:\/\/pornuestrolaredo.com\/index.php?rest_route=\/wp\/v2\/posts\/7336\/revisions"}],"predecessor-version":[{"id":7337,"href":"https:\/\/pornuestrolaredo.com\/index.php?rest_route=\/wp\/v2\/posts\/7336\/revisions\/7337"}],"wp:attachment":[{"href":"https:\/\/pornuestrolaredo.com\/index.php?rest_route=%2Fwp%2Fv2%2Fmedia&parent=7336"}],"wp:term":[{"taxonomy":"category","embeddable":true,"href":"https:\/\/pornuestrolaredo.com\/index.php?rest_route=%2Fwp%2Fv2%2Fcategories&post=7336"},{"taxonomy":"post_tag","embeddable":true,"href":"https:\/\/pornuestrolaredo.com\/index.php?rest_route=%2Fwp%2Fv2%2Ftags&post=7336"}],"curies":[{"name":"wp","href":"https:\/\/api.w.org\/{rel}","templated":true}]}}