{"id":738,"date":"2022-10-26T17:46:43","date_gmt":"2022-10-26T17:46:43","guid":{"rendered":"https:\/\/pornuestrolaredo.com\/?p=738"},"modified":"2022-10-29T21:12:21","modified_gmt":"2022-10-29T21:12:21","slug":"adios-al-horario-de-verano-pero-no-en-la-frontera","status":"publish","type":"post","link":"https:\/\/pornuestrolaredo.com\/?p=738","title":{"rendered":"Adi\u00f3s al horario de verano, pero no en la frontera"},"content":{"rendered":"\n<p class=\"wp-block-paragraph\"><strong><em>CIUDAD DE M\u00c9XICO.-<\/em><\/strong> El Senado aprob\u00f3 con 56 votos a favor y 29 en contra eliminar el horario de verano. Ahora solo falta que sea publicado en el Diario Oficial de la Federaci\u00f3n (DOF) para que el pr\u00f3ximo 30 de octubre, los mexicanos atrasen una hora su reloj y sea la \u00faltima vez que lo hagan, salvo aquellos que viven en la frontera, que mantendr\u00e1n los cambios de acuerdo con Estados Unidos.<\/p>\n\n\n\n<blockquote class=\"wp-block-quote is-layout-flow wp-block-quote-is-layout-flow\"><p>En el territorio nacional habr\u00e1 un horario est\u00e1ndar que se establecer\u00e1 de acuerdo con las zonas horarias (\u2026) \u00danicamente se aplicar\u00e1 un horario estacional (horario de verano) para los estados y municipios de la frontera norte\u201d, se\u00f1ala la reforma que expide la Ley de los Husos Horarios y abroga la Ley del Sistema de Horario.<\/p><\/blockquote>\n\n\n\n<p class=\"wp-block-paragraph\">Es decir, los municipios de la zona fronteriza con Estados Unidos conservar\u00e1n el horario de verano para no afectar el intercambio comercial; as\u00ed, en la frontera norte se aplicar\u00e1 el horario de verano desde las 2:00 horas del segundo domingo de marzo hasta las 2:00 horas del primer domingo de noviembre.<\/p>\n\n\n\n<p class=\"wp-block-paragraph\">Adem\u00e1s, se establece la facultad para que los congresos estatales presenten una iniciativa ante el Congreso de la Uni\u00f3n para elegir su propio horario, esto previa consulta a la poblaci\u00f3n.<\/p>\n\n\n\n<p class=\"wp-block-paragraph\">En el documento se argumenta, para la desaparici\u00f3n de \u00e9ste, que la Universidad Nacional Aut\u00f3noma de M\u00e9xico (UNAM) ha advertido que el cambio de horario produce alteraciones -como somnolencia, irritabilidad y dificultades en la atenci\u00f3n- en algunas personas, especialmente en quienes tienen una estructura biol\u00f3gica y psicoemocional poco flexible, as\u00ed como en personas que realizan actividades en horarios r\u00edgidos.<\/p>\n\n\n\n<p class=\"wp-block-paragraph\">Adem\u00e1s, se\u00f1ala&nbsp; que si bien desde 1996 el horario de verano ha contribuido al ahorro de energ\u00eda y ese fue uno de los principales argumentos para implementarlo, este siempre fue por debajo de 1% de la energ\u00eda consumida anualmente.<\/p>\n\n\n\n<p class=\"wp-block-paragraph\">Sigue la informaci\u00f3n sobre los negocios y la actualidad en Forbes M\u00e9xico<\/p>\n\n\n\n<blockquote class=\"wp-block-quote is-layout-flow wp-block-quote-is-layout-flow\"><p>Efectivamente, se ha ahorrado energ\u00eda, pero dicho ahorro no es significativo respecto del total del consumo anual, pues s\u00f3lo en 2021, el consumo nacional fue de 327,000 Gw\/h, y el ahorro por el horario de verano fue de 537 Gw\/h; es decir, de 0.16%, lo equivalente a mil 138 millones de pesos\u201d, detalla el documento. <\/p><\/blockquote>\n\n\n\n<p class=\"wp-block-paragraph\">La aprobaci\u00f3n se dio en una sesi\u00f3n que dur\u00f3 m\u00e1s de 15 horas porque discutieron distintos temas, entre ellos el horario de Verano y la Ley de Ingresos de la Federaci\u00f3n 2023.<\/p>\n","protected":false},"excerpt":{"rendered":"<p>CIUDAD DE M\u00c9XICO.- El Senado aprob\u00f3 con 56 votos a favor y 29 en contra eliminar el horario<\/p>\n","protected":false},"author":1,"featured_media":739,"comment_status":"closed","ping_status":"closed","sticky":false,"template":"","format":"standard","meta":{"_crdt_document":"","_jetpack_memberships_contains_paid_content":false,"footnotes":"","jetpack_publicize_message":"Aprueba el Senado de M\u00e9xico que este 30 de octubre los mexicanos del interior atrasen su reloj por \u00faltima ocasi\u00f3n en 26 a\u00f1os","jetpack_publicize_feature_enabled":true,"jetpack_social_post_already_shared":true,"jetpack_social_options":{"image_generator_settings":{"template":"highway","default_image_id":0,"font":"","enabled":false},"version":2},"_wpas_customize_per_network":false},"categories":[11],"tags":[],"class_list":["post-738","post","type-post","status-publish","format-standard","has-post-thumbnail","hentry","category-tamaulipas"],"magazineBlocksPostFeaturedMedia":{"thumbnail":"https:\/\/pornuestrolaredo.com\/wp-content\/uploads\/2022\/10\/PNL-20221026-1-150x150.jpeg","medium":"https:\/\/pornuestrolaredo.com\/wp-content\/uploads\/2022\/10\/PNL-20221026-1-300x169.jpeg","medium_large":"https:\/\/pornuestrolaredo.com\/wp-content\/uploads\/2022\/10\/PNL-20221026-1-768x432.jpeg","large":"https:\/\/pornuestrolaredo.com\/wp-content\/uploads\/2022\/10\/PNL-20221026-1-1024x576.jpeg","1536x1536":"https:\/\/pornuestrolaredo.com\/wp-content\/uploads\/2022\/10\/PNL-20221026-1.jpeg","2048x2048":"https:\/\/pornuestrolaredo.com\/wp-content\/uploads\/2022\/10\/PNL-20221026-1.jpeg","morenews-large":"https:\/\/pornuestrolaredo.com\/wp-content\/uploads\/2022\/10\/PNL-20221026-1.jpeg","morenews-medium":"https:\/\/pornuestrolaredo.com\/wp-content\/uploads\/2022\/10\/PNL-20221026-1.jpeg"},"magazineBlocksPostAuthor":{"name":"Redactor","avatar":"https:\/\/pornuestrolaredo.com\/wp-content\/litespeed\/avatar\/dca1d7ec750c399f025f23b0b314f4cf.jpg?ver=1777612120"},"magazineBlocksPostCommentsNumber":false,"magazineBlocksPostExcerpt":"CIUDAD DE M\u00c9XICO.- El Senado aprob\u00f3 con 56 votos a favor y 29 en contra eliminar el horario","magazineBlocksPostCategories":["Tamaulipas"],"magazineBlocksPostViewCount":120,"magazineBlocksPostReadTime":3,"magazine_blocks_featured_image_url":{"full":["https:\/\/pornuestrolaredo.com\/wp-content\/uploads\/2022\/10\/PNL-20221026-1.jpeg",1440,810,false],"medium":["https:\/\/pornuestrolaredo.com\/wp-content\/uploads\/2022\/10\/PNL-20221026-1-300x169.jpeg",300,169,true],"thumbnail":["https:\/\/pornuestrolaredo.com\/wp-content\/uploads\/2022\/10\/PNL-20221026-1-150x150.jpeg",150,150,true]},"magazine_blocks_author":{"display_name":"Redactor","author_link":"https:\/\/pornuestrolaredo.com\/?author=1"},"magazine_blocks_comment":0,"magazine_blocks_author_image":"https:\/\/pornuestrolaredo.com\/wp-content\/litespeed\/avatar\/dca1d7ec750c399f025f23b0b314f4cf.jpg?ver=1777612120","magazine_blocks_category":"<a href=\"#\" class=\"category-link category-link-11\">Tamaulipas<\/a>","jetpack_publicize_connections":[],"featured_image_urls":{"full":["https:\/\/pornuestrolaredo.com\/wp-content\/uploads\/2022\/10\/PNL-20221026-1.jpeg",1440,810,false],"thumbnail":["https:\/\/pornuestrolaredo.com\/wp-content\/uploads\/2022\/10\/PNL-20221026-1-150x150.jpeg",150,150,true],"medium":["https:\/\/pornuestrolaredo.com\/wp-content\/uploads\/2022\/10\/PNL-20221026-1-300x169.jpeg",300,169,true],"medium_large":["https:\/\/pornuestrolaredo.com\/wp-content\/uploads\/2022\/10\/PNL-20221026-1-768x432.jpeg",640,360,true],"large":["https:\/\/pornuestrolaredo.com\/wp-content\/uploads\/2022\/10\/PNL-20221026-1-1024x576.jpeg",640,360,true],"1536x1536":["https:\/\/pornuestrolaredo.com\/wp-content\/uploads\/2022\/10\/PNL-20221026-1.jpeg",1440,810,false],"2048x2048":["https:\/\/pornuestrolaredo.com\/wp-content\/uploads\/2022\/10\/PNL-20221026-1.jpeg",1440,810,false],"morenews-large":["https:\/\/pornuestrolaredo.com\/wp-content\/uploads\/2022\/10\/PNL-20221026-1.jpeg",825,464,false],"morenews-medium":["https:\/\/pornuestrolaredo.com\/wp-content\/uploads\/2022\/10\/PNL-20221026-1.jpeg",590,332,false]},"author_info":{"info":["Redactor"]},"category_info":"<a href=\"https:\/\/pornuestrolaredo.com\/?cat=11\" rel=\"category\">Tamaulipas<\/a>","tag_info":"Tamaulipas","comment_count":"0","jetpack_featured_media_url":"https:\/\/pornuestrolaredo.com\/wp-content\/uploads\/2022\/10\/PNL-20221026-1.jpeg","jetpack_sharing_enabled":true,"_links":{"self":[{"href":"https:\/\/pornuestrolaredo.com\/index.php?rest_route=\/wp\/v2\/posts\/738","targetHints":{"allow":["GET"]}}],"collection":[{"href":"https:\/\/pornuestrolaredo.com\/index.php?rest_route=\/wp\/v2\/posts"}],"about":[{"href":"https:\/\/pornuestrolaredo.com\/index.php?rest_route=\/wp\/v2\/types\/post"}],"author":[{"embeddable":true,"href":"https:\/\/pornuestrolaredo.com\/index.php?rest_route=\/wp\/v2\/users\/1"}],"replies":[{"embeddable":true,"href":"https:\/\/pornuestrolaredo.com\/index.php?rest_route=%2Fwp%2Fv2%2Fcomments&post=738"}],"version-history":[{"count":1,"href":"https:\/\/pornuestrolaredo.com\/index.php?rest_route=\/wp\/v2\/posts\/738\/revisions"}],"predecessor-version":[{"id":740,"href":"https:\/\/pornuestrolaredo.com\/index.php?rest_route=\/wp\/v2\/posts\/738\/revisions\/740"}],"wp:featuredmedia":[{"embeddable":true,"href":"https:\/\/pornuestrolaredo.com\/index.php?rest_route=\/wp\/v2\/media\/739"}],"wp:attachment":[{"href":"https:\/\/pornuestrolaredo.com\/index.php?rest_route=%2Fwp%2Fv2%2Fmedia&parent=738"}],"wp:term":[{"taxonomy":"category","embeddable":true,"href":"https:\/\/pornuestrolaredo.com\/index.php?rest_route=%2Fwp%2Fv2%2Fcategories&post=738"},{"taxonomy":"post_tag","embeddable":true,"href":"https:\/\/pornuestrolaredo.com\/index.php?rest_route=%2Fwp%2Fv2%2Ftags&post=738"}],"curies":[{"name":"wp","href":"https:\/\/api.w.org\/{rel}","templated":true}]}}