{"id":741,"date":"2022-10-26T18:18:11","date_gmt":"2022-10-26T18:18:11","guid":{"rendered":"https:\/\/pornuestrolaredo.com\/?p=741"},"modified":"2022-10-29T21:12:13","modified_gmt":"2022-10-29T21:12:13","slug":"dan-a-conocer-lista-de-31-jugadores-para-el-mundial","status":"publish","type":"post","link":"https:\/\/pornuestrolaredo.com\/?p=741","title":{"rendered":"Dan a conocer lista de 31 jugadores para el Mundial"},"content":{"rendered":"\n<p class=\"wp-block-paragraph\"><strong><em>TOLUCA.- <\/em><\/strong>Gerardo \u201cTata\u201d Martino dio a conocer la ma\u00f1ana de este mi\u00e9rcoles a los 31 jugadores que est\u00e1n en la recta final rumbo al Mundial de Qatar, durante una conferencia de prensa en las en las instalaciones de la Federaci\u00f3n Mexicana de Futbol.<\/p>\n\n\n\n<p class=\"wp-block-paragraph\">Los lesionados Ra\u00fal Jim\u00e9nez y Jes\u00fas Manuel Corona forman parte de la convocatoria, mientras que Javier Hern\u00e1ndez y Carlos Vela est\u00e1n fuera.<\/p>\n\n\n\n<p class=\"wp-block-paragraph\">En la porter\u00eda, Guillermo Ochoa, Alfredo Talavera y Rodolfo Cota llegan a la meta, y todo porque al Mundial deben de ser convocados tres guardametas. Carlos Acevedo s\u00f3lo pinta como opci\u00f3n en caso de una baja por enfermedad o lesi\u00f3n.<\/p>\n\n\n\n<p class=\"wp-block-paragraph\">En la defensa, C\u00e9sar Montes, Jes\u00fas Angulo, Jes\u00fas Gallardo, Jorge S\u00e1nchez, Johan V\u00e1squez, Gerardo Arteaga, H\u00e9ctor Moreno, Kevin \u00c1lvarez y N\u00e9stor Araujo.<\/p>\n\n\n\n<p class=\"wp-block-paragraph\">En la media, Andr\u00e9s Guardado, Carlos Rodr\u00edguez, Edson \u00c1lvarez, \u00c9rick Guti\u00e9rrez, \u00c9rick S\u00e1nchez, H\u00e9ctor Herrera, Luis Ch\u00e1vez, Luis Romo y Orbel\u00edn Pineda.<\/p>\n\n\n\n<p class=\"wp-block-paragraph\">En la delantera, Alexis Vega, Diego Lainez, Henry Mart\u00edn, Hirving Lozano, &#8220;Tecatito&#8221;, Jim\u00e9nez, Roberto Alvarado, Rogelio Funes Mori, Santiago Gim\u00e9nez y Uriel Antuna.<\/p>\n\n\n\n<p class=\"wp-block-paragraph\">De estos 31 cinco ser\u00e1n cortados para entregar a la FIFA la lista final de 26 elementos.<\/p>\n\n\n\n<p class=\"wp-block-paragraph\">La Selecci\u00f3n Mexicana viaja el lunes a Girona, Espa\u00f1a, en donde realizar\u00e1 el campamento final, en donde el &#8220;Tata&#8221; Martino realizar\u00e1 los \u00faltimos descartes.<\/p>\n\n\n\n<p class=\"wp-block-paragraph\">El Tricolor enfrenta el 9 de noviembre a Irak, mientras que el d\u00eda 16 se mide a Suecia, para volar el 17 a Doha y preparar el debut mundialista contra Polonia el 22.<\/p>\n\n\n\n<p class=\"has-text-align-center wp-block-paragraph\"><strong>LOS JUGADORES FINALISTAS<\/strong><\/p>\n\n\n\n<p class=\"wp-block-paragraph\">Estos son los 31 jugadores convocados por Gerardo Martino para la concentraci\u00f3n en Girona, pen\u00faltima escala rumbo a Qatar:<\/p>\n\n\n\n<p class=\"wp-block-paragraph\"><strong>PORTEROS<\/strong><\/p>\n\n\n\n<ul class=\"wp-block-list\"><li>Guillermo Ochoa<\/li><li>Alfredo Talavera<\/li><li>Rodolfo Cota<\/li><\/ul>\n\n\n\n<p class=\"wp-block-paragraph\"><strong>DEFENSAS<\/strong><\/p>\n\n\n\n<ul class=\"wp-block-list\"><li>C\u00e9sar Montes<\/li><li>Jes\u00fas Angulo<\/li><li>Jes\u00fas Gallardo<\/li><li>Jorge S\u00e1nchez<\/li><li>Johan V\u00e1squez<\/li><li>Gerardo Arteaga<\/li><li>H\u00e9ctor Moreno<\/li><li>Kevin \u00c1lvarez<\/li><li>N\u00e9stor Araujo<\/li><\/ul>\n\n\n\n<p class=\"wp-block-paragraph\"><strong>MEDIOS<\/strong><\/p>\n\n\n\n<ul class=\"wp-block-list\"><li>Andr\u00e9s Guardado<\/li><li>Carlos Rodr\u00edguez<\/li><li>Edson \u00c1lvarez<\/li><li>\u00c9rick Guti\u00e9rrez<\/li><li>\u00c9rick S\u00e1nchez<\/li><li>H\u00e9ctor Herrera<\/li><li>Luis Ch\u00e1vez<\/li><li>Luis Romo<\/li><li>Orbel\u00edn Pineda<\/li><\/ul>\n\n\n\n<p class=\"wp-block-paragraph\">DELANTEROS<\/p>\n\n\n\n<ul class=\"wp-block-list\"><li>Alexis Vega<\/li><li>Diego Lainez<\/li><li>Henry Mart\u00edn<\/li><li>Hirving Lozano<\/li><li>Jes\u00fas Manuel Corona<\/li><li>Ra\u00fal Jim\u00e9nez<\/li><li>Roberto Alvarado<\/li><li>Rogelio Funes Mori<\/li><li>Santiago Gim\u00e9nez Uriel Antuna<\/li><\/ul>\n","protected":false},"excerpt":{"rendered":"<p>TOLUCA.- Gerardo \u201cTata\u201d Martino dio a conocer la ma\u00f1ana de este mi\u00e9rcoles a los 31 jugadores que est\u00e1n<\/p>\n","protected":false},"author":1,"featured_media":742,"comment_status":"closed","ping_status":"closed","sticky":false,"template":"","format":"standard","meta":{"_crdt_document":"","_jetpack_memberships_contains_paid_content":false,"footnotes":"","jetpack_publicize_message":"De esos, cinco ser\u00e1n eliminados para asistir a Qatar con 26 miembros de la Selecci\u00f3n Mexicana ","jetpack_publicize_feature_enabled":true,"jetpack_social_post_already_shared":true,"jetpack_social_options":{"image_generator_settings":{"template":"highway","default_image_id":0,"font":"","enabled":false},"version":2},"_wpas_customize_per_network":false},"categories":[10],"tags":[],"class_list":["post-741","post","type-post","status-publish","format-standard","has-post-thumbnail","hentry","category-deportes"],"magazineBlocksPostFeaturedMedia":{"thumbnail":"https:\/\/pornuestrolaredo.com\/wp-content\/uploads\/2022\/10\/Stereo91-20221026-2-150x150.jpg","medium":"https:\/\/pornuestrolaredo.com\/wp-content\/uploads\/2022\/10\/Stereo91-20221026-2-300x153.jpg","medium_large":"https:\/\/pornuestrolaredo.com\/wp-content\/uploads\/2022\/10\/Stereo91-20221026-2-768x391.jpg","large":"https:\/\/pornuestrolaredo.com\/wp-content\/uploads\/2022\/10\/Stereo91-20221026-2-1024x521.jpg","1536x1536":"https:\/\/pornuestrolaredo.com\/wp-content\/uploads\/2022\/10\/Stereo91-20221026-2-1536x782.jpg","2048x2048":"https:\/\/pornuestrolaredo.com\/wp-content\/uploads\/2022\/10\/Stereo91-20221026-2.jpg","morenews-large":"https:\/\/pornuestrolaredo.com\/wp-content\/uploads\/2022\/10\/Stereo91-20221026-2.jpg","morenews-medium":"https:\/\/pornuestrolaredo.com\/wp-content\/uploads\/2022\/10\/Stereo91-20221026-2.jpg"},"magazineBlocksPostAuthor":{"name":"Redactor","avatar":"https:\/\/pornuestrolaredo.com\/wp-content\/litespeed\/avatar\/dca1d7ec750c399f025f23b0b314f4cf.jpg?ver=1777612120"},"magazineBlocksPostCommentsNumber":false,"magazineBlocksPostExcerpt":"TOLUCA.- Gerardo \u201cTata\u201d Martino dio a conocer la ma\u00f1ana de este mi\u00e9rcoles a los 31 jugadores que est\u00e1n","magazineBlocksPostCategories":["Deportes"],"magazineBlocksPostViewCount":123,"magazineBlocksPostReadTime":2,"magazine_blocks_featured_image_url":{"full":["https:\/\/pornuestrolaredo.com\/wp-content\/uploads\/2022\/10\/Stereo91-20221026-2.jpg",1924,979,false],"medium":["https:\/\/pornuestrolaredo.com\/wp-content\/uploads\/2022\/10\/Stereo91-20221026-2-300x153.jpg",300,153,true],"thumbnail":["https:\/\/pornuestrolaredo.com\/wp-content\/uploads\/2022\/10\/Stereo91-20221026-2-150x150.jpg",150,150,true]},"magazine_blocks_author":{"display_name":"Redactor","author_link":"https:\/\/pornuestrolaredo.com\/?author=1"},"magazine_blocks_comment":0,"magazine_blocks_author_image":"https:\/\/pornuestrolaredo.com\/wp-content\/litespeed\/avatar\/dca1d7ec750c399f025f23b0b314f4cf.jpg?ver=1777612120","magazine_blocks_category":"<a href=\"#\" class=\"category-link category-link-10\">Deportes<\/a>","jetpack_publicize_connections":[],"featured_image_urls":{"full":["https:\/\/pornuestrolaredo.com\/wp-content\/uploads\/2022\/10\/Stereo91-20221026-2.jpg",1924,979,false],"thumbnail":["https:\/\/pornuestrolaredo.com\/wp-content\/uploads\/2022\/10\/Stereo91-20221026-2-150x150.jpg",150,150,true],"medium":["https:\/\/pornuestrolaredo.com\/wp-content\/uploads\/2022\/10\/Stereo91-20221026-2-300x153.jpg",300,153,true],"medium_large":["https:\/\/pornuestrolaredo.com\/wp-content\/uploads\/2022\/10\/Stereo91-20221026-2-768x391.jpg",640,326,true],"large":["https:\/\/pornuestrolaredo.com\/wp-content\/uploads\/2022\/10\/Stereo91-20221026-2-1024x521.jpg",640,326,true],"1536x1536":["https:\/\/pornuestrolaredo.com\/wp-content\/uploads\/2022\/10\/Stereo91-20221026-2-1536x782.jpg",1536,782,true],"2048x2048":["https:\/\/pornuestrolaredo.com\/wp-content\/uploads\/2022\/10\/Stereo91-20221026-2.jpg",1924,979,false],"morenews-large":["https:\/\/pornuestrolaredo.com\/wp-content\/uploads\/2022\/10\/Stereo91-20221026-2.jpg",825,420,false],"morenews-medium":["https:\/\/pornuestrolaredo.com\/wp-content\/uploads\/2022\/10\/Stereo91-20221026-2.jpg",590,300,false]},"author_info":{"info":["Redactor"]},"category_info":"<a href=\"https:\/\/pornuestrolaredo.com\/?cat=10\" rel=\"category\">Deportes<\/a>","tag_info":"Deportes","comment_count":"0","jetpack_featured_media_url":"https:\/\/pornuestrolaredo.com\/wp-content\/uploads\/2022\/10\/Stereo91-20221026-2.jpg","jetpack_sharing_enabled":true,"_links":{"self":[{"href":"https:\/\/pornuestrolaredo.com\/index.php?rest_route=\/wp\/v2\/posts\/741","targetHints":{"allow":["GET"]}}],"collection":[{"href":"https:\/\/pornuestrolaredo.com\/index.php?rest_route=\/wp\/v2\/posts"}],"about":[{"href":"https:\/\/pornuestrolaredo.com\/index.php?rest_route=\/wp\/v2\/types\/post"}],"author":[{"embeddable":true,"href":"https:\/\/pornuestrolaredo.com\/index.php?rest_route=\/wp\/v2\/users\/1"}],"replies":[{"embeddable":true,"href":"https:\/\/pornuestrolaredo.com\/index.php?rest_route=%2Fwp%2Fv2%2Fcomments&post=741"}],"version-history":[{"count":1,"href":"https:\/\/pornuestrolaredo.com\/index.php?rest_route=\/wp\/v2\/posts\/741\/revisions"}],"predecessor-version":[{"id":743,"href":"https:\/\/pornuestrolaredo.com\/index.php?rest_route=\/wp\/v2\/posts\/741\/revisions\/743"}],"wp:featuredmedia":[{"embeddable":true,"href":"https:\/\/pornuestrolaredo.com\/index.php?rest_route=\/wp\/v2\/media\/742"}],"wp:attachment":[{"href":"https:\/\/pornuestrolaredo.com\/index.php?rest_route=%2Fwp%2Fv2%2Fmedia&parent=741"}],"wp:term":[{"taxonomy":"category","embeddable":true,"href":"https:\/\/pornuestrolaredo.com\/index.php?rest_route=%2Fwp%2Fv2%2Fcategories&post=741"},{"taxonomy":"post_tag","embeddable":true,"href":"https:\/\/pornuestrolaredo.com\/index.php?rest_route=%2Fwp%2Fv2%2Ftags&post=741"}],"curies":[{"name":"wp","href":"https:\/\/api.w.org\/{rel}","templated":true}]}}