{"id":748,"date":"2022-10-26T19:49:32","date_gmt":"2022-10-26T19:49:32","guid":{"rendered":"https:\/\/pornuestrolaredo.com\/?p=748"},"modified":"2022-10-29T21:11:47","modified_gmt":"2022-10-29T21:11:47","slug":"tendra-nld-festival-internacional-de-la-catrina","status":"publish","type":"post","link":"https:\/\/pornuestrolaredo.com\/?p=748","title":{"rendered":"Tendr\u00e1 NLD festival internacional de la Catrina"},"content":{"rendered":"\n<p class=\"wp-block-paragraph\"><strong><em>NUEVO LAREDO.-<\/em><\/strong> El Festival Internacional de la Catrina tendr\u00e1 sede en Nuevo Laredo.<\/p>\n\n\n\n<p class=\"wp-block-paragraph\">Se trata de un evento que conmemora el D\u00eda de Muertos y tendr\u00e1 diversas actividades con artistas locales, de Chile, Francia y Argentina los d\u00edas primero y segundo de noviembre en distintas sedes.<\/p>\n\n\n\n<p class=\"wp-block-paragraph\">El secretario de Educaci\u00f3n, Cultura y Deporte Municipal, H\u00e9ctor Adolfo Mondrag\u00f3n Mass, dio a conocer el itinerario del evento y expuso la variedad de concursos y eventos que habr\u00e1 en las primeras fechas de noviembre.<\/p>\n\n\n\n<blockquote class=\"wp-block-quote is-layout-flow wp-block-quote-is-layout-flow\"><p>Para el D\u00eda de Muertos queremos explotar el dinamismo de Nuevo Laredo, tendremos participaciones de artistas extranjeros y no s\u00f3lo tendremos concursos de catrinas, tambi\u00e9n habr\u00e1 de catrines, alebrijes, altares de muertos y hasta de tamales, ser\u00e1 una gran fiesta a la que est\u00e1n todos invitados\u201d, expres\u00f3.<\/p><\/blockquote>\n\n\n\n<p class=\"wp-block-paragraph\">La fiesta empezar\u00e1 el 1 de noviembre en la Explanada de la Independencia ubicada en calle Guerrero y Dr. Mier junto al Palacio Federal, ah\u00ed en punto de las 4:00 PM hasta las 9:00 PM habr\u00e1 un concurso de catrinas y catrines, teatro musical, conciertos, concurso de altares de muertos, de alebrijes y tambi\u00e9n habr\u00e1 una premiaci\u00f3n para el mejor tamal.<\/p>\n\n\n\n<p class=\"wp-block-paragraph\">Para esta edici\u00f3n que ahora es internacional, se contar\u00e1 con la presentaci\u00f3n del cantautor chileno Leonardo Mallea, los cantautores Flora de Chazal y Gregorio Quir\u00f3s, originarios de Argentina, adem\u00e1s de la banda francochilena Ajimsa.<\/p>\n\n\n\n<p class=\"wp-block-paragraph\">Para el 2 de noviembre a las 11:00 AM, en Estaci\u00f3n Palabra, el grupo extranjero Ajimsa impartir\u00e1 un taller de sensibilizaci\u00f3n musical para ni\u00f1os denominado \u201cM\u00fasicas del mundo\u201d. <\/p>\n\n\n\n<p class=\"wp-block-paragraph\">Como ya es tradici\u00f3n en la ciudad, el d\u00eda 2 de noviembre, de 6:00 PM a 7:00 PM en el Pante\u00f3n Municipal Antiguo se presentar\u00e1 un espect\u00e1culo de danza multidisciplinaria; tambi\u00e9n se efectuar\u00e1 una obra de teatro, poes\u00eda y m\u00fasica en vivo.<\/p>\n","protected":false},"excerpt":{"rendered":"<p>NUEVO LAREDO.- El Festival Internacional de la Catrina tendr\u00e1 sede en Nuevo Laredo. Se trata de un evento<\/p>\n","protected":false},"author":1,"featured_media":749,"comment_status":"closed","ping_status":"closed","sticky":false,"template":"","format":"standard","meta":{"_crdt_document":"","_jetpack_memberships_contains_paid_content":false,"footnotes":"","jetpack_publicize_message":"Habr\u00e1 habr\u00e1 concurso de catrinas y catrines, teatro musical, conciertos, concurso de altares de muertos, de alebrijes y tambi\u00e9n premiaci\u00f3n para el mejor tamal","jetpack_publicize_feature_enabled":true,"jetpack_social_post_already_shared":true,"jetpack_social_options":{"image_generator_settings":{"template":"highway","default_image_id":0,"font":"","enabled":false},"version":2},"_wpas_customize_per_network":false},"categories":[5],"tags":[],"class_list":["post-748","post","type-post","status-publish","format-standard","has-post-thumbnail","hentry","category-dos-laredos"],"magazineBlocksPostFeaturedMedia":{"thumbnail":"https:\/\/pornuestrolaredo.com\/wp-content\/uploads\/2022\/10\/Stereo91-20221026-4-150x150.jpg","medium":"https:\/\/pornuestrolaredo.com\/wp-content\/uploads\/2022\/10\/Stereo91-20221026-4-300x225.jpg","medium_large":"https:\/\/pornuestrolaredo.com\/wp-content\/uploads\/2022\/10\/Stereo91-20221026-4-768x577.jpg","large":"https:\/\/pornuestrolaredo.com\/wp-content\/uploads\/2022\/10\/Stereo91-20221026-4-1024x769.jpg","1536x1536":"https:\/\/pornuestrolaredo.com\/wp-content\/uploads\/2022\/10\/Stereo91-20221026-4.jpg","2048x2048":"https:\/\/pornuestrolaredo.com\/wp-content\/uploads\/2022\/10\/Stereo91-20221026-4.jpg","morenews-large":"https:\/\/pornuestrolaredo.com\/wp-content\/uploads\/2022\/10\/Stereo91-20221026-4.jpg","morenews-medium":"https:\/\/pornuestrolaredo.com\/wp-content\/uploads\/2022\/10\/Stereo91-20221026-4.jpg"},"magazineBlocksPostAuthor":{"name":"Redactor","avatar":"https:\/\/pornuestrolaredo.com\/wp-content\/litespeed\/avatar\/dca1d7ec750c399f025f23b0b314f4cf.jpg?ver=1777612120"},"magazineBlocksPostCommentsNumber":false,"magazineBlocksPostExcerpt":"NUEVO LAREDO.- El Festival Internacional de la Catrina tendr\u00e1 sede en Nuevo Laredo. Se trata de un evento","magazineBlocksPostCategories":["Dos Laredos"],"magazineBlocksPostViewCount":134,"magazineBlocksPostReadTime":2,"magazine_blocks_featured_image_url":{"full":["https:\/\/pornuestrolaredo.com\/wp-content\/uploads\/2022\/10\/Stereo91-20221026-4.jpg",1280,961,false],"medium":["https:\/\/pornuestrolaredo.com\/wp-content\/uploads\/2022\/10\/Stereo91-20221026-4-300x225.jpg",300,225,true],"thumbnail":["https:\/\/pornuestrolaredo.com\/wp-content\/uploads\/2022\/10\/Stereo91-20221026-4-150x150.jpg",150,150,true]},"magazine_blocks_author":{"display_name":"Redactor","author_link":"https:\/\/pornuestrolaredo.com\/?author=1"},"magazine_blocks_comment":0,"magazine_blocks_author_image":"https:\/\/pornuestrolaredo.com\/wp-content\/litespeed\/avatar\/dca1d7ec750c399f025f23b0b314f4cf.jpg?ver=1777612120","magazine_blocks_category":"<a href=\"#\" class=\"category-link category-link-5\">Dos Laredos<\/a>","jetpack_publicize_connections":[],"featured_image_urls":{"full":["https:\/\/pornuestrolaredo.com\/wp-content\/uploads\/2022\/10\/Stereo91-20221026-4.jpg",1280,961,false],"thumbnail":["https:\/\/pornuestrolaredo.com\/wp-content\/uploads\/2022\/10\/Stereo91-20221026-4-150x150.jpg",150,150,true],"medium":["https:\/\/pornuestrolaredo.com\/wp-content\/uploads\/2022\/10\/Stereo91-20221026-4-300x225.jpg",300,225,true],"medium_large":["https:\/\/pornuestrolaredo.com\/wp-content\/uploads\/2022\/10\/Stereo91-20221026-4-768x577.jpg",640,481,true],"large":["https:\/\/pornuestrolaredo.com\/wp-content\/uploads\/2022\/10\/Stereo91-20221026-4-1024x769.jpg",640,481,true],"1536x1536":["https:\/\/pornuestrolaredo.com\/wp-content\/uploads\/2022\/10\/Stereo91-20221026-4.jpg",1280,961,false],"2048x2048":["https:\/\/pornuestrolaredo.com\/wp-content\/uploads\/2022\/10\/Stereo91-20221026-4.jpg",1280,961,false],"morenews-large":["https:\/\/pornuestrolaredo.com\/wp-content\/uploads\/2022\/10\/Stereo91-20221026-4.jpg",766,575,false],"morenews-medium":["https:\/\/pornuestrolaredo.com\/wp-content\/uploads\/2022\/10\/Stereo91-20221026-4.jpg",546,410,false]},"author_info":{"info":["Redactor"]},"category_info":"<a href=\"https:\/\/pornuestrolaredo.com\/?cat=5\" rel=\"category\">Dos Laredos<\/a>","tag_info":"Dos Laredos","comment_count":"0","jetpack_featured_media_url":"https:\/\/pornuestrolaredo.com\/wp-content\/uploads\/2022\/10\/Stereo91-20221026-4.jpg","jetpack_sharing_enabled":true,"_links":{"self":[{"href":"https:\/\/pornuestrolaredo.com\/index.php?rest_route=\/wp\/v2\/posts\/748","targetHints":{"allow":["GET"]}}],"collection":[{"href":"https:\/\/pornuestrolaredo.com\/index.php?rest_route=\/wp\/v2\/posts"}],"about":[{"href":"https:\/\/pornuestrolaredo.com\/index.php?rest_route=\/wp\/v2\/types\/post"}],"author":[{"embeddable":true,"href":"https:\/\/pornuestrolaredo.com\/index.php?rest_route=\/wp\/v2\/users\/1"}],"replies":[{"embeddable":true,"href":"https:\/\/pornuestrolaredo.com\/index.php?rest_route=%2Fwp%2Fv2%2Fcomments&post=748"}],"version-history":[{"count":2,"href":"https:\/\/pornuestrolaredo.com\/index.php?rest_route=\/wp\/v2\/posts\/748\/revisions"}],"predecessor-version":[{"id":792,"href":"https:\/\/pornuestrolaredo.com\/index.php?rest_route=\/wp\/v2\/posts\/748\/revisions\/792"}],"wp:featuredmedia":[{"embeddable":true,"href":"https:\/\/pornuestrolaredo.com\/index.php?rest_route=\/wp\/v2\/media\/749"}],"wp:attachment":[{"href":"https:\/\/pornuestrolaredo.com\/index.php?rest_route=%2Fwp%2Fv2%2Fmedia&parent=748"}],"wp:term":[{"taxonomy":"category","embeddable":true,"href":"https:\/\/pornuestrolaredo.com\/index.php?rest_route=%2Fwp%2Fv2%2Fcategories&post=748"},{"taxonomy":"post_tag","embeddable":true,"href":"https:\/\/pornuestrolaredo.com\/index.php?rest_route=%2Fwp%2Fv2%2Ftags&post=748"}],"curies":[{"name":"wp","href":"https:\/\/api.w.org\/{rel}","templated":true}]}}