{"id":751,"date":"2022-10-26T20:13:08","date_gmt":"2022-10-26T20:13:08","guid":{"rendered":"https:\/\/pornuestrolaredo.com\/?p=751"},"modified":"2022-10-29T21:11:37","modified_gmt":"2022-10-29T21:11:37","slug":"arranca-foro-de-maquiladoras-de-nuevo-laredo","status":"publish","type":"post","link":"https:\/\/pornuestrolaredo.com\/?p=751","title":{"rendered":"Arranca foro de maquiladoras de Nuevo Laredo"},"content":{"rendered":"\n<p class=\"wp-block-paragraph\"><strong><em>NUEVO LAREDO.-<\/em><\/strong> Industriales de Nuevo Laredo se dieron cita en el Centro Cultural de la ciudad para llevar a cabo el Segundo Foro INDEX NLD 2022, donde junto al Gobierno Municipal refrendaron el compromiso de fortalecer el liderazgo de la ciudad en el ramo de la transformaci\u00f3n.<\/p>\n\n\n\n<p class=\"wp-block-paragraph\">La alcaldesa, Carmen Lilia Canturosas Villarreal, junto a Jos\u00e9 Rodolfo Pe\u00f1a Casilla, presidente de INDEX Nuevo Laredo, inauguraron el evento que reuni\u00f3 a 38 empresas l\u00edderes de la ciudad para llevar a cabo un di\u00e1logo y actualizaci\u00f3n sobre la industria.<\/p>\n\n\n\n<p class=\"wp-block-paragraph\">La presidenta municipal reconoci\u00f3 la importancia de trabajar en conjunto con los centros productivos locales para lograr el crecimiento y desarrollo de Nuevo Laredo.<\/p>\n\n\n\n<blockquote class=\"wp-block-quote is-layout-flow wp-block-quote-is-layout-flow\"><p>Con el apoyo del Gobierno del Estado de Tamaulipas que encabeza el gobernador Am\u00e9rico Villarreal Anaya, tendremos un futuro prometedor en nuestra regi\u00f3n, estoy convencida de que el trabajo en conjunto es la forma correcta para conducir a Nuevo Laredo al siguiente nivel, por eso enaltezco lo significativo de colaborar y sumar voluntades entre el sector p\u00fablico, social y privado\u201d, indic\u00f3.<\/p><\/blockquote>\n\n\n\n<p class=\"wp-block-paragraph\">Asegur\u00f3 que el Gobierno Municipal junto al Gobierno del Estado continuar\u00e1 su trabajo para establecer mejores condiciones que permitan mantener a Nuevo Laredo como l\u00edder en comercio exterior.<\/p>\n\n\n\n<p class=\"wp-block-paragraph\">El presidente de INDEX Nuevo Laredo, Jos\u00e9 Rodolfo Pe\u00f1a Casillas, agradeci\u00f3 el inter\u00e9s y el apoyo que ha recibido el sector industrial por parte del Gobierno Municipal.<\/p>\n\n\n\n<blockquote class=\"wp-block-quote is-layout-flow wp-block-quote-is-layout-flow\"><p>Quiero refrendar el compromiso que tenemos en INDEX para contribuir al desarrollo y el progreso de la ciudad, esta organizaci\u00f3n es un aliado para el Ayuntamiento y trabajaremos juntos para lograr ese objetivo\u201d, reiter\u00f3.<\/p><\/blockquote>\n\n\n\n<p class=\"wp-block-paragraph\">El foro cont\u00f3 con la participaci\u00f3n de expertos en la materia que impartieron una serie de conferencias para actualizar y reforzar los conocimientos de la industria y a su vez, impulsar a Nuevo Laredo como referente comercial a trav\u00e9s de esta informaci\u00f3n.<\/p>\n\n\n\n<p class=\"wp-block-paragraph\">El evento tendr\u00e1 una duraci\u00f3n de dos d\u00edas, en donde miembros de la iniciativa privada junto al Gobierno Municipal, fortalecer\u00e1n sus estrateg\u00edas para incentivar la llegada de nuevas empresas y expansi\u00f3n de quienes ya est\u00e1n en la ciudad.<\/p>\n\n\n\n<p class=\"wp-block-paragraph\">Como parte de las acciones para fortalecer la industria maquiladora, el Gobierno Municipal ha llevado a cabo una serie de capacitaciones para brindar mano de obra preparada y calificada, adem\u00e1s de realizar ferias de empleo para cubrir las vacantes que requieren las empresas.<\/p>\n","protected":false},"excerpt":{"rendered":"<p>NUEVO LAREDO.- Industriales de Nuevo Laredo se dieron cita en el Centro Cultural de la ciudad para llevar<\/p>\n","protected":false},"author":1,"featured_media":752,"comment_status":"open","ping_status":"closed","sticky":false,"template":"","format":"standard","meta":{"_crdt_document":"","_jetpack_memberships_contains_paid_content":false,"footnotes":"","jetpack_publicize_message":"Se unen Index NLD y el Gobierno Municipal para fortalecer el liderazgo industrial de esta frontera","jetpack_publicize_feature_enabled":true,"jetpack_social_post_already_shared":true,"jetpack_social_options":{"image_generator_settings":{"template":"highway","default_image_id":0,"font":"","enabled":false},"version":2},"_wpas_customize_per_network":false},"categories":[5],"tags":[],"class_list":["post-751","post","type-post","status-publish","format-standard","has-post-thumbnail","hentry","category-dos-laredos"],"magazineBlocksPostFeaturedMedia":{"thumbnail":"https:\/\/pornuestrolaredo.com\/wp-content\/uploads\/2022\/10\/Stereo91-20221026-5-1-150x150.jpg","medium":"https:\/\/pornuestrolaredo.com\/wp-content\/uploads\/2022\/10\/Stereo91-20221026-5-1-300x200.jpg","medium_large":"https:\/\/pornuestrolaredo.com\/wp-content\/uploads\/2022\/10\/Stereo91-20221026-5-1-768x512.jpg","large":"https:\/\/pornuestrolaredo.com\/wp-content\/uploads\/2022\/10\/Stereo91-20221026-5-1-1024x682.jpg","1536x1536":"https:\/\/pornuestrolaredo.com\/wp-content\/uploads\/2022\/10\/Stereo91-20221026-5-1.jpg","2048x2048":"https:\/\/pornuestrolaredo.com\/wp-content\/uploads\/2022\/10\/Stereo91-20221026-5-1.jpg","morenews-large":"https:\/\/pornuestrolaredo.com\/wp-content\/uploads\/2022\/10\/Stereo91-20221026-5-1.jpg","morenews-medium":"https:\/\/pornuestrolaredo.com\/wp-content\/uploads\/2022\/10\/Stereo91-20221026-5-1.jpg"},"magazineBlocksPostAuthor":{"name":"Redactor","avatar":"https:\/\/pornuestrolaredo.com\/wp-content\/litespeed\/avatar\/dca1d7ec750c399f025f23b0b314f4cf.jpg?ver=1777612120"},"magazineBlocksPostCommentsNumber":false,"magazineBlocksPostExcerpt":"NUEVO LAREDO.- Industriales de Nuevo Laredo se dieron cita en el Centro Cultural de la ciudad para llevar","magazineBlocksPostCategories":["Dos Laredos"],"magazineBlocksPostViewCount":125,"magazineBlocksPostReadTime":3,"magazine_blocks_featured_image_url":{"full":["https:\/\/pornuestrolaredo.com\/wp-content\/uploads\/2022\/10\/Stereo91-20221026-5-1.jpg",1280,853,false],"medium":["https:\/\/pornuestrolaredo.com\/wp-content\/uploads\/2022\/10\/Stereo91-20221026-5-1-300x200.jpg",300,200,true],"thumbnail":["https:\/\/pornuestrolaredo.com\/wp-content\/uploads\/2022\/10\/Stereo91-20221026-5-1-150x150.jpg",150,150,true]},"magazine_blocks_author":{"display_name":"Redactor","author_link":"https:\/\/pornuestrolaredo.com\/?author=1"},"magazine_blocks_comment":0,"magazine_blocks_author_image":"https:\/\/pornuestrolaredo.com\/wp-content\/litespeed\/avatar\/dca1d7ec750c399f025f23b0b314f4cf.jpg?ver=1777612120","magazine_blocks_category":"<a href=\"#\" class=\"category-link category-link-5\">Dos Laredos<\/a>","jetpack_publicize_connections":[],"featured_image_urls":{"full":["https:\/\/pornuestrolaredo.com\/wp-content\/uploads\/2022\/10\/Stereo91-20221026-5-1.jpg",1280,853,false],"thumbnail":["https:\/\/pornuestrolaredo.com\/wp-content\/uploads\/2022\/10\/Stereo91-20221026-5-1-150x150.jpg",150,150,true],"medium":["https:\/\/pornuestrolaredo.com\/wp-content\/uploads\/2022\/10\/Stereo91-20221026-5-1-300x200.jpg",300,200,true],"medium_large":["https:\/\/pornuestrolaredo.com\/wp-content\/uploads\/2022\/10\/Stereo91-20221026-5-1-768x512.jpg",640,427,true],"large":["https:\/\/pornuestrolaredo.com\/wp-content\/uploads\/2022\/10\/Stereo91-20221026-5-1-1024x682.jpg",640,426,true],"1536x1536":["https:\/\/pornuestrolaredo.com\/wp-content\/uploads\/2022\/10\/Stereo91-20221026-5-1.jpg",1280,853,false],"2048x2048":["https:\/\/pornuestrolaredo.com\/wp-content\/uploads\/2022\/10\/Stereo91-20221026-5-1.jpg",1280,853,false],"morenews-large":["https:\/\/pornuestrolaredo.com\/wp-content\/uploads\/2022\/10\/Stereo91-20221026-5-1.jpg",825,550,false],"morenews-medium":["https:\/\/pornuestrolaredo.com\/wp-content\/uploads\/2022\/10\/Stereo91-20221026-5-1.jpg",590,393,false]},"author_info":{"info":["Redactor"]},"category_info":"<a href=\"https:\/\/pornuestrolaredo.com\/?cat=5\" rel=\"category\">Dos Laredos<\/a>","tag_info":"Dos Laredos","comment_count":"0","jetpack_featured_media_url":"https:\/\/pornuestrolaredo.com\/wp-content\/uploads\/2022\/10\/Stereo91-20221026-5-1.jpg","jetpack_sharing_enabled":true,"_links":{"self":[{"href":"https:\/\/pornuestrolaredo.com\/index.php?rest_route=\/wp\/v2\/posts\/751","targetHints":{"allow":["GET"]}}],"collection":[{"href":"https:\/\/pornuestrolaredo.com\/index.php?rest_route=\/wp\/v2\/posts"}],"about":[{"href":"https:\/\/pornuestrolaredo.com\/index.php?rest_route=\/wp\/v2\/types\/post"}],"author":[{"embeddable":true,"href":"https:\/\/pornuestrolaredo.com\/index.php?rest_route=\/wp\/v2\/users\/1"}],"replies":[{"embeddable":true,"href":"https:\/\/pornuestrolaredo.com\/index.php?rest_route=%2Fwp%2Fv2%2Fcomments&post=751"}],"version-history":[{"count":1,"href":"https:\/\/pornuestrolaredo.com\/index.php?rest_route=\/wp\/v2\/posts\/751\/revisions"}],"predecessor-version":[{"id":753,"href":"https:\/\/pornuestrolaredo.com\/index.php?rest_route=\/wp\/v2\/posts\/751\/revisions\/753"}],"wp:featuredmedia":[{"embeddable":true,"href":"https:\/\/pornuestrolaredo.com\/index.php?rest_route=\/wp\/v2\/media\/752"}],"wp:attachment":[{"href":"https:\/\/pornuestrolaredo.com\/index.php?rest_route=%2Fwp%2Fv2%2Fmedia&parent=751"}],"wp:term":[{"taxonomy":"category","embeddable":true,"href":"https:\/\/pornuestrolaredo.com\/index.php?rest_route=%2Fwp%2Fv2%2Fcategories&post=751"},{"taxonomy":"post_tag","embeddable":true,"href":"https:\/\/pornuestrolaredo.com\/index.php?rest_route=%2Fwp%2Fv2%2Ftags&post=751"}],"curies":[{"name":"wp","href":"https:\/\/api.w.org\/{rel}","templated":true}]}}