{"id":757,"date":"2022-10-27T16:07:22","date_gmt":"2022-10-27T16:07:22","guid":{"rendered":"https:\/\/pornuestrolaredo.com\/?p=757"},"modified":"2022-10-29T21:11:15","modified_gmt":"2022-10-29T21:11:15","slug":"aprueba-tamaulipas-el-matrimonio-igualitario","status":"publish","type":"post","link":"https:\/\/pornuestrolaredo.com\/?p=757","title":{"rendered":"Aprueba Tamaulipas el matrimonio igualitario"},"content":{"rendered":"\n<p class=\"wp-block-paragraph\"><strong><em>CIUDAD DE M\u00c9XICO.-<\/em><\/strong> Al grito de \u201c\u00a1s\u00ed se pudo!\u201d, manifestantes celebraron el mi\u00e9rcoles la aprobaci\u00f3n del matrimonio igualitario por parte del Congreso del estado norte\u00f1o de Tamaulipas, el \u00faltimo de los 32 estados de M\u00e9xico en autorizar las uniones entre personas del mismo sexo.<\/p>\n\n\n\n<p class=\"wp-block-paragraph\">Con 23 votos a favor, 12 en contra y dos abstenciones, los legisladores tamaulipecos aprobaron la reforma al C\u00f3digo Civil estatal para permitir los matrimonios igualitarios.<\/p>\n\n\n\n<p class=\"wp-block-paragraph\">La sesi\u00f3n se desarroll\u00f3 en medio de cantos y gritos de grupos a favor y en contra, que se encontraban en un balc\u00f3n del sal\u00f3n. En ciertos momentos interrumpieron las discusiones y obligaron a los congresistas a trasladarse a otro sal\u00f3n para culminar el debate.<\/p>\n\n\n\n<p class=\"wp-block-paragraph\">Uno de los que celebr\u00f3 la decisi\u00f3n del Congreso de Tamaulipas fue el ministro presidente de la Suprema Corte de Justicia, Arturo Zald\u00edvar, quien declar\u00f3 en Twitter: \u201ctodo el pa\u00eds brilla con un enorme arco\u00edris. Vivan la dignidad y los derechos de todas las personas. Amor es amor\u201d.<\/p>\n\n\n\n<p class=\"wp-block-paragraph\">24 horas antes el Congreso del estado de Guerrero en el sur de M\u00e9xico aprob\u00f3 una reforma similar para autorizar las uniones del mismo sexo.<\/p>\n\n\n\n<p class=\"wp-block-paragraph\">En 2015, la Suprema Corte de Justicia declar\u00f3 inconstitucionales las leyes estatales que imped\u00edan el matrimonio entre personas del mismo sexo, pero algunos estados se tardaron varios a\u00f1os en aprobar las reformas.<\/p>\n\n\n\n<p class=\"wp-block-paragraph\">M\u00e1s temprano, el estado suroriental de Quintana Roo se convirti\u00f3 en la d\u00e9cima primera entidad en despenalizar el aborto antes de las doce semanas de gestaci\u00f3n, tras la aprobaci\u00f3n por parte del Congreso de una reforma del C\u00f3digo Penal para garantizar los derechos sexuales y reproductivos de las mujeres, as\u00ed como el derecho a decidir.<\/p>\n\n\n\n<p class=\"wp-block-paragraph\">Con esa decisi\u00f3n el Congreso de Quintana Roo dio cumplimiento a los preceptos de la sentencia que emiti\u00f3 la Suprema Corte en septiembre del a\u00f1o pasado, en la que declar\u00f3 inconstitucional la penalizaci\u00f3n del aborto y estableci\u00f3 que los estados no ten\u00edan competencia para definir el origen de la vida, decisiones que fueron rechazadas por la c\u00fapula de la Iglesia cat\u00f3lica y organizaciones que defienden el embarazo.<\/p>\n","protected":false},"excerpt":{"rendered":"<p>CIUDAD DE M\u00c9XICO.- Al grito de \u201c\u00a1s\u00ed se pudo!\u201d, manifestantes celebraron el mi\u00e9rcoles la aprobaci\u00f3n del matrimonio igualitario<\/p>\n","protected":false},"author":1,"featured_media":758,"comment_status":"closed","ping_status":"closed","sticky":false,"template":"","format":"standard","meta":{"_crdt_document":"","_jetpack_memberships_contains_paid_content":false,"footnotes":"","jetpack_publicize_message":"Se trata del \u00faltimo de los 32 estados de la Rep\u00fablica en darle el si a la uni\u00f3n entre personas del mismo sexo","jetpack_publicize_feature_enabled":true,"jetpack_social_post_already_shared":true,"jetpack_social_options":{"image_generator_settings":{"template":"highway","default_image_id":0,"font":"","enabled":false},"version":2},"_wpas_customize_per_network":false},"categories":[11],"tags":[],"class_list":["post-757","post","type-post","status-publish","format-standard","has-post-thumbnail","hentry","category-tamaulipas"],"magazineBlocksPostFeaturedMedia":{"thumbnail":"https:\/\/pornuestrolaredo.com\/wp-content\/uploads\/2022\/10\/PNL-20221027-1-150x150.jpeg","medium":"https:\/\/pornuestrolaredo.com\/wp-content\/uploads\/2022\/10\/PNL-20221027-1-300x186.jpeg","medium_large":"https:\/\/pornuestrolaredo.com\/wp-content\/uploads\/2022\/10\/PNL-20221027-1-768x476.jpeg","large":"https:\/\/pornuestrolaredo.com\/wp-content\/uploads\/2022\/10\/PNL-20221027-1-1024x635.jpeg","1536x1536":"https:\/\/pornuestrolaredo.com\/wp-content\/uploads\/2022\/10\/PNL-20221027-1.jpeg","2048x2048":"https:\/\/pornuestrolaredo.com\/wp-content\/uploads\/2022\/10\/PNL-20221027-1.jpeg","morenews-large":"https:\/\/pornuestrolaredo.com\/wp-content\/uploads\/2022\/10\/PNL-20221027-1.jpeg","morenews-medium":"https:\/\/pornuestrolaredo.com\/wp-content\/uploads\/2022\/10\/PNL-20221027-1.jpeg"},"magazineBlocksPostAuthor":{"name":"Redactor","avatar":"https:\/\/pornuestrolaredo.com\/wp-content\/litespeed\/avatar\/dca1d7ec750c399f025f23b0b314f4cf.jpg?ver=1777612120"},"magazineBlocksPostCommentsNumber":false,"magazineBlocksPostExcerpt":"CIUDAD DE M\u00c9XICO.- Al grito de \u201c\u00a1s\u00ed se pudo!\u201d, manifestantes celebraron el mi\u00e9rcoles la aprobaci\u00f3n del matrimonio igualitario","magazineBlocksPostCategories":["Tamaulipas"],"magazineBlocksPostViewCount":118,"magazineBlocksPostReadTime":2,"magazine_blocks_featured_image_url":{"full":["https:\/\/pornuestrolaredo.com\/wp-content\/uploads\/2022\/10\/PNL-20221027-1.jpeg",1200,744,false],"medium":["https:\/\/pornuestrolaredo.com\/wp-content\/uploads\/2022\/10\/PNL-20221027-1-300x186.jpeg",300,186,true],"thumbnail":["https:\/\/pornuestrolaredo.com\/wp-content\/uploads\/2022\/10\/PNL-20221027-1-150x150.jpeg",150,150,true]},"magazine_blocks_author":{"display_name":"Redactor","author_link":"https:\/\/pornuestrolaredo.com\/?author=1"},"magazine_blocks_comment":0,"magazine_blocks_author_image":"https:\/\/pornuestrolaredo.com\/wp-content\/litespeed\/avatar\/dca1d7ec750c399f025f23b0b314f4cf.jpg?ver=1777612120","magazine_blocks_category":"<a href=\"#\" class=\"category-link category-link-11\">Tamaulipas<\/a>","jetpack_publicize_connections":[],"featured_image_urls":{"full":["https:\/\/pornuestrolaredo.com\/wp-content\/uploads\/2022\/10\/PNL-20221027-1.jpeg",1200,744,false],"thumbnail":["https:\/\/pornuestrolaredo.com\/wp-content\/uploads\/2022\/10\/PNL-20221027-1-150x150.jpeg",150,150,true],"medium":["https:\/\/pornuestrolaredo.com\/wp-content\/uploads\/2022\/10\/PNL-20221027-1-300x186.jpeg",300,186,true],"medium_large":["https:\/\/pornuestrolaredo.com\/wp-content\/uploads\/2022\/10\/PNL-20221027-1-768x476.jpeg",640,397,true],"large":["https:\/\/pornuestrolaredo.com\/wp-content\/uploads\/2022\/10\/PNL-20221027-1-1024x635.jpeg",640,397,true],"1536x1536":["https:\/\/pornuestrolaredo.com\/wp-content\/uploads\/2022\/10\/PNL-20221027-1.jpeg",1200,744,false],"2048x2048":["https:\/\/pornuestrolaredo.com\/wp-content\/uploads\/2022\/10\/PNL-20221027-1.jpeg",1200,744,false],"morenews-large":["https:\/\/pornuestrolaredo.com\/wp-content\/uploads\/2022\/10\/PNL-20221027-1.jpeg",825,512,false],"morenews-medium":["https:\/\/pornuestrolaredo.com\/wp-content\/uploads\/2022\/10\/PNL-20221027-1.jpeg",590,366,false]},"author_info":{"info":["Redactor"]},"category_info":"<a href=\"https:\/\/pornuestrolaredo.com\/?cat=11\" rel=\"category\">Tamaulipas<\/a>","tag_info":"Tamaulipas","comment_count":"0","jetpack_featured_media_url":"https:\/\/pornuestrolaredo.com\/wp-content\/uploads\/2022\/10\/PNL-20221027-1.jpeg","jetpack_sharing_enabled":true,"_links":{"self":[{"href":"https:\/\/pornuestrolaredo.com\/index.php?rest_route=\/wp\/v2\/posts\/757","targetHints":{"allow":["GET"]}}],"collection":[{"href":"https:\/\/pornuestrolaredo.com\/index.php?rest_route=\/wp\/v2\/posts"}],"about":[{"href":"https:\/\/pornuestrolaredo.com\/index.php?rest_route=\/wp\/v2\/types\/post"}],"author":[{"embeddable":true,"href":"https:\/\/pornuestrolaredo.com\/index.php?rest_route=\/wp\/v2\/users\/1"}],"replies":[{"embeddable":true,"href":"https:\/\/pornuestrolaredo.com\/index.php?rest_route=%2Fwp%2Fv2%2Fcomments&post=757"}],"version-history":[{"count":2,"href":"https:\/\/pornuestrolaredo.com\/index.php?rest_route=\/wp\/v2\/posts\/757\/revisions"}],"predecessor-version":[{"id":790,"href":"https:\/\/pornuestrolaredo.com\/index.php?rest_route=\/wp\/v2\/posts\/757\/revisions\/790"}],"wp:featuredmedia":[{"embeddable":true,"href":"https:\/\/pornuestrolaredo.com\/index.php?rest_route=\/wp\/v2\/media\/758"}],"wp:attachment":[{"href":"https:\/\/pornuestrolaredo.com\/index.php?rest_route=%2Fwp%2Fv2%2Fmedia&parent=757"}],"wp:term":[{"taxonomy":"category","embeddable":true,"href":"https:\/\/pornuestrolaredo.com\/index.php?rest_route=%2Fwp%2Fv2%2Fcategories&post=757"},{"taxonomy":"post_tag","embeddable":true,"href":"https:\/\/pornuestrolaredo.com\/index.php?rest_route=%2Fwp%2Fv2%2Ftags&post=757"}],"curies":[{"name":"wp","href":"https:\/\/api.w.org\/{rel}","templated":true}]}}