{"id":7628,"date":"2025-12-04T20:30:29","date_gmt":"2025-12-05T02:30:29","guid":{"rendered":"https:\/\/pornuestrolaredo.com\/?p=7628"},"modified":"2025-12-04T20:30:29","modified_gmt":"2025-12-05T02:30:29","slug":"dif-nuevo-laredo-inicia-foro-por-el-dia-internacional-de-las-personas-con-discapacidad","status":"publish","type":"post","link":"https:\/\/pornuestrolaredo.com\/?p=7628","title":{"rendered":"DIF Nuevo Laredo inicia foro por el D\u00eda Internacional de las Personas con Discapacidad*"},"content":{"rendered":"<p><strong>NUEVO LAREDO.- <\/strong>El Sistema DIF Nuevo Laredo realiza el Foro \u201cSomos Diversos\u201d en el marco del  D\u00eda Internacional de las Personas con Discapacidad, las cuales se desarrollan del 3 al 5 de diciembre en el Centro de Rehabilitaci\u00f3n Integral. <\/p>\n<p>Durante esta jornada, la ciudadan\u00eda podr\u00e1 participar en conferencias, din\u00e1micas y actividades de sensibilizaci\u00f3n orientadas a promover la inclusi\u00f3n, fortalecer la cultura del respeto y generar espacios de aprendizaje sobre los retos y experiencias que viven las personas con discapacidad.<\/p>\n<p>En el primer d\u00eda se realizaron conferencias sobre par\u00e1lisis cerebral infantil y discapacidades auditivas, adem\u00e1s de la din\u00e1mica \u201cTe presto mis zapatos\u201d. En el segundo d\u00eda, los asistentes participaron en actividades sensoriales como \u201cCaminar con bast\u00f3n y ojos vendados\u201d, ejercicios en sistema Braille y la din\u00e1mica \u201cManos que dicen mucho\u201d, as\u00ed como la  presentaci\u00f3n de la compa\u00f1\u00eda de Teatro ALM. <\/p>\n<p>El director general del Sistema DIF Nuevo Laredo, Viviano V\u00e1zquez Mac\u00edas, destac\u00f3 la importancia del arranque de estas actividades y reiter\u00f3 la invitaci\u00f3n a la poblaci\u00f3n.<\/p>\n<blockquote><p>Estos eventos est\u00e1n pensados para sensibilizar, informar y fortalecer la cultura de inclusi\u00f3n en nuestra ciudad. Invitamos a toda la comunidad a sumarse en los pr\u00f3ximos d\u00edas\u201d, expres\u00f3.<\/p><\/blockquote>\n<p>La programaci\u00f3n contin\u00faa con temas como accesibilidad, retos sensoriales y tecnolog\u00eda con prop\u00f3sito social, adem\u00e1s de din\u00e1micas vivenciales como \u201cEl tel\u00e9fono descompuesto\u201d y exposiciones de deporte inclusivo.<\/p>\n<p>El Sistema DIF Nuevo Laredo record\u00f3 que todas las actividades son gratuitas y de acceso libre para el p\u00fablico, e invit\u00f3 a la comunidad a participar en la jornada del 5 de diciembre, que se desarrollar\u00e1 en un horario de 9:00 de la ma\u00f1ana a 2:00 de la tarde en las instalaciones del CRI (Jaumave #6970, colonia La Fe), con conferencias sobre accesibilidad universal, exhibiciones de deporte inclusivo y diversas din\u00e1micas de sensibilizaci\u00f3n abiertas a toda la ciudadan\u00eda.<\/p>\n","protected":false},"excerpt":{"rendered":"<p>Recuerdan que todas las actividades son gratuitas y de acceso libre para el p\u00fablico, e invit\u00f3 a la comunidad a participar en la jornada del 5 de diciembre<\/p>\n","protected":false},"author":1,"featured_media":7629,"comment_status":"closed","ping_status":"closed","sticky":false,"template":"","format":"aside","meta":{"_crdt_document":"","_jetpack_memberships_contains_paid_content":false,"footnotes":"","jetpack_publicize_message":"","jetpack_publicize_feature_enabled":true,"jetpack_social_post_already_shared":true,"jetpack_social_options":{"image_generator_settings":{"template":"highway","default_image_id":0,"font":"","enabled":false},"version":2},"_wpas_customize_per_network":false},"categories":[5],"tags":[],"class_list":["post-7628","post","type-post","status-publish","format-aside","has-post-thumbnail","hentry","category-dos-laredos","post_format-post-format-aside"],"magazineBlocksPostFeaturedMedia":{"thumbnail":"https:\/\/pornuestrolaredo.com\/wp-content\/uploads\/2025\/12\/Stereo91-20251204-4-150x150.jpg","medium":"https:\/\/pornuestrolaredo.com\/wp-content\/uploads\/2025\/12\/Stereo91-20251204-4-300x200.jpg","medium_large":"https:\/\/pornuestrolaredo.com\/wp-content\/uploads\/2025\/12\/Stereo91-20251204-4-768x511.jpg","large":"https:\/\/pornuestrolaredo.com\/wp-content\/uploads\/2025\/12\/Stereo91-20251204-4-1000x666.jpg","1536x1536":"https:\/\/pornuestrolaredo.com\/wp-content\/uploads\/2025\/12\/Stereo91-20251204-4.jpg","2048x2048":"https:\/\/pornuestrolaredo.com\/wp-content\/uploads\/2025\/12\/Stereo91-20251204-4.jpg","morenews-large":"https:\/\/pornuestrolaredo.com\/wp-content\/uploads\/2025\/12\/Stereo91-20251204-4-825x575.jpg","morenews-medium":"https:\/\/pornuestrolaredo.com\/wp-content\/uploads\/2025\/12\/Stereo91-20251204-4-590x410.jpg"},"magazineBlocksPostAuthor":{"name":"Redactor","avatar":"https:\/\/pornuestrolaredo.com\/wp-content\/litespeed\/avatar\/dca1d7ec750c399f025f23b0b314f4cf.jpg?ver=1777612120"},"magazineBlocksPostCommentsNumber":false,"magazineBlocksPostExcerpt":"Recuerdan que todas las actividades son gratuitas y de acceso libre para el p\u00fablico, e invit\u00f3 a la comunidad a participar en la jornada del 5 de diciembre","magazineBlocksPostCategories":["Dos Laredos"],"magazineBlocksPostViewCount":138,"magazineBlocksPostReadTime":2,"magazine_blocks_featured_image_url":{"full":["https:\/\/pornuestrolaredo.com\/wp-content\/uploads\/2025\/12\/Stereo91-20251204-4.jpg",1098,731,false],"medium":["https:\/\/pornuestrolaredo.com\/wp-content\/uploads\/2025\/12\/Stereo91-20251204-4-300x200.jpg",300,200,true],"thumbnail":["https:\/\/pornuestrolaredo.com\/wp-content\/uploads\/2025\/12\/Stereo91-20251204-4-150x150.jpg",150,150,true]},"magazine_blocks_author":{"display_name":"Redactor","author_link":"https:\/\/pornuestrolaredo.com\/?author=1"},"magazine_blocks_comment":0,"magazine_blocks_author_image":"https:\/\/pornuestrolaredo.com\/wp-content\/litespeed\/avatar\/dca1d7ec750c399f025f23b0b314f4cf.jpg?ver=1777612120","magazine_blocks_category":"<a href=\"#\" class=\"category-link category-link-5\">Dos Laredos<\/a>","jetpack_publicize_connections":[],"featured_image_urls":{"full":["https:\/\/pornuestrolaredo.com\/wp-content\/uploads\/2025\/12\/Stereo91-20251204-4.jpg",1098,731,false],"thumbnail":["https:\/\/pornuestrolaredo.com\/wp-content\/uploads\/2025\/12\/Stereo91-20251204-4-150x150.jpg",150,150,true],"medium":["https:\/\/pornuestrolaredo.com\/wp-content\/uploads\/2025\/12\/Stereo91-20251204-4-300x200.jpg",300,200,true],"medium_large":["https:\/\/pornuestrolaredo.com\/wp-content\/uploads\/2025\/12\/Stereo91-20251204-4-768x511.jpg",640,426,true],"large":["https:\/\/pornuestrolaredo.com\/wp-content\/uploads\/2025\/12\/Stereo91-20251204-4-1000x666.jpg",640,426,true],"1536x1536":["https:\/\/pornuestrolaredo.com\/wp-content\/uploads\/2025\/12\/Stereo91-20251204-4.jpg",1098,731,false],"2048x2048":["https:\/\/pornuestrolaredo.com\/wp-content\/uploads\/2025\/12\/Stereo91-20251204-4.jpg",1098,731,false],"morenews-large":["https:\/\/pornuestrolaredo.com\/wp-content\/uploads\/2025\/12\/Stereo91-20251204-4-825x575.jpg",825,575,true],"morenews-medium":["https:\/\/pornuestrolaredo.com\/wp-content\/uploads\/2025\/12\/Stereo91-20251204-4-590x410.jpg",590,410,true]},"author_info":{"info":["Redactor"]},"category_info":"<a href=\"https:\/\/pornuestrolaredo.com\/?cat=5\" rel=\"category\">Dos Laredos<\/a>","tag_info":"Dos Laredos","comment_count":"0","jetpack_featured_media_url":"https:\/\/pornuestrolaredo.com\/wp-content\/uploads\/2025\/12\/Stereo91-20251204-4.jpg","jetpack_sharing_enabled":true,"_links":{"self":[{"href":"https:\/\/pornuestrolaredo.com\/index.php?rest_route=\/wp\/v2\/posts\/7628","targetHints":{"allow":["GET"]}}],"collection":[{"href":"https:\/\/pornuestrolaredo.com\/index.php?rest_route=\/wp\/v2\/posts"}],"about":[{"href":"https:\/\/pornuestrolaredo.com\/index.php?rest_route=\/wp\/v2\/types\/post"}],"author":[{"embeddable":true,"href":"https:\/\/pornuestrolaredo.com\/index.php?rest_route=\/wp\/v2\/users\/1"}],"replies":[{"embeddable":true,"href":"https:\/\/pornuestrolaredo.com\/index.php?rest_route=%2Fwp%2Fv2%2Fcomments&post=7628"}],"version-history":[{"count":1,"href":"https:\/\/pornuestrolaredo.com\/index.php?rest_route=\/wp\/v2\/posts\/7628\/revisions"}],"predecessor-version":[{"id":7630,"href":"https:\/\/pornuestrolaredo.com\/index.php?rest_route=\/wp\/v2\/posts\/7628\/revisions\/7630"}],"wp:featuredmedia":[{"embeddable":true,"href":"https:\/\/pornuestrolaredo.com\/index.php?rest_route=\/wp\/v2\/media\/7629"}],"wp:attachment":[{"href":"https:\/\/pornuestrolaredo.com\/index.php?rest_route=%2Fwp%2Fv2%2Fmedia&parent=7628"}],"wp:term":[{"taxonomy":"category","embeddable":true,"href":"https:\/\/pornuestrolaredo.com\/index.php?rest_route=%2Fwp%2Fv2%2Fcategories&post=7628"},{"taxonomy":"post_tag","embeddable":true,"href":"https:\/\/pornuestrolaredo.com\/index.php?rest_route=%2Fwp%2Fv2%2Ftags&post=7628"}],"curies":[{"name":"wp","href":"https:\/\/api.w.org\/{rel}","templated":true}]}}