{"id":767,"date":"2022-10-27T17:39:03","date_gmt":"2022-10-27T17:39:03","guid":{"rendered":"https:\/\/pornuestrolaredo.com\/?p=767"},"modified":"2022-10-27T17:39:06","modified_gmt":"2022-10-27T17:39:06","slug":"hacen-exhibicion-virtual-de-tumbas-de-nld%ef%bf%bc","status":"publish","type":"post","link":"https:\/\/pornuestrolaredo.com\/?p=767","title":{"rendered":"Hacen exhibici\u00f3n virtual de tumbas de NLD\ufffc"},"content":{"rendered":"\n<p class=\"wp-block-paragraph\"><strong><em>NUEVO LAREDO.- <\/em><\/strong>El Archivo Hist\u00f3rico se une a las actividades para conmemorar el \u201cD\u00eda de Muertos\u201d con una exposici\u00f3n virtual de l\u00e1pidas, esculturas y b\u00f3vedas que se encuentran en el Pante\u00f3n Municipal Antiguo.<\/p>\n\n\n\n<p class=\"wp-block-paragraph\">La poblaci\u00f3n puede observar fotograf\u00edas de esculturas de m\u00e1rmol que en su mayor\u00eda fueron tra\u00eddas a Nuevo Laredo durante la primera mitad del siglo XX y la tumba m\u00e1s antigua que se trata de una b\u00f3veda de ladrillo fechada en 1880.<\/p>\n\n\n\n<blockquote class=\"wp-block-quote is-layout-flow wp-block-quote-is-layout-flow\"><p>Estamos subiendo im\u00e1genes de las tumbas que consideramos m\u00e1s representativas, m\u00e1s hist\u00f3ricas y con mayor valor art\u00edstico y cultural, que la ciudadan\u00eda voltee a ver el pante\u00f3n como un sitio con mucha riqueza hist\u00f3rica\u201d, mencion\u00f3 Carlos Z\u00fa\u00f1iga, director del Archivo Hist\u00f3rico.<\/p><\/blockquote>\n\n\n\n<p class=\"wp-block-paragraph\">Hasta el 2 de noviembre, que se celebra el tradicional D\u00eda de Muertos, se estar\u00e1 publicando una fotograf\u00eda en la cuenta oficial de Facebook del Archivo General del Municipio, relacionada con el Pante\u00f3n Municipal.<\/p>\n\n\n\n<p class=\"wp-block-paragraph\">Dentro de este camposanto hist\u00f3rico se encuentran tumbas de personajes relevantes como la de Santiago M Belden, quien fue presidente municipal; la de Donaciano Echavarr\u00eda, fil\u00e1ntropo local; as\u00ed como la de Juan E. Richer, historiador y periodista entre otras personalidades. A trav\u00e9s de la p\u00e1gina de Facebook del Archivo General del Municipio es en donde la ciudadan\u00eda podr\u00e1 conocer la riqueza hist\u00f3rica a trav\u00e9s de diferentes fotograf\u00edas.<\/p>\n","protected":false},"excerpt":{"rendered":"<p>NUEVO LAREDO.- El Archivo Hist\u00f3rico se une a las actividades para conmemorar el \u201cD\u00eda de Muertos\u201d con una<\/p>\n","protected":false},"author":1,"featured_media":769,"comment_status":"open","ping_status":"open","sticky":false,"template":"","format":"standard","meta":{"_crdt_document":"","_jetpack_memberships_contains_paid_content":false,"footnotes":"","jetpack_publicize_message":"El Archivo Hist\u00f3rico presenta l\u00e1pidas, esculturas y b\u00f3vedas que se encuentran en el Pante\u00f3n Municipal Antiguo","jetpack_publicize_feature_enabled":true,"jetpack_social_post_already_shared":true,"jetpack_social_options":{"image_generator_settings":{"template":"highway","default_image_id":0,"font":"","enabled":false},"version":2},"_wpas_customize_per_network":false},"categories":[5],"tags":[],"class_list":["post-767","post","type-post","status-publish","format-standard","has-post-thumbnail","hentry","category-dos-laredos"],"magazineBlocksPostFeaturedMedia":{"thumbnail":"https:\/\/pornuestrolaredo.com\/wp-content\/uploads\/2022\/10\/PNL-20221027-4-150x150.jpg","medium":"https:\/\/pornuestrolaredo.com\/wp-content\/uploads\/2022\/10\/PNL-20221027-4-300x158.jpg","medium_large":"https:\/\/pornuestrolaredo.com\/wp-content\/uploads\/2022\/10\/PNL-20221027-4-768x403.jpg","large":"https:\/\/pornuestrolaredo.com\/wp-content\/uploads\/2022\/10\/PNL-20221027-4-1024x538.jpg","1536x1536":"https:\/\/pornuestrolaredo.com\/wp-content\/uploads\/2022\/10\/PNL-20221027-4.jpg","2048x2048":"https:\/\/pornuestrolaredo.com\/wp-content\/uploads\/2022\/10\/PNL-20221027-4.jpg","morenews-large":"https:\/\/pornuestrolaredo.com\/wp-content\/uploads\/2022\/10\/PNL-20221027-4.jpg","morenews-medium":"https:\/\/pornuestrolaredo.com\/wp-content\/uploads\/2022\/10\/PNL-20221027-4.jpg"},"magazineBlocksPostAuthor":{"name":"Redactor","avatar":"https:\/\/pornuestrolaredo.com\/wp-content\/litespeed\/avatar\/dca1d7ec750c399f025f23b0b314f4cf.jpg?ver=1777612120"},"magazineBlocksPostCommentsNumber":false,"magazineBlocksPostExcerpt":"NUEVO LAREDO.- El Archivo Hist\u00f3rico se une a las actividades para conmemorar el \u201cD\u00eda de Muertos\u201d con una","magazineBlocksPostCategories":["Dos Laredos"],"magazineBlocksPostViewCount":114,"magazineBlocksPostReadTime":2,"magazine_blocks_featured_image_url":{"full":["https:\/\/pornuestrolaredo.com\/wp-content\/uploads\/2022\/10\/PNL-20221027-4.jpg",1280,672,false],"medium":["https:\/\/pornuestrolaredo.com\/wp-content\/uploads\/2022\/10\/PNL-20221027-4-300x158.jpg",300,158,true],"thumbnail":["https:\/\/pornuestrolaredo.com\/wp-content\/uploads\/2022\/10\/PNL-20221027-4-150x150.jpg",150,150,true]},"magazine_blocks_author":{"display_name":"Redactor","author_link":"https:\/\/pornuestrolaredo.com\/?author=1"},"magazine_blocks_comment":0,"magazine_blocks_author_image":"https:\/\/pornuestrolaredo.com\/wp-content\/litespeed\/avatar\/dca1d7ec750c399f025f23b0b314f4cf.jpg?ver=1777612120","magazine_blocks_category":"<a href=\"#\" class=\"category-link category-link-5\">Dos Laredos<\/a>","jetpack_publicize_connections":[],"featured_image_urls":{"full":["https:\/\/pornuestrolaredo.com\/wp-content\/uploads\/2022\/10\/PNL-20221027-4.jpg",1280,672,false],"thumbnail":["https:\/\/pornuestrolaredo.com\/wp-content\/uploads\/2022\/10\/PNL-20221027-4-150x150.jpg",150,150,true],"medium":["https:\/\/pornuestrolaredo.com\/wp-content\/uploads\/2022\/10\/PNL-20221027-4-300x158.jpg",300,158,true],"medium_large":["https:\/\/pornuestrolaredo.com\/wp-content\/uploads\/2022\/10\/PNL-20221027-4-768x403.jpg",640,336,true],"large":["https:\/\/pornuestrolaredo.com\/wp-content\/uploads\/2022\/10\/PNL-20221027-4-1024x538.jpg",640,336,true],"1536x1536":["https:\/\/pornuestrolaredo.com\/wp-content\/uploads\/2022\/10\/PNL-20221027-4.jpg",1280,672,false],"2048x2048":["https:\/\/pornuestrolaredo.com\/wp-content\/uploads\/2022\/10\/PNL-20221027-4.jpg",1280,672,false],"morenews-large":["https:\/\/pornuestrolaredo.com\/wp-content\/uploads\/2022\/10\/PNL-20221027-4.jpg",825,433,false],"morenews-medium":["https:\/\/pornuestrolaredo.com\/wp-content\/uploads\/2022\/10\/PNL-20221027-4.jpg",590,310,false]},"author_info":{"info":["Redactor"]},"category_info":"<a href=\"https:\/\/pornuestrolaredo.com\/?cat=5\" rel=\"category\">Dos Laredos<\/a>","tag_info":"Dos Laredos","comment_count":"0","jetpack_featured_media_url":"https:\/\/pornuestrolaredo.com\/wp-content\/uploads\/2022\/10\/PNL-20221027-4.jpg","jetpack_sharing_enabled":true,"_links":{"self":[{"href":"https:\/\/pornuestrolaredo.com\/index.php?rest_route=\/wp\/v2\/posts\/767","targetHints":{"allow":["GET"]}}],"collection":[{"href":"https:\/\/pornuestrolaredo.com\/index.php?rest_route=\/wp\/v2\/posts"}],"about":[{"href":"https:\/\/pornuestrolaredo.com\/index.php?rest_route=\/wp\/v2\/types\/post"}],"author":[{"embeddable":true,"href":"https:\/\/pornuestrolaredo.com\/index.php?rest_route=\/wp\/v2\/users\/1"}],"replies":[{"embeddable":true,"href":"https:\/\/pornuestrolaredo.com\/index.php?rest_route=%2Fwp%2Fv2%2Fcomments&post=767"}],"version-history":[{"count":1,"href":"https:\/\/pornuestrolaredo.com\/index.php?rest_route=\/wp\/v2\/posts\/767\/revisions"}],"predecessor-version":[{"id":770,"href":"https:\/\/pornuestrolaredo.com\/index.php?rest_route=\/wp\/v2\/posts\/767\/revisions\/770"}],"wp:featuredmedia":[{"embeddable":true,"href":"https:\/\/pornuestrolaredo.com\/index.php?rest_route=\/wp\/v2\/media\/769"}],"wp:attachment":[{"href":"https:\/\/pornuestrolaredo.com\/index.php?rest_route=%2Fwp%2Fv2%2Fmedia&parent=767"}],"wp:term":[{"taxonomy":"category","embeddable":true,"href":"https:\/\/pornuestrolaredo.com\/index.php?rest_route=%2Fwp%2Fv2%2Fcategories&post=767"},{"taxonomy":"post_tag","embeddable":true,"href":"https:\/\/pornuestrolaredo.com\/index.php?rest_route=%2Fwp%2Fv2%2Ftags&post=767"}],"curies":[{"name":"wp","href":"https:\/\/api.w.org\/{rel}","templated":true}]}}