{"id":771,"date":"2022-10-27T17:46:18","date_gmt":"2022-10-27T17:46:18","guid":{"rendered":"https:\/\/pornuestrolaredo.com\/?p=771"},"modified":"2022-10-29T21:10:41","modified_gmt":"2022-10-29T21:10:41","slug":"expone-carmen-lilia-proyectos-estrategicos-para-nld-en-foro-de-index","status":"publish","type":"post","link":"https:\/\/pornuestrolaredo.com\/?p=771","title":{"rendered":"Expone Carmen Lilia proyectos estrat\u00e9gicos para NLD en Foro de Index"},"content":{"rendered":"\n<p class=\"wp-block-paragraph\"><strong><em>NUEVO LAREDO.-<\/em><\/strong> Como parte del Segundo Foro INDEX NLD 2022, la alcaldesa Carmen Lilia Canturosas Villarreal, junto a Luis Manuel Hern\u00e1ndez, presidente de nacional de INDEX;&nbsp; Albert Flores, director de CBP y Armando Taboada, asistente de operaciones, particip\u00f3 en el&nbsp; panel Evoluci\u00f3n y transformaci\u00f3n de los Dos Laredos: Retos y perspectivas.<\/p>\n\n\n\n<p class=\"wp-block-paragraph\">La presidenta municipal expuso los proyectos que desde el Gobierno Municipal ha impulsado para refrendar el liderazgo comercial y log\u00edstico de la regi\u00f3n, adem\u00e1s de los trabajos que llevan en conjunto con la ciudad de Laredo, Texas, para llevar a cabo una agenda binacional metropolitana.<\/p>\n\n\n\n<blockquote class=\"wp-block-quote is-layout-flow wp-block-quote-is-layout-flow\"><p>Trabajamos unidos para impulsar el desarrollo metropolitano binacional, hoy nos estamos consolidando como una zona estrat\u00e9gica para los negocios, el comercio internacional, la log\u00edstica y el desarrollo industrial, todo esto con un enfoque humanista en el que buscamos generar bienestar para nuestra comunidad\u201d, recalc\u00f3.<\/p><\/blockquote>\n\n\n\n<p class=\"wp-block-paragraph\">La alcaldesa destac\u00f3 que gracias a ese liderazgo aduanero y log\u00edstico de la mano del Gobierno Federal y el gobernador Am\u00e9rico Villarreal, llegar\u00e1n a Nuevo Laredo proyectos en materia de infraestructura como la Agencia Nacional de Aduanas de M\u00e9xico (ANAM) con una inversi\u00f3n superior a los 3 mil 300 millones de pesos.<\/p>\n\n\n\n<blockquote class=\"wp-block-quote is-layout-flow wp-block-quote-is-layout-flow\"><p>Nuevo Laredo es considerado como la principal aduana de M\u00e9xico y Am\u00e9rica Latina por ello el Gobierno Federal ha anunciado la construcci\u00f3n de la ANAM y en conjunto con los tres niveles de gobierno, trabajamos para desarrollar la ampliaci\u00f3n del Puente del Comercio Mundial por donde se genera el mayor intercambio comercial entre M\u00e9xico y Estados Unidos\u201d, inform\u00f3.<\/p><\/blockquote>\n\n\n\n<p class=\"wp-block-paragraph\">Tambi\u00e9n mencion\u00f3 que se impulsa la construcci\u00f3n del puente 4-5 y&nbsp; gracias a la buena relaci\u00f3n con el Gobierno Federal y del Estado se trabajar\u00e1 la culminaci\u00f3n de un tramo de la carretera MEX-II, que es uno de los principales accesos al Puente 3.<\/p>\n\n\n\n<p class=\"wp-block-paragraph\">Asegur\u00f3 que Nuevo Laredo tiene la capacidad e infraestructura necesaria para aprovechar la relocalizaci\u00f3n de inversiones, es por ello que el Gobierno Municipal trabaja para tener una ciudad atractiva y lleguen nuevos empresarios, adem\u00e1s de los esfuerzos hombro a hombro con organismos civiles, iniciativa privada y ciudadan\u00eda en general con la finalidad de fortalecer las ventajas competitivas de la localidad.<\/p>\n\n\n\n<blockquote class=\"wp-block-quote is-layout-flow wp-block-quote-is-layout-flow\"><p>Por nuestro liderazgo en comercio y log\u00edstica, as\u00ed como nuestra ubicaci\u00f3n privilegiada, trabajamos en fortalecer nuestra infraestructura urbana, porque esa es la base para tener una ciudad fuerte y lista para recibir nuevas inversiones, pero tambi\u00e9n impulsamos proyectos estrat\u00e9gicos con los que estamos seguros, elevaremos nuestras ventajas competitivas\u201d, apunt\u00f3. <\/p><\/blockquote>\n\n\n\n<p class=\"wp-block-paragraph\">Finaliz\u00f3 su participaci\u00f3n con un reconocimiento a INDEX por su labor en gestionar este importante foro que reuni\u00f3 a importantes empresas y reiter\u00f3 que mantendr\u00e1 la misma din\u00e1mica de trabajar en equipo con el sector industrial para que Nuevo Laredo se consolide como referente en el desarrollo econ\u00f3mico e industrial.<\/p>\n","protected":false},"excerpt":{"rendered":"<p>NUEVO LAREDO.- Como parte del Segundo Foro INDEX NLD 2022, la alcaldesa Carmen Lilia Canturosas Villarreal, junto a<\/p>\n","protected":false},"author":1,"featured_media":772,"comment_status":"closed","ping_status":"closed","sticky":false,"template":"","format":"standard","meta":{"_crdt_document":"","_jetpack_memberships_contains_paid_content":false,"footnotes":"","jetpack_publicize_message":"Explica que los dos Laredos se consolidan como como una zona estrat\u00e9gica para los negocios, el comercio internacional, la log\u00edstica y el desarrollo industrial","jetpack_publicize_feature_enabled":true,"jetpack_social_post_already_shared":true,"jetpack_social_options":{"image_generator_settings":{"template":"highway","default_image_id":0,"font":"","enabled":false},"version":2},"_wpas_customize_per_network":false},"categories":[5],"tags":[],"class_list":["post-771","post","type-post","status-publish","format-standard","has-post-thumbnail","hentry","category-dos-laredos"],"magazineBlocksPostFeaturedMedia":{"thumbnail":"https:\/\/pornuestrolaredo.com\/wp-content\/uploads\/2022\/10\/PNL-20221027-6-150x150.jpg","medium":"https:\/\/pornuestrolaredo.com\/wp-content\/uploads\/2022\/10\/PNL-20221027-6-300x200.jpg","medium_large":"https:\/\/pornuestrolaredo.com\/wp-content\/uploads\/2022\/10\/PNL-20221027-6-768x512.jpg","large":"https:\/\/pornuestrolaredo.com\/wp-content\/uploads\/2022\/10\/PNL-20221027-6.jpg","1536x1536":"https:\/\/pornuestrolaredo.com\/wp-content\/uploads\/2022\/10\/PNL-20221027-6.jpg","2048x2048":"https:\/\/pornuestrolaredo.com\/wp-content\/uploads\/2022\/10\/PNL-20221027-6.jpg","morenews-large":"https:\/\/pornuestrolaredo.com\/wp-content\/uploads\/2022\/10\/PNL-20221027-6.jpg","morenews-medium":"https:\/\/pornuestrolaredo.com\/wp-content\/uploads\/2022\/10\/PNL-20221027-6.jpg"},"magazineBlocksPostAuthor":{"name":"Redactor","avatar":"https:\/\/pornuestrolaredo.com\/wp-content\/litespeed\/avatar\/dca1d7ec750c399f025f23b0b314f4cf.jpg?ver=1777612120"},"magazineBlocksPostCommentsNumber":false,"magazineBlocksPostExcerpt":"NUEVO LAREDO.- Como parte del Segundo Foro INDEX NLD 2022, la alcaldesa Carmen Lilia Canturosas Villarreal, junto a","magazineBlocksPostCategories":["Dos Laredos"],"magazineBlocksPostViewCount":119,"magazineBlocksPostReadTime":3,"magazine_blocks_featured_image_url":{"full":["https:\/\/pornuestrolaredo.com\/wp-content\/uploads\/2022\/10\/PNL-20221027-6.jpg",992,661,false],"medium":["https:\/\/pornuestrolaredo.com\/wp-content\/uploads\/2022\/10\/PNL-20221027-6-300x200.jpg",300,200,true],"thumbnail":["https:\/\/pornuestrolaredo.com\/wp-content\/uploads\/2022\/10\/PNL-20221027-6-150x150.jpg",150,150,true]},"magazine_blocks_author":{"display_name":"Redactor","author_link":"https:\/\/pornuestrolaredo.com\/?author=1"},"magazine_blocks_comment":0,"magazine_blocks_author_image":"https:\/\/pornuestrolaredo.com\/wp-content\/litespeed\/avatar\/dca1d7ec750c399f025f23b0b314f4cf.jpg?ver=1777612120","magazine_blocks_category":"<a href=\"#\" class=\"category-link category-link-5\">Dos Laredos<\/a>","jetpack_publicize_connections":[],"featured_image_urls":{"full":["https:\/\/pornuestrolaredo.com\/wp-content\/uploads\/2022\/10\/PNL-20221027-6.jpg",992,661,false],"thumbnail":["https:\/\/pornuestrolaredo.com\/wp-content\/uploads\/2022\/10\/PNL-20221027-6-150x150.jpg",150,150,true],"medium":["https:\/\/pornuestrolaredo.com\/wp-content\/uploads\/2022\/10\/PNL-20221027-6-300x200.jpg",300,200,true],"medium_large":["https:\/\/pornuestrolaredo.com\/wp-content\/uploads\/2022\/10\/PNL-20221027-6-768x512.jpg",640,427,true],"large":["https:\/\/pornuestrolaredo.com\/wp-content\/uploads\/2022\/10\/PNL-20221027-6.jpg",640,426,false],"1536x1536":["https:\/\/pornuestrolaredo.com\/wp-content\/uploads\/2022\/10\/PNL-20221027-6.jpg",992,661,false],"2048x2048":["https:\/\/pornuestrolaredo.com\/wp-content\/uploads\/2022\/10\/PNL-20221027-6.jpg",992,661,false],"morenews-large":["https:\/\/pornuestrolaredo.com\/wp-content\/uploads\/2022\/10\/PNL-20221027-6.jpg",825,550,false],"morenews-medium":["https:\/\/pornuestrolaredo.com\/wp-content\/uploads\/2022\/10\/PNL-20221027-6.jpg",590,393,false]},"author_info":{"info":["Redactor"]},"category_info":"<a href=\"https:\/\/pornuestrolaredo.com\/?cat=5\" rel=\"category\">Dos Laredos<\/a>","tag_info":"Dos Laredos","comment_count":"0","jetpack_featured_media_url":"https:\/\/pornuestrolaredo.com\/wp-content\/uploads\/2022\/10\/PNL-20221027-6.jpg","jetpack_sharing_enabled":true,"_links":{"self":[{"href":"https:\/\/pornuestrolaredo.com\/index.php?rest_route=\/wp\/v2\/posts\/771","targetHints":{"allow":["GET"]}}],"collection":[{"href":"https:\/\/pornuestrolaredo.com\/index.php?rest_route=\/wp\/v2\/posts"}],"about":[{"href":"https:\/\/pornuestrolaredo.com\/index.php?rest_route=\/wp\/v2\/types\/post"}],"author":[{"embeddable":true,"href":"https:\/\/pornuestrolaredo.com\/index.php?rest_route=\/wp\/v2\/users\/1"}],"replies":[{"embeddable":true,"href":"https:\/\/pornuestrolaredo.com\/index.php?rest_route=%2Fwp%2Fv2%2Fcomments&post=771"}],"version-history":[{"count":2,"href":"https:\/\/pornuestrolaredo.com\/index.php?rest_route=\/wp\/v2\/posts\/771\/revisions"}],"predecessor-version":[{"id":787,"href":"https:\/\/pornuestrolaredo.com\/index.php?rest_route=\/wp\/v2\/posts\/771\/revisions\/787"}],"wp:featuredmedia":[{"embeddable":true,"href":"https:\/\/pornuestrolaredo.com\/index.php?rest_route=\/wp\/v2\/media\/772"}],"wp:attachment":[{"href":"https:\/\/pornuestrolaredo.com\/index.php?rest_route=%2Fwp%2Fv2%2Fmedia&parent=771"}],"wp:term":[{"taxonomy":"category","embeddable":true,"href":"https:\/\/pornuestrolaredo.com\/index.php?rest_route=%2Fwp%2Fv2%2Fcategories&post=771"},{"taxonomy":"post_tag","embeddable":true,"href":"https:\/\/pornuestrolaredo.com\/index.php?rest_route=%2Fwp%2Fv2%2Ftags&post=771"}],"curies":[{"name":"wp","href":"https:\/\/api.w.org\/{rel}","templated":true}]}}