{"id":774,"date":"2022-10-27T18:37:19","date_gmt":"2022-10-27T18:37:19","guid":{"rendered":"https:\/\/pornuestrolaredo.com\/?p=774"},"modified":"2022-10-29T21:10:24","modified_gmt":"2022-10-29T21:10:24","slug":"cambio-de-horario-seran-mas-de-6-meses-de-confusion","status":"publish","type":"post","link":"https:\/\/pornuestrolaredo.com\/?p=774","title":{"rendered":"Cambio de horario\u2026 ser\u00e1n m\u00e1s de 6 meses de confusi\u00f3n"},"content":{"rendered":"\n<p class=\"wp-block-paragraph\"><strong><em>NUEVO LAREDO.-<\/em><\/strong> Durante m\u00e1s de seis largos meses, Nuevo Laredo y casi toda la frontera norte de M\u00e9xico experimentar\u00e1 rarezas con el horario, al estar desfasado con el resto del pa\u00eds.<\/p>\n\n\n\n<p class=\"wp-block-paragraph\">Incluso, desde este y hasta al siguiente domingo, los fronterizos tendr\u00e1n una probadita de lo que ser\u00e1 durante m\u00e1s de seis meses, todo el verano, parte de la primavera y parte del oto\u00f1o.<\/p>\n\n\n\n<p class=\"wp-block-paragraph\">Por ejemplo, para quienes gusten de ver programas de televisi\u00f3n o espect\u00e1culos y eventos deportivos y culturales transmitidos desde el interior del pa\u00eds, tendr\u00e1n que hacer una peque\u00f1a operaci\u00f3n matem\u00e1tica\u2026 Si el partido es a las 6:00 de la tarde, hora de Ciudad de M\u00e9xico, entonces para nosotros ser\u00e1 a las 7:00. Hasta ah\u00ed no parece tan complicado.<\/p>\n\n\n\n<p class=\"wp-block-paragraph\">Sin embargo, si alguien en Nuevo Laredo tiene una cita en Monterrey, ah\u00ed a cosa cambia un poco.<\/p>\n\n\n\n<p class=\"wp-block-paragraph\">Supongamos que la cita es a las 5:00 de la tarde de all\u00e1. El neolaredense sale de Nuevo Laredo a las 12:00 del mediod\u00eda en su reloj con un firme pensamiento: \u201cSon dos horas y media de viaje\u2026 llegar\u00e9 a las 2:30 de la tarde\u201d. Sorpresa, resulta que de acuerdo con el horario de Monterrey, el viaje \u201cdur\u00f3 hora y media\u201d porque all\u00e1 es apenas la 1:30.<\/p>\n\n\n\n<p class=\"wp-block-paragraph\">Otra cosa ser\u00e1 cuando uno salga de Monterrey a Nuevo Laredo. De aqu\u00ed para all\u00e1 deber\u00e1 pensar en una hora menos y de all\u00e1 para ac\u00e1, en una hora m\u00e1s\u2026 s\u00ed, si sale al mediod\u00eda de Monterrey y su viaje dura 2 horas y media, al llegar a Nuevo Laredo ser\u00e1n las 3:30 de la tarde.<\/p>\n\n\n\n<p class=\"wp-block-paragraph\">Claro, eso se soluciona \u201cconvirtiendo\u201d todo a un solo horario. Uno puede elegir que si la cita es a las 5:00 de la tarde, pensar que en realidad es a las 6:00 de Nuevo Laredo y ajustar su viaje de acuerdo a esa l\u00f3gica o simplemente ajustarse al horario de Monterrey y pensar siempre con una hora atr\u00e1s.<\/p>\n\n\n\n<p class=\"wp-block-paragraph\">Por ahora, con los cambios aprobados este 26 de octubre por el Senado, la confusi\u00f3n con los horarios durar\u00e1 un poco m\u00e1s de seis meses, pero eso podr\u00eda ser diferente. Y es que en Estados Unidos tambi\u00e9n quieren eliminar el cambio de horario, pero ellos pretenden dejar el de verano, es decir, con una hora adelantada.<\/p>\n\n\n\n<p class=\"wp-block-paragraph\">Si Estados Unidos aprueba eliminar el cambio de horario, entonces los neolaredenses tendr\u00e1n desfasado el horario con el interior del pa\u00eds todo el a\u00f1o porque el movimiento del comercio internacional nos obligar\u00e1 a mantener siempre una hora adelante.<\/p>\n","protected":false},"excerpt":{"rendered":"<p>NUEVO LAREDO.- Durante m\u00e1s de seis largos meses, Nuevo Laredo y casi toda la frontera norte de M\u00e9xico<\/p>\n","protected":false},"author":1,"featured_media":775,"comment_status":"closed","ping_status":"closed","sticky":false,"template":"","format":"standard","meta":{"_crdt_document":"","_jetpack_memberships_contains_paid_content":false,"footnotes":"","jetpack_publicize_message":"Ver el partido o el programa de televisi\u00f3n implicar\u00e1 tener que hacer una peque\u00f1a operaci\u00f3n matem\u00e1tica para no sufrir una sorpresa","jetpack_publicize_feature_enabled":true,"jetpack_social_post_already_shared":true,"jetpack_social_options":{"image_generator_settings":{"template":"highway","default_image_id":0,"font":"","enabled":false},"version":2},"_wpas_customize_per_network":false},"categories":[5],"tags":[],"class_list":["post-774","post","type-post","status-publish","format-standard","has-post-thumbnail","hentry","category-dos-laredos"],"magazineBlocksPostFeaturedMedia":{"thumbnail":"https:\/\/pornuestrolaredo.com\/wp-content\/uploads\/2022\/10\/Stereo91-20221027-6-150x150.jpeg","medium":"https:\/\/pornuestrolaredo.com\/wp-content\/uploads\/2022\/10\/Stereo91-20221027-6-300x169.jpeg","medium_large":"https:\/\/pornuestrolaredo.com\/wp-content\/uploads\/2022\/10\/Stereo91-20221027-6-768x432.jpeg","large":"https:\/\/pornuestrolaredo.com\/wp-content\/uploads\/2022\/10\/Stereo91-20221027-6-1024x576.jpeg","1536x1536":"https:\/\/pornuestrolaredo.com\/wp-content\/uploads\/2022\/10\/Stereo91-20221027-6-1536x864.jpeg","2048x2048":"https:\/\/pornuestrolaredo.com\/wp-content\/uploads\/2022\/10\/Stereo91-20221027-6.jpeg","morenews-large":"https:\/\/pornuestrolaredo.com\/wp-content\/uploads\/2022\/10\/Stereo91-20221027-6.jpeg","morenews-medium":"https:\/\/pornuestrolaredo.com\/wp-content\/uploads\/2022\/10\/Stereo91-20221027-6.jpeg"},"magazineBlocksPostAuthor":{"name":"Redactor","avatar":"https:\/\/pornuestrolaredo.com\/wp-content\/litespeed\/avatar\/dca1d7ec750c399f025f23b0b314f4cf.jpg?ver=1777612120"},"magazineBlocksPostCommentsNumber":false,"magazineBlocksPostExcerpt":"NUEVO LAREDO.- Durante m\u00e1s de seis largos meses, Nuevo Laredo y casi toda la frontera norte de M\u00e9xico","magazineBlocksPostCategories":["Dos Laredos"],"magazineBlocksPostViewCount":122,"magazineBlocksPostReadTime":3,"magazine_blocks_featured_image_url":{"full":["https:\/\/pornuestrolaredo.com\/wp-content\/uploads\/2022\/10\/Stereo91-20221027-6.jpeg",1920,1080,false],"medium":["https:\/\/pornuestrolaredo.com\/wp-content\/uploads\/2022\/10\/Stereo91-20221027-6-300x169.jpeg",300,169,true],"thumbnail":["https:\/\/pornuestrolaredo.com\/wp-content\/uploads\/2022\/10\/Stereo91-20221027-6-150x150.jpeg",150,150,true]},"magazine_blocks_author":{"display_name":"Redactor","author_link":"https:\/\/pornuestrolaredo.com\/?author=1"},"magazine_blocks_comment":0,"magazine_blocks_author_image":"https:\/\/pornuestrolaredo.com\/wp-content\/litespeed\/avatar\/dca1d7ec750c399f025f23b0b314f4cf.jpg?ver=1777612120","magazine_blocks_category":"<a href=\"#\" class=\"category-link category-link-5\">Dos Laredos<\/a>","jetpack_publicize_connections":[],"featured_image_urls":{"full":["https:\/\/pornuestrolaredo.com\/wp-content\/uploads\/2022\/10\/Stereo91-20221027-6.jpeg",1920,1080,false],"thumbnail":["https:\/\/pornuestrolaredo.com\/wp-content\/uploads\/2022\/10\/Stereo91-20221027-6-150x150.jpeg",150,150,true],"medium":["https:\/\/pornuestrolaredo.com\/wp-content\/uploads\/2022\/10\/Stereo91-20221027-6-300x169.jpeg",300,169,true],"medium_large":["https:\/\/pornuestrolaredo.com\/wp-content\/uploads\/2022\/10\/Stereo91-20221027-6-768x432.jpeg",640,360,true],"large":["https:\/\/pornuestrolaredo.com\/wp-content\/uploads\/2022\/10\/Stereo91-20221027-6-1024x576.jpeg",640,360,true],"1536x1536":["https:\/\/pornuestrolaredo.com\/wp-content\/uploads\/2022\/10\/Stereo91-20221027-6-1536x864.jpeg",1536,864,true],"2048x2048":["https:\/\/pornuestrolaredo.com\/wp-content\/uploads\/2022\/10\/Stereo91-20221027-6.jpeg",1920,1080,false],"morenews-large":["https:\/\/pornuestrolaredo.com\/wp-content\/uploads\/2022\/10\/Stereo91-20221027-6.jpeg",825,464,false],"morenews-medium":["https:\/\/pornuestrolaredo.com\/wp-content\/uploads\/2022\/10\/Stereo91-20221027-6.jpeg",590,332,false]},"author_info":{"info":["Redactor"]},"category_info":"<a href=\"https:\/\/pornuestrolaredo.com\/?cat=5\" rel=\"category\">Dos Laredos<\/a>","tag_info":"Dos Laredos","comment_count":"0","jetpack_featured_media_url":"https:\/\/pornuestrolaredo.com\/wp-content\/uploads\/2022\/10\/Stereo91-20221027-6.jpeg","jetpack_sharing_enabled":true,"_links":{"self":[{"href":"https:\/\/pornuestrolaredo.com\/index.php?rest_route=\/wp\/v2\/posts\/774","targetHints":{"allow":["GET"]}}],"collection":[{"href":"https:\/\/pornuestrolaredo.com\/index.php?rest_route=\/wp\/v2\/posts"}],"about":[{"href":"https:\/\/pornuestrolaredo.com\/index.php?rest_route=\/wp\/v2\/types\/post"}],"author":[{"embeddable":true,"href":"https:\/\/pornuestrolaredo.com\/index.php?rest_route=\/wp\/v2\/users\/1"}],"replies":[{"embeddable":true,"href":"https:\/\/pornuestrolaredo.com\/index.php?rest_route=%2Fwp%2Fv2%2Fcomments&post=774"}],"version-history":[{"count":2,"href":"https:\/\/pornuestrolaredo.com\/index.php?rest_route=\/wp\/v2\/posts\/774\/revisions"}],"predecessor-version":[{"id":786,"href":"https:\/\/pornuestrolaredo.com\/index.php?rest_route=\/wp\/v2\/posts\/774\/revisions\/786"}],"wp:featuredmedia":[{"embeddable":true,"href":"https:\/\/pornuestrolaredo.com\/index.php?rest_route=\/wp\/v2\/media\/775"}],"wp:attachment":[{"href":"https:\/\/pornuestrolaredo.com\/index.php?rest_route=%2Fwp%2Fv2%2Fmedia&parent=774"}],"wp:term":[{"taxonomy":"category","embeddable":true,"href":"https:\/\/pornuestrolaredo.com\/index.php?rest_route=%2Fwp%2Fv2%2Fcategories&post=774"},{"taxonomy":"post_tag","embeddable":true,"href":"https:\/\/pornuestrolaredo.com\/index.php?rest_route=%2Fwp%2Fv2%2Ftags&post=774"}],"curies":[{"name":"wp","href":"https:\/\/api.w.org\/{rel}","templated":true}]}}