{"id":7907,"date":"2026-03-04T14:24:05","date_gmt":"2026-03-04T20:24:05","guid":{"rendered":"https:\/\/pornuestrolaredo.com\/?p=7907"},"modified":"2026-03-04T14:24:05","modified_gmt":"2026-03-04T20:24:05","slug":"realiza-eu-operaciones-contra-el-narco-dentro-de-ecuador","status":"publish","type":"post","link":"https:\/\/pornuestrolaredo.com\/?p=7907","title":{"rendered":"Realiza EU operaciones contra el narco dentro de Ecuador"},"content":{"rendered":"<p><strong>QUITO.- <\/strong>Fuerzas especiales estadounidenses y ecuatorianas iniciaron operaciones militares conjuntas con Estados Unidos en contra de la delincuencia organizada, considerada &#8220;organizaciones terroristas&#8221; dentro del territorio de Ecuador.<\/p>\n<blockquote><p>Iniciamos una nueva fase contra el narcoterrorismo y la miner\u00eda ilegal&#8221;, escribi\u00f3 el presidente ecuatoriano, Daniel Noboa, en un mensaje en la red X.<\/p><\/blockquote>\n<blockquote><p>En el mes de marzo haremos operaciones conjuntas con nuestros aliados de la regi\u00f3n, incluidos los Estados Unidos. La seguridad de los ecuatorianos es nuestra prioridad y lucharemos por obtener la paz en cada rinc\u00f3n del pa\u00eds&#8221;, agreg\u00f3.<\/p><\/blockquote>\n<p>El Comando Sur de Estados Unidos confirm\u00f3 los operativos.<\/p>\n<blockquote><p>El 3 de marzo, fuerzas militares ecuatorianas y estadounidenses lanzaron operaciones contra Organizaciones Terroristas Designadas en Ecuador. Estas operaciones son un claro ejemplo del compromiso de sus socios en Am\u00e9rica Latina y el Caribe para combatir el flagelo del narcoterrorismo&#8221;, se lee en un mensaje en la cuenta oficial del Comando Sur, en X.<\/p><\/blockquote>\n<p>En su texto, el Comando Sur incluye una cita de su comandante, general Francis L. Donovan, en el que valora favorablemente a los militares ecuatorianos.<\/p>\n<blockquote><p>Elogiamos a los hombres y mujeres de las Fuerzas Armadas ecuatorianas por su inquebrantable compromiso con esta lucha, demostrando coraje y determinaci\u00f3n a trav\u00e9s de acciones continuas contra los narcoterroristas en su pa\u00eds&#8221;.<\/p><\/blockquote>\n<p>El comando estadounidense, cuya \u00e1rea de responsabilidad abarca 31 pa\u00edses desde M\u00e9xico hasta el Cono Sur, incluyendo el Caribe, public\u00f3 un video en el que luego de mostrar el despegue de un helic\u00f3ptero se incluyen im\u00e1genes que parecen haber sido captadas desde el aire y con c\u00e1maras de visi\u00f3n nocturna y que muestran un sobrevuelo sobre un \u00e1rea en la que parecen desplazarse hombres armados.<\/p>\n<p>El Ministerio de Defensa de Ecuador inform\u00f3 en una declaraci\u00f3n que estaba trabajando con Estados Unidos en una operaci\u00f3n &#8220;ofensiva&#8221;, cuyos detalles son clasificados, inform\u00f3 Reuters.<\/p>\n<blockquote><p>Las Fuerzas Armadas de Ecuador seguiremos combatiendo con firmeza y aliados estrat\u00e9gicos al crimen organizado, por la seguridad de los ecuatorianos y el futuro en paz de nuestras familias&#8221;, dijo en un mensaje en X, esa dependencia del gobierno ecuatoriano.<\/p><\/blockquote>\n","protected":false},"excerpt":{"rendered":"<p>Los gobiernos estadounidense y ecuatoriano llaman \u2018organizaciones terroristas\u2019 a los traficantes de drogas <\/p>\n","protected":false},"author":1,"featured_media":7908,"comment_status":"closed","ping_status":"closed","sticky":false,"template":"","format":"aside","meta":{"_crdt_document":"","_jetpack_memberships_contains_paid_content":false,"footnotes":"","jetpack_publicize_message":"","jetpack_publicize_feature_enabled":true,"jetpack_social_post_already_shared":true,"jetpack_social_options":{"image_generator_settings":{"template":"highway","default_image_id":0,"font":"","enabled":false},"version":2},"_wpas_customize_per_network":false},"categories":[9],"tags":[],"class_list":["post-7907","post","type-post","status-publish","format-aside","has-post-thumbnail","hentry","category-el-mundo","post_format-post-format-aside"],"magazineBlocksPostFeaturedMedia":{"thumbnail":"https:\/\/pornuestrolaredo.com\/wp-content\/uploads\/2026\/03\/Stereo91-20260304-3-150x150.png","medium":"https:\/\/pornuestrolaredo.com\/wp-content\/uploads\/2026\/03\/Stereo91-20260304-3-300x169.png","medium_large":"https:\/\/pornuestrolaredo.com\/wp-content\/uploads\/2026\/03\/Stereo91-20260304-3-768x433.png","large":"https:\/\/pornuestrolaredo.com\/wp-content\/uploads\/2026\/03\/Stereo91-20260304-3.png","1536x1536":"https:\/\/pornuestrolaredo.com\/wp-content\/uploads\/2026\/03\/Stereo91-20260304-3.png","2048x2048":"https:\/\/pornuestrolaredo.com\/wp-content\/uploads\/2026\/03\/Stereo91-20260304-3.png","morenews-large":"https:\/\/pornuestrolaredo.com\/wp-content\/uploads\/2026\/03\/Stereo91-20260304-3-825x507.png","morenews-medium":"https:\/\/pornuestrolaredo.com\/wp-content\/uploads\/2026\/03\/Stereo91-20260304-3-590x410.png"},"magazineBlocksPostAuthor":{"name":"Redactor","avatar":"https:\/\/pornuestrolaredo.com\/wp-content\/litespeed\/avatar\/dca1d7ec750c399f025f23b0b314f4cf.jpg?ver=1777007253"},"magazineBlocksPostCommentsNumber":false,"magazineBlocksPostExcerpt":"Los gobiernos estadounidense y ecuatoriano llaman \u2018organizaciones terroristas\u2019 a los traficantes de drogas ","magazineBlocksPostCategories":["El Mundo"],"magazineBlocksPostViewCount":43,"magazineBlocksPostReadTime":2,"magazine_blocks_featured_image_url":{"full":["https:\/\/pornuestrolaredo.com\/wp-content\/uploads\/2026\/03\/Stereo91-20260304-3.png",900,507,false],"medium":["https:\/\/pornuestrolaredo.com\/wp-content\/uploads\/2026\/03\/Stereo91-20260304-3-300x169.png",300,169,true],"thumbnail":["https:\/\/pornuestrolaredo.com\/wp-content\/uploads\/2026\/03\/Stereo91-20260304-3-150x150.png",150,150,true]},"magazine_blocks_author":{"display_name":"Redactor","author_link":"https:\/\/pornuestrolaredo.com\/?author=1"},"magazine_blocks_comment":0,"magazine_blocks_author_image":"https:\/\/pornuestrolaredo.com\/wp-content\/litespeed\/avatar\/dca1d7ec750c399f025f23b0b314f4cf.jpg?ver=1777007253","magazine_blocks_category":"<a href=\"#\" class=\"category-link category-link-9\">El Mundo<\/a>","jetpack_publicize_connections":[],"featured_image_urls":{"full":["https:\/\/pornuestrolaredo.com\/wp-content\/uploads\/2026\/03\/Stereo91-20260304-3.png",900,507,false],"thumbnail":["https:\/\/pornuestrolaredo.com\/wp-content\/uploads\/2026\/03\/Stereo91-20260304-3-150x150.png",150,150,true],"medium":["https:\/\/pornuestrolaredo.com\/wp-content\/uploads\/2026\/03\/Stereo91-20260304-3-300x169.png",300,169,true],"medium_large":["https:\/\/pornuestrolaredo.com\/wp-content\/uploads\/2026\/03\/Stereo91-20260304-3-768x433.png",640,361,true],"large":["https:\/\/pornuestrolaredo.com\/wp-content\/uploads\/2026\/03\/Stereo91-20260304-3.png",640,361,false],"1536x1536":["https:\/\/pornuestrolaredo.com\/wp-content\/uploads\/2026\/03\/Stereo91-20260304-3.png",900,507,false],"2048x2048":["https:\/\/pornuestrolaredo.com\/wp-content\/uploads\/2026\/03\/Stereo91-20260304-3.png",900,507,false],"morenews-large":["https:\/\/pornuestrolaredo.com\/wp-content\/uploads\/2026\/03\/Stereo91-20260304-3-825x507.png",825,507,true],"morenews-medium":["https:\/\/pornuestrolaredo.com\/wp-content\/uploads\/2026\/03\/Stereo91-20260304-3-590x410.png",590,410,true]},"author_info":{"info":["Redactor"]},"category_info":"<a href=\"https:\/\/pornuestrolaredo.com\/?cat=9\" rel=\"category\">El Mundo<\/a>","tag_info":"El Mundo","comment_count":"0","jetpack_featured_media_url":"https:\/\/pornuestrolaredo.com\/wp-content\/uploads\/2026\/03\/Stereo91-20260304-3.png","jetpack_sharing_enabled":true,"_links":{"self":[{"href":"https:\/\/pornuestrolaredo.com\/index.php?rest_route=\/wp\/v2\/posts\/7907","targetHints":{"allow":["GET"]}}],"collection":[{"href":"https:\/\/pornuestrolaredo.com\/index.php?rest_route=\/wp\/v2\/posts"}],"about":[{"href":"https:\/\/pornuestrolaredo.com\/index.php?rest_route=\/wp\/v2\/types\/post"}],"author":[{"embeddable":true,"href":"https:\/\/pornuestrolaredo.com\/index.php?rest_route=\/wp\/v2\/users\/1"}],"replies":[{"embeddable":true,"href":"https:\/\/pornuestrolaredo.com\/index.php?rest_route=%2Fwp%2Fv2%2Fcomments&post=7907"}],"version-history":[{"count":1,"href":"https:\/\/pornuestrolaredo.com\/index.php?rest_route=\/wp\/v2\/posts\/7907\/revisions"}],"predecessor-version":[{"id":7909,"href":"https:\/\/pornuestrolaredo.com\/index.php?rest_route=\/wp\/v2\/posts\/7907\/revisions\/7909"}],"wp:featuredmedia":[{"embeddable":true,"href":"https:\/\/pornuestrolaredo.com\/index.php?rest_route=\/wp\/v2\/media\/7908"}],"wp:attachment":[{"href":"https:\/\/pornuestrolaredo.com\/index.php?rest_route=%2Fwp%2Fv2%2Fmedia&parent=7907"}],"wp:term":[{"taxonomy":"category","embeddable":true,"href":"https:\/\/pornuestrolaredo.com\/index.php?rest_route=%2Fwp%2Fv2%2Fcategories&post=7907"},{"taxonomy":"post_tag","embeddable":true,"href":"https:\/\/pornuestrolaredo.com\/index.php?rest_route=%2Fwp%2Fv2%2Ftags&post=7907"}],"curies":[{"name":"wp","href":"https:\/\/api.w.org\/{rel}","templated":true}]}}